{"id":4974,"date":"2014-03-26T16:23:13","date_gmt":"2014-03-26T16:23:13","guid":{"rendered":"http:\/\/gdlfashion.com\/?p=4974"},"modified":"2014-04-01T23:40:46","modified_gmt":"2014-04-01T23:40:46","slug":"festival-cultural-de-tequila-2014","status":"publish","type":"post","link":"https:\/\/gdlfashion.com\/?p=4974","title":{"rendered":"Festival Cultural de Tequila 2014"},"content":{"rendered":"<p><b>EL FESTIVAL CULTURAL DE TEQUILA, ORGANIZADO POR LA FUNDACI\u00d3N JOS\u00c9 CUERVO, CELEBRA ESTE A\u00d1O SU D\u00c9CIMA EDICI\u00d3N.<\/b><\/p>\n<p><b>El Festival se llevar\u00e1 a cabo los d\u00edas 4, 5 y 6 de abril del 2014 y presentar\u00e1 diversos espect\u00e1culos y actividades culturales en el Foro Jos\u00e9 Cuervo de la Hacienda \u201cLa Roje\u00f1a\u201d y en la Plaza P\u00fablica de Tequila, Jalisco.\u00a0<\/b><\/p>\n<p><a href=\"http:\/\/gdlfashion.com\/wp-content\/uploads\/2014\/03\/IMAGEN-CUERVO-2014-2.jpg\"><img loading=\"lazy\" decoding=\"async\" class=\"aligncenter\" alt=\"IMAGEN CUERVO 2014\" src=\"http:\/\/gdlfashion.com\/wp-content\/uploads\/2014\/03\/IMAGEN-CUERVO-2014-2-300x300.jpg\" width=\"300\" height=\"300\" \/><\/a>PARA CELEBRAR NUESTRO D\u00c9CIMO ANIVERSARIO decidimos hacer un recuento de lo mejor que se ha presentado en el Foro Jos\u00e9 Cuervo y nos dimos cuenta de que en estos diez a\u00f1os se han presentado grupos muy importantes de Brasil, Espa\u00f1a, Francia, Canad\u00e1, Argentina y muchos otros paises m\u00e1s, pero finalmente, lo m\u00e1s importante que hemos logrado ha sido el desarollo, crecimiento y calidad que ha alcanzado el CORO DE TEQUILA, por lo que este a\u00f1o decidimos presentar tres espect\u00e1culos que nos permiten mostrar el trabajo de varios de los alumnos y maestros de nuestra Escuela de M\u00fasica lo que nos llena de orgullo y satisfacci\u00f3n.<\/p>\n<p><a href=\"http:\/\/gdlfashion.com\/wp-content\/uploads\/2014\/03\/PROGRAMA-1.jpg\"><img loading=\"lazy\" decoding=\"async\" class=\"size-medium wp-image-4976 alignleft\" alt=\"PROGRAMA 1\" src=\"http:\/\/gdlfashion.com\/wp-content\/uploads\/2014\/03\/PROGRAMA-1-205x300.jpg\" width=\"205\" height=\"300\" srcset=\"https:\/\/gdlfashion.com\/wp-content\/uploads\/2014\/03\/PROGRAMA-1-205x300.jpg 205w, https:\/\/gdlfashion.com\/wp-content\/uploads\/2014\/03\/PROGRAMA-1-700x1024.jpg 700w, https:\/\/gdlfashion.com\/wp-content\/uploads\/2014\/03\/PROGRAMA-1-37x55.jpg 37w, https:\/\/gdlfashion.com\/wp-content\/uploads\/2014\/03\/PROGRAMA-1-300x438.jpg 300w, https:\/\/gdlfashion.com\/wp-content\/uploads\/2014\/03\/PROGRAMA-1.jpg 1535w\" sizes=\"(max-width: 205px) 100vw, 205px\" \/><\/a>Para la inauguraci\u00f3n de la d\u00e9cima edici\u00f3n del Festival, hicimos un gran esfuerzo de producci\u00f3n para presentar la \u00f3pera \u201cLA FLAUTA M\u00c1GICA\u201d de W. A. MOZART donde se muestra el trabajo de un conjunto de alumnos salidos de nuestra Escuela, presentando en el elenco a <b>Benito Rodr\u00edguez, joven tenor de Jalisco <\/b>egresado de nuestro coro y que actualmente se encuentra estudiando en New York\u2014becado por la Fundaci\u00f3n Jos\u00e9 Cuervo\u2014 Asimismo, en esta puesta en escena habr\u00e1 otros solistas que provienen de la Escuela que son Andrea y Omar Flores, y por \u00faltimo se presentar\u00e1n tres ni\u00f1os del Coro que han sido seleccionados y entrenados directamente por el director de la Escuela, Maestro Allen Vladimir G\u00f3mez.<\/p>\n<p>El segundo d\u00eda del Festival, ZOFI ZARO, joven promesa de la m\u00fasica pop mexicana actuar\u00e1 en el escenario del FORO CUERVO, el cual ser\u00e1 la plataforma de lanzamiento de esta valiosa artista emergente, quien desde sus inicios, a\u00f1os atr\u00e1s, como estudiante de m\u00fasica y canto de Guadalajara vino varias veces a cantar a la plaza p\u00fablica de Tequila donde fuimos testigos de su crecimiento y consolidaci\u00f3n; hoy vemos con orgullo c\u00f3mo esta jovencita, ya profesional, presenta su primer disco <i>Huellas<\/i>, con lo que inicia su largo, pero \u2013esperamos- mete\u00f3rico camino al \u00e9xito. En esta ocasi\u00f3n est\u00e1 acompa\u00f1ada por el ensamble FANDANGO, grupo con una gran trayectoria en las artes esc\u00e9nicas.<\/p>\n<p>Para el fin de fiesta, en nuestro tercer d\u00eda de Festival decidimos presentar al grupo de Rock \u201cAllison\u201d, j\u00f3venes m\u00fasicos mexicanos, con un estilo propio y una gran fuerza interpretativa, que se distingen entre los artistas de su generaci\u00f3n por su gran talento, aseguran un espect\u00e1culo que tambi\u00e9n estar\u00e1 en el gusto del p\u00fablico.<\/p>\n<p>&nbsp;<\/p>\n<div id=\"fb-root\"><\/div>\n<p><script type=\"text\/javascript\">\/\/ <![CDATA[\n(function(d, s, id) { var js, fjs = d.getElementsByTagName(s)[0]; if (d.getElementById(id)) return; js = d.createElement(s); js.id = id; js.src = \"\/\/connect.facebook.net\/es_LA\/all.js#xfbml=1\"; fjs.parentNode.insertBefore(js, fjs); }(document, 'script', 'facebook-jssdk'));\n\/\/ ]]><\/script><\/p>\n<div class=\"fb-post\" data-href=\"https:\/\/www.facebook.com\/media\/set\/?set=a.625495364194097.1073742010.270492669694370&amp;type=1\" data-width=\"466\">\n<div class=\"fb-xfbml-parse-ignore\"><a href=\"https:\/\/www.facebook.com\/media\/set\/?set=a.625495364194097.1073742010.270492669694370&amp;type=1\">Publicaci\u00f3n<\/a> by <a href=\"https:\/\/www.facebook.com\/GdlFashion\">GdlFashion<\/a>.<\/div>\n<\/div>\n","protected":false},"excerpt":{"rendered":"<p>EL FESTIVAL CULTURAL DE TEQUILA, ORGANIZADO POR LA FUNDACI\u00d3N JOS\u00c9 CUERVO, CELEBRA ESTE A\u00d1O SU D\u00c9CIMA EDICI\u00d3N. El Festival se&hellip;<\/p>\n","protected":false},"author":2,"featured_media":4977,"comment_status":"closed","ping_status":"closed","sticky":false,"template":"","format":"standard","meta":{"footnotes":""},"categories":[9,1],"tags":[261,19,36,20,404,405],"_links":{"self":[{"href":"https:\/\/gdlfashion.com\/index.php?rest_route=\/wp\/v2\/posts\/4974"}],"collection":[{"href":"https:\/\/gdlfashion.com\/index.php?rest_route=\/wp\/v2\/posts"}],"about":[{"href":"https:\/\/gdlfashion.com\/index.php?rest_route=\/wp\/v2\/types\/post"}],"author":[{"embeddable":true,"href":"https:\/\/gdlfashion.com\/index.php?rest_route=\/wp\/v2\/users\/2"}],"replies":[{"embeddable":true,"href":"https:\/\/gdlfashion.com\/index.php?rest_route=%2Fwp%2Fv2%2Fcomments&post=4974"}],"version-history":[{"count":1,"href":"https:\/\/gdlfashion.com\/index.php?rest_route=\/wp\/v2\/posts\/4974\/revisions"}],"predecessor-version":[{"id":4978,"href":"https:\/\/gdlfashion.com\/index.php?rest_route=\/wp\/v2\/posts\/4974\/revisions\/4978"}],"wp:featuredmedia":[{"embeddable":true,"href":"https:\/\/gdlfashion.com\/index.php?rest_route=\/wp\/v2\/media\/4977"}],"wp:attachment":[{"href":"https:\/\/gdlfashion.com\/index.php?rest_route=%2Fwp%2Fv2%2Fmedia&parent=4974"}],"wp:term":[{"taxonomy":"category","embeddable":true,"href":"https:\/\/gdlfashion.com\/index.php?rest_route=%2Fwp%2Fv2%2Fcategories&post=4974"},{"taxonomy":"post_tag","embeddable":true,"href":"https:\/\/gdlfashion.com\/index.php?rest_route=%2Fwp%2Fv2%2Ftags&post=4974"}],"curies":[{"name":"wp","href":"https:\/\/api.w.org\/{rel}","templated":true}]}}