{"id":4950,"date":"2014-03-14T16:44:12","date_gmt":"2014-03-14T16:44:12","guid":{"rendered":"http:\/\/gdlfashion.com\/?p=4950"},"modified":"2014-03-20T16:22:52","modified_gmt":"2014-03-20T16:22:52","slug":"ios-offices-2do-piso","status":"publish","type":"post","link":"https:\/\/gdlfashion.com\/?p=4950","title":{"rendered":"IOS OFFICES 2do piso"},"content":{"rendered":"<h3>IOS Offices Guadalajara<\/h3>\n<p>&nbsp;<\/p>\n<div id=\"fb-root\"><\/div>\n<p><script type=\"text\/javascript\">\/\/ <![CDATA[\n(function(d, s, id) { var js, fjs = d.getElementsByTagName(s)[0]; if (d.getElementById(id)) return; js = d.createElement(s); js.id = id; js.src = \"\/\/connect.facebook.net\/es_LA\/all.js#xfbml=1\"; fjs.parentNode.insertBefore(js, fjs); }(document, 'script', 'facebook-jssdk'));\n\/\/ ]]><\/script><\/p>\n<div class=\"fb-post\" data-href=\"https:\/\/www.facebook.com\/media\/set\/?set=a.619715521438748.1073741996.270492669694370&amp;type=1\" data-width=\"466\">\n<div class=\"fb-xfbml-parse-ignore\"><a href=\"https:\/\/www.facebook.com\/media\/set\/?set=a.619715521438748.1073741996.270492669694370&amp;type=1\">Publicaci\u00f3n<\/a> by <a href=\"https:\/\/www.facebook.com\/GdlFashion\">GdlFashion<\/a>.<\/div>\n<\/div>\n<p>&nbsp;<\/p>\n<p>llev\u00f3 a cabo la apertura\u00a0 de su segundo piso de oficinas equipadas en renta, creciendo a\u00a0 2,200 metros de oficinas equipadas, con los m\u00e1s altos est\u00e1ndares de calidad en servicio, infraestructura y tecnolog\u00eda a nivel mundial.<\/p>\n<p>IOS Offices Guadalajara se encuentra ubicado en el exclusivo edificio Andares Corporativo Patria formando parte del desarrollo inmobiliario\u00a0 de mayor reconocimiento en el Occidente del pa\u00eds; Plaza Andares, un lugar donde se re\u00fane lo m\u00e1s sobresaliente de la moda, tecnolog\u00eda, gastronom\u00eda, arte, cultura, entretenimiento y por supuesto los negocios.<\/p>\n<p>Durante el evento se cont\u00f3 con la presencia de m\u00e1s de 150 invitados entre amigos y socios IOS, los cuales\u00a0 estuvieron disfrutando la m\u00fasica de un DJ, despu\u00e9s de un saxofonista quien deleit\u00f3 la noche con m\u00fasica de jazz\u00a0 y degustando unos deliciosos bocadillos, acompa\u00f1ados de un excelente caf\u00e9 patrocinado por Nespresso \u00f3 de un buen tequila patrocinado por Tequila El Ausente.<\/p>\n<p>&nbsp;<\/p>\n<p>Entre los asistentes, se cont\u00f3 con\u00a0 la presencia de la Directora de Promoci\u00f3n a la Inversi\u00f3n y Comercio Exterior de Zapopan, Vanessa P\u00e9rez y el presidente de Entrepreneurs Organization, Francisco Rodriguez de la Mora.<\/p>\n<p>IOS Offices como siempre,\u00a0 feliz de compartir con todos su expansi\u00f3n y crecimiento en la segunda ciudad mas importante de M\u00e9xico.<\/p>\n","protected":false},"excerpt":{"rendered":"<p>IOS Offices Guadalajara &nbsp; Publicaci\u00f3n by GdlFashion. &nbsp; llev\u00f3 a cabo la apertura\u00a0 de su segundo piso de oficinas equipadas&hellip;<\/p>\n","protected":false},"author":2,"featured_media":4951,"comment_status":"closed","ping_status":"closed","sticky":false,"template":"","format":"standard","meta":{"footnotes":""},"categories":[9,1],"tags":[144,403,19,36,20,402,384],"_links":{"self":[{"href":"https:\/\/gdlfashion.com\/index.php?rest_route=\/wp\/v2\/posts\/4950"}],"collection":[{"href":"https:\/\/gdlfashion.com\/index.php?rest_route=\/wp\/v2\/posts"}],"about":[{"href":"https:\/\/gdlfashion.com\/index.php?rest_route=\/wp\/v2\/types\/post"}],"author":[{"embeddable":true,"href":"https:\/\/gdlfashion.com\/index.php?rest_route=\/wp\/v2\/users\/2"}],"replies":[{"embeddable":true,"href":"https:\/\/gdlfashion.com\/index.php?rest_route=%2Fwp%2Fv2%2Fcomments&post=4950"}],"version-history":[{"count":1,"href":"https:\/\/gdlfashion.com\/index.php?rest_route=\/wp\/v2\/posts\/4950\/revisions"}],"predecessor-version":[{"id":4952,"href":"https:\/\/gdlfashion.com\/index.php?rest_route=\/wp\/v2\/posts\/4950\/revisions\/4952"}],"wp:featuredmedia":[{"embeddable":true,"href":"https:\/\/gdlfashion.com\/index.php?rest_route=\/wp\/v2\/media\/4951"}],"wp:attachment":[{"href":"https:\/\/gdlfashion.com\/index.php?rest_route=%2Fwp%2Fv2%2Fmedia&parent=4950"}],"wp:term":[{"taxonomy":"category","embeddable":true,"href":"https:\/\/gdlfashion.com\/index.php?rest_route=%2Fwp%2Fv2%2Fcategories&post=4950"},{"taxonomy":"post_tag","embeddable":true,"href":"https:\/\/gdlfashion.com\/index.php?rest_route=%2Fwp%2Fv2%2Ftags&post=4950"}],"curies":[{"name":"wp","href":"https:\/\/api.w.org\/{rel}","templated":true}]}}