{"id":4943,"date":"2014-03-14T16:02:45","date_gmt":"2014-03-14T16:02:45","guid":{"rendered":"http:\/\/gdlfashion.com\/?p=4943"},"modified":"2014-03-20T16:24:00","modified_gmt":"2014-03-20T16:24:00","slug":"kick-off-embajadores","status":"publish","type":"post","link":"https:\/\/gdlfashion.com\/?p=4943","title":{"rendered":"Kick off embajadores"},"content":{"rendered":"<h3>Black Coffee Gallery<\/h3>\n<p>&nbsp;<\/p>\n<div id=\"fb-root\"><\/div>\n<p><script type=\"text\/javascript\">\/\/ <![CDATA[\n(function(d, s, id) { var js, fjs = d.getElementsByTagName(s)[0]; if (d.getElementById(id)) return; js = d.createElement(s); js.id = id; js.src = \"\/\/connect.facebook.net\/es_LA\/all.js#xfbml=1\"; fjs.parentNode.insertBefore(js, fjs); }(document, 'script', 'facebook-jssdk'));\n\/\/ ]]><\/script><\/p>\n<div class=\"fb-post\" data-href=\"https:\/\/www.facebook.com\/GdlFashion\/photos\/a.619691491441151.1073741994.270492669694370\/619692164774417\/?type=1\" data-width=\"466\">\n<div class=\"fb-xfbml-parse-ignore\"><a href=\"https:\/\/www.facebook.com\/GdlFashion\/photos\/a.619691491441151.1073741994.270492669694370\/619692164774417\/?type=1\">Publicaci\u00f3n<\/a> by <a href=\"https:\/\/www.facebook.com\/GdlFashion\">GdlFashion<\/a>.<\/div>\n<\/div>\n<p>&nbsp;<\/p>\n<p>Black Coffee Gallery es una empresa mexicana cuya esencia fusiona el arte y la tradici\u00f3n cafetalera de M\u00e9xico, llevando la calidad de sus productos y servicios a otros \u00e1mbitos, como el compromiso con la Fundaci\u00f3n Black Coffee Gallery.<\/p>\n<p>En este sentido, el pasado mi\u00e9rcoles 26 febrero, en el establecimiento que la cadena tiene en Plaza\u00a0 Andares, Black Coffee Gallery integr\u00f3 a su equipo a 14 embajadores para representar la marca, quienes son encargados de transmitir los valores de la cafeter\u00eda.<\/p>\n<p>Al evento acudieron Alfredo Soriano, CEO de la empresa; Daniel G\u00f3mez \u00c1lvarez, \u00c1ngeles Gonz\u00e1lez (quien estuvo a cargo de la cata de caf\u00e9), entre otras figuras; asimismo, cada embajador recibi\u00f3 un Libro V Aniversario Black Coffee Gallery, una taza, bolsas de caf\u00e9 con Mezcla de la casa, Caf\u00e9 de Veracruz y Caf\u00e9 Oaxaca; una postal, un booklet con Loyalty Card personalizada y una sudadera de Fundaci\u00f3n Black Coffee Gallery.<\/p>\n","protected":false},"excerpt":{"rendered":"<p>Black Coffee Gallery &nbsp; Publicaci\u00f3n by GdlFashion. &nbsp; Black Coffee Gallery es una empresa mexicana cuya esencia fusiona el arte&hellip;<\/p>\n","protected":false},"author":2,"featured_media":4944,"comment_status":"closed","ping_status":"closed","sticky":false,"template":"","format":"standard","meta":{"footnotes":""},"categories":[9,1],"tags":[401,19,36,20],"_links":{"self":[{"href":"https:\/\/gdlfashion.com\/index.php?rest_route=\/wp\/v2\/posts\/4943"}],"collection":[{"href":"https:\/\/gdlfashion.com\/index.php?rest_route=\/wp\/v2\/posts"}],"about":[{"href":"https:\/\/gdlfashion.com\/index.php?rest_route=\/wp\/v2\/types\/post"}],"author":[{"embeddable":true,"href":"https:\/\/gdlfashion.com\/index.php?rest_route=\/wp\/v2\/users\/2"}],"replies":[{"embeddable":true,"href":"https:\/\/gdlfashion.com\/index.php?rest_route=%2Fwp%2Fv2%2Fcomments&post=4943"}],"version-history":[{"count":1,"href":"https:\/\/gdlfashion.com\/index.php?rest_route=\/wp\/v2\/posts\/4943\/revisions"}],"predecessor-version":[{"id":4945,"href":"https:\/\/gdlfashion.com\/index.php?rest_route=\/wp\/v2\/posts\/4943\/revisions\/4945"}],"wp:featuredmedia":[{"embeddable":true,"href":"https:\/\/gdlfashion.com\/index.php?rest_route=\/wp\/v2\/media\/4944"}],"wp:attachment":[{"href":"https:\/\/gdlfashion.com\/index.php?rest_route=%2Fwp%2Fv2%2Fmedia&parent=4943"}],"wp:term":[{"taxonomy":"category","embeddable":true,"href":"https:\/\/gdlfashion.com\/index.php?rest_route=%2Fwp%2Fv2%2Fcategories&post=4943"},{"taxonomy":"post_tag","embeddable":true,"href":"https:\/\/gdlfashion.com\/index.php?rest_route=%2Fwp%2Fv2%2Ftags&post=4943"}],"curies":[{"name":"wp","href":"https:\/\/api.w.org\/{rel}","templated":true}]}}