{"id":4938,"date":"2014-03-13T16:24:12","date_gmt":"2014-03-13T16:24:12","guid":{"rendered":"http:\/\/gdlfashion.com\/?p=4938"},"modified":"2014-03-20T16:24:39","modified_gmt":"2014-03-20T16:24:39","slug":"audi-center-lopez-mateos-a-la-vanguardia","status":"publish","type":"post","link":"https:\/\/gdlfashion.com\/?p=4938","title":{"rendered":"Audi Center L\u00f3pez Mateos a la vanguardia"},"content":{"rendered":"<h3><span style=\"line-height: 1.5em;\">\u00a0Liderazgo en autos, tecnolog\u00eda y arquitectura<\/span><\/h3>\n<p>&nbsp;<\/p>\n<div id=\"fb-root\"><\/div>\n<p><script type=\"text\/javascript\">\/\/ <![CDATA[\n(function(d, s, id) { var js, fjs = d.getElementsByTagName(s)[0]; if (d.getElementById(id)) return; js = d.createElement(s); js.id = id; js.src = \"\/\/connect.facebook.net\/es_LA\/all.js#xfbml=1\"; fjs.parentNode.insertBefore(js, fjs); }(document, 'script', 'facebook-jssdk'));\n\/\/ ]]><\/script><\/p>\n<div class=\"fb-post\" data-href=\"https:\/\/www.facebook.com\/media\/set\/?set=a.619223551487945.1073741989.270492669694370&amp;type=1\" data-width=\"466\">\n<div class=\"fb-xfbml-parse-ignore\"><a href=\"https:\/\/www.facebook.com\/media\/set\/?set=a.619223551487945.1073741989.270492669694370&amp;type=1\">Publicaci\u00f3n<\/a> by <a href=\"https:\/\/www.facebook.com\/GdlFashion\">GdlFashion<\/a>.<\/div>\n<\/div>\n<p>&nbsp;<\/p>\n<p>Como lna filosof\u00eda innovadora que caracteriza a la marca alemana, Grupo ABG inaugur\u00f3 la Audi Center L\u00f3pez Mateos con el concepto arquitect\u00f3nico Terminal, que \u00a0existe en urbes como Dub\u00e1i, \u00c1msterdam y Nueva York, convirti\u00e9ndose en el primero del occidente mexicanoUna impresionante estructura met\u00e1lica envuelve a la construcci\u00f3n, las ventanas presentan cortes diagonales y los muros tienen l\u00edneas curvas, lo que forma un escenario id\u00f3neo para exhibir los productos de Audi M\u00e9xico.Audi Center L\u00f3pez Mateos, ubicado frente a la glorieta de La Estampida, tiene tres pisos, 4,650 metros cuadrados de construcci\u00f3n, puede exhibir 17 unidades y su \u00e1rea de servicios es capaz de recibir 40 autom\u00f3viles cada d\u00eda.As\u00ed, en el lugar de dise\u00f1o futurista, m\u00e1s de 400 invitados apreciaron los modelos S de Audi, presenciaron varios performances, disfrutaron los canap\u00e9s de P.F. Chang\u00b4s y las bebidas de Casa Jos\u00e9 Cuervo, quienes patrocinaron el evento.<\/p>\n<p>&nbsp;<\/p>\n<p>Entre las importantes figuras que estuvieron presentes, destacaron el Lic. Oskar Beckmann, Director General de Grupo ABG; el Lic. Mauricio Nicolau, Director Operativo de Grupo ABG; Mr. Glendinnig, Vicepresidente Ejecutivo Marketing y Miembro Ejecutivo VW M\u00e9xico; el Sr. Walter Hanek, Director Corporativo de Audi de M\u00e9xico, as\u00ed como \u00a0Ramiro Garc\u00eda, Presidente Municipal de Guadalajara.<\/p>\n","protected":false},"excerpt":{"rendered":"<p>\u00a0Liderazgo en autos, tecnolog\u00eda y arquitectura &nbsp; Publicaci\u00f3n by GdlFashion. &nbsp; Como lna filosof\u00eda innovadora que caracteriza a la marca&hellip;<\/p>\n","protected":false},"author":2,"featured_media":4939,"comment_status":"closed","ping_status":"closed","sticky":false,"template":"","format":"standard","meta":{"footnotes":""},"categories":[9,1],"tags":[395,135,19,36,397,20,396],"_links":{"self":[{"href":"https:\/\/gdlfashion.com\/index.php?rest_route=\/wp\/v2\/posts\/4938"}],"collection":[{"href":"https:\/\/gdlfashion.com\/index.php?rest_route=\/wp\/v2\/posts"}],"about":[{"href":"https:\/\/gdlfashion.com\/index.php?rest_route=\/wp\/v2\/types\/post"}],"author":[{"embeddable":true,"href":"https:\/\/gdlfashion.com\/index.php?rest_route=\/wp\/v2\/users\/2"}],"replies":[{"embeddable":true,"href":"https:\/\/gdlfashion.com\/index.php?rest_route=%2Fwp%2Fv2%2Fcomments&post=4938"}],"version-history":[{"count":1,"href":"https:\/\/gdlfashion.com\/index.php?rest_route=\/wp\/v2\/posts\/4938\/revisions"}],"predecessor-version":[{"id":4940,"href":"https:\/\/gdlfashion.com\/index.php?rest_route=\/wp\/v2\/posts\/4938\/revisions\/4940"}],"wp:featuredmedia":[{"embeddable":true,"href":"https:\/\/gdlfashion.com\/index.php?rest_route=\/wp\/v2\/media\/4939"}],"wp:attachment":[{"href":"https:\/\/gdlfashion.com\/index.php?rest_route=%2Fwp%2Fv2%2Fmedia&parent=4938"}],"wp:term":[{"taxonomy":"category","embeddable":true,"href":"https:\/\/gdlfashion.com\/index.php?rest_route=%2Fwp%2Fv2%2Fcategories&post=4938"},{"taxonomy":"post_tag","embeddable":true,"href":"https:\/\/gdlfashion.com\/index.php?rest_route=%2Fwp%2Fv2%2Ftags&post=4938"}],"curies":[{"name":"wp","href":"https:\/\/api.w.org\/{rel}","templated":true}]}}