{"id":4830,"date":"2014-02-10T22:13:50","date_gmt":"2014-02-10T22:13:50","guid":{"rendered":"http:\/\/gdlfashion.com\/?p=4830"},"modified":"2014-02-10T22:23:24","modified_gmt":"2014-02-10T22:23:24","slug":"guadalajara-cumpleanera-moderna","status":"publish","type":"post","link":"https:\/\/gdlfashion.com\/?p=4830","title":{"rendered":"Guadalajara, cumplea\u00f1era moderna"},"content":{"rendered":"<p align=\"JUSTIFY\"><span style=\"font-family: Calibri, serif;\">\u00a1Festejo de la m\u00e1s mexicana de las ciudades!<\/span><\/p>\n<p align=\"JUSTIFY\"><a href=\"http:\/\/gdlfashion.com\/wp-content\/uploads\/2014\/02\/GdlFashionFeb5.jpg\"><img loading=\"lazy\" decoding=\"async\" class=\"alignnone size-medium wp-image-4831\" alt=\"GdlFashionFeb5\" src=\"http:\/\/gdlfashion.com\/wp-content\/uploads\/2014\/02\/GdlFashionFeb5-300x200.jpg\" width=\"300\" height=\"200\" srcset=\"https:\/\/gdlfashion.com\/wp-content\/uploads\/2014\/02\/GdlFashionFeb5-300x200.jpg 300w, https:\/\/gdlfashion.com\/wp-content\/uploads\/2014\/02\/GdlFashionFeb5-1024x682.jpg 1024w, https:\/\/gdlfashion.com\/wp-content\/uploads\/2014\/02\/GdlFashionFeb5-321x214.jpg 321w, https:\/\/gdlfashion.com\/wp-content\/uploads\/2014\/02\/GdlFashionFeb5-140x94.jpg 140w\" sizes=\"(max-width: 300px) 100vw, 300px\" \/><\/a><\/p>\n<p align=\"JUSTIFY\">Guadalajara, en tus 472 a\u00f1os<\/p>\n<p align=\"JUSTIFY\"><span style=\"font-family: Calibri, serif;\">Por Mtro. Ram\u00f3n God\u00ednez Ortiz, Director de Turismo de Guadalajara<\/span><\/p>\n<p align=\"JUSTIFY\"><span style=\"font-family: Calibri, serif;\">Esa que huele a pura tierra mojada, la ciudad se\u00f1orial y moderna, la metr\u00f3poli que despide a sus visitantes con la frase que dice: \u201cUna estancia agradable es garant\u00eda de regreso\u201d, esa es Guadalajara, la de Jalisco, la de M\u00e9xico, que no la de Espa\u00f1a, aunque all\u00e1 exista otra, sino la que este a\u00f1o cumple 472 a\u00f1os de su fundaci\u00f3n por personajes hoy ilustres como Crist\u00f3bal de O\u00f1ate y Beatriz Hern\u00e1ndez.<\/span><\/p>\n<p align=\"JUSTIFY\">\u00a0<span style=\"font-family: Calibri, serif;\">La llamada Perla de Occidente se yergue en el Valle de Atemajac mirando hacia el futuro con una poblaci\u00f3n joven, orgullosos de ser tapat\u00edos y con muchas ganas de seguir adelante. Es una gran metr\u00f3poli, principal centro social y econ\u00f3mico de la regi\u00f3n centro-occidente de M\u00e9xico; la ciudad en s\u00ed mezcla lo antiguo con lo moderno en una manera armoniosa, la ciudad no pierde su cultura y ni su sabor antiguo que le caracteriza.<a href=\"http:\/\/gdlfashion.com\/wp-content\/uploads\/2014\/02\/960263_472835046126797_1235465968_n.jpg\"><img loading=\"lazy\" decoding=\"async\" class=\"size-full wp-image-4832 alignright\" alt=\"960263_472835046126797_1235465968_n\" src=\"http:\/\/gdlfashion.com\/wp-content\/uploads\/2014\/02\/960263_472835046126797_1235465968_n.jpg\" width=\"254\" height=\"143\" \/><\/a><\/span><\/p>\n<p align=\"JUSTIFY\">\u00a0<span style=\"font-family: Calibri, serif;\">La marca tur\u00edstica de la ciudad es, sin duda, la Catedral Metropolitana: cuando alguien piensa en Guadalajara, a la memoria viene este atractivo monumental, con su par de torres de 65 metros, que fue construida en 1561 a petici\u00f3n del Rey de Espa\u00f1a, Felipe II.<\/span><\/p>\n<p style=\"text-align: right;\" align=\"JUSTIFY\">\u00a0<span style=\"font-family: Calibri, serif;\">Por cierto, una urbe se conoce caminando. Los recorridos a pie que ofrece la Direcci\u00f3n de Turismo de la ciudad son muy recomendables, ya que los dan gu\u00edas especializados que mantienen siempre la atenci\u00f3n de los visitantes. Comienzan en Palacio Municipal, despu\u00e9s cruzan avenida Alcalde para admirar las 22 estatuas de los Jaliscienses Ilustres y, luego, entrar a la mencionada Catedral. Despu\u00e9s los llevan a Plaza de Armas, a Palacio de Gobierno, al Teatro Degollado, a la Plaza Tapat\u00eda; bajan y se adentran al Mercado de San Juan de Dios, el m\u00e1s grande en Latinoam\u00e9rica y, hablando de grandeza, y terminan en el Instituto Cultural Caba\u00f1as, antes Hospicio, hoy \u00edcono de la Guadalajara tradicional y moderna, y tambi\u00e9n Patrimonio de la Humanidad desde 1997.<a href=\"http:\/\/gdlfashion.com\/wp-content\/uploads\/2014\/02\/270149_472835562793412_273962363_n.jpg\"><img loading=\"lazy\" decoding=\"async\" class=\"alignleft\" alt=\"270149_472835562793412_273962363_n\" src=\"http:\/\/gdlfashion.com\/wp-content\/uploads\/2014\/02\/270149_472835562793412_273962363_n-225x300.jpg\" width=\"225\" height=\"300\" \/><\/a><\/span><\/p>\n<p style=\"text-align: left;\" align=\"JUSTIFY\"><span style=\"font-family: Calibri, serif;\">Adem\u00e1s de estos atractivos, podemos mencionar a Los Arcos de Vallarta, la Glorieta Minerva, el nuevo Puente Atirantado, el Zool\u00f3gico Guadalajara y un sinf\u00edn de bellezas que bien vale la pena visitar.<\/span><\/p>\n<p align=\"JUSTIFY\">\u00a0<span style=\"font-family: Calibri, serif;\">Hoy en d\u00eda, a Guadalajara llegan visitantes por motivos de negocios, expos, congresos y convenciones. El recinto ferial Expo Guadalajara es el principal espacio para exposiciones: con 119,419m2 de construcci\u00f3n, es el m\u00e1s grande de M\u00e9xico y el primero en Latinoam\u00e9rica, y representa casi el 80% de las llegadas a la ciudad, aunque cada vez m\u00e1s cobra m\u00e1s importancia nuevamente el turismo de ocio y recreaci\u00f3n que visita la capital jalisciense.<\/span><\/p>\n<p align=\"JUSTIFY\">\u00a0<span style=\"font-family: Calibri, serif;\">Febrero 14 es D\u00eda del Amor y de la Amistad, pero para nosotros, los orgullosos habitantes de esta hermosa ciudad, representa otro aniversario m\u00e1s de su fundaci\u00f3n y, como cada a\u00f1o, nos complace mostrar a M\u00e9xico y al mundo la ciudad del mariachi, el tequila, la charrer\u00eda, la Capital Joyera de Am\u00e9rica, la moda, los zapatos de dama, sede de la Ciudad Creativa Digital, las mujeres m\u00e1s bonitas y tambi\u00e9n, \u00bfpor qu\u00e9 no?, la mejor ciudad para invertir, para vivir y para visitar.<\/span>\u00a0<a href=\"http:\/\/gdlfashion.com\/wp-content\/uploads\/2014\/02\/DSC00583.jpg\"><img loading=\"lazy\" decoding=\"async\" class=\"alignnone size-medium wp-image-4834\" alt=\"SONY DSC\" src=\"http:\/\/gdlfashion.com\/wp-content\/uploads\/2014\/02\/DSC00583-300x200.jpg\" width=\"300\" height=\"200\" srcset=\"https:\/\/gdlfashion.com\/wp-content\/uploads\/2014\/02\/DSC00583-300x200.jpg 300w, https:\/\/gdlfashion.com\/wp-content\/uploads\/2014\/02\/DSC00583-321x214.jpg 321w, https:\/\/gdlfashion.com\/wp-content\/uploads\/2014\/02\/DSC00583-140x94.jpg 140w, https:\/\/gdlfashion.com\/wp-content\/uploads\/2014\/02\/DSC00583.jpg 1022w\" sizes=\"(max-width: 300px) 100vw, 300px\" \/><\/a><\/p>\n<p align=\"JUSTIFY\"><a name=\"_GoBack\"><\/a><span style=\"font-family: Calibri, serif;\">\u00a1Enhorabuena, Guadalajara, en tus 472 a\u00f1os!<\/span><\/p>\n<p>&nbsp;<\/p>\n","protected":false},"excerpt":{"rendered":"<p>\u00a1Festejo de la m\u00e1s mexicana de las ciudades! Guadalajara, en tus 472 a\u00f1os Por Mtro. Ram\u00f3n God\u00ednez Ortiz, Director de&hellip;<\/p>\n","protected":false},"author":2,"featured_media":4834,"comment_status":"closed","ping_status":"closed","sticky":false,"template":"","format":"standard","meta":{"footnotes":""},"categories":[3],"tags":[350,349,347,348,261,19,36,20,182],"_links":{"self":[{"href":"https:\/\/gdlfashion.com\/index.php?rest_route=\/wp\/v2\/posts\/4830"}],"collection":[{"href":"https:\/\/gdlfashion.com\/index.php?rest_route=\/wp\/v2\/posts"}],"about":[{"href":"https:\/\/gdlfashion.com\/index.php?rest_route=\/wp\/v2\/types\/post"}],"author":[{"embeddable":true,"href":"https:\/\/gdlfashion.com\/index.php?rest_route=\/wp\/v2\/users\/2"}],"replies":[{"embeddable":true,"href":"https:\/\/gdlfashion.com\/index.php?rest_route=%2Fwp%2Fv2%2Fcomments&post=4830"}],"version-history":[{"count":5,"href":"https:\/\/gdlfashion.com\/index.php?rest_route=\/wp\/v2\/posts\/4830\/revisions"}],"predecessor-version":[{"id":4839,"href":"https:\/\/gdlfashion.com\/index.php?rest_route=\/wp\/v2\/posts\/4830\/revisions\/4839"}],"wp:featuredmedia":[{"embeddable":true,"href":"https:\/\/gdlfashion.com\/index.php?rest_route=\/wp\/v2\/media\/4834"}],"wp:attachment":[{"href":"https:\/\/gdlfashion.com\/index.php?rest_route=%2Fwp%2Fv2%2Fmedia&parent=4830"}],"wp:term":[{"taxonomy":"category","embeddable":true,"href":"https:\/\/gdlfashion.com\/index.php?rest_route=%2Fwp%2Fv2%2Fcategories&post=4830"},{"taxonomy":"post_tag","embeddable":true,"href":"https:\/\/gdlfashion.com\/index.php?rest_route=%2Fwp%2Fv2%2Ftags&post=4830"}],"curies":[{"name":"wp","href":"https:\/\/api.w.org\/{rel}","templated":true}]}}