{"id":4772,"date":"2014-02-05T22:11:06","date_gmt":"2014-02-05T22:11:06","guid":{"rendered":"http:\/\/gdlfashion.com\/?p=4772"},"modified":"2014-02-05T22:11:06","modified_gmt":"2014-02-05T22:11:06","slug":"cumple-de-3","status":"publish","type":"post","link":"https:\/\/gdlfashion.com\/?p=4772","title":{"rendered":"Cumple de 3"},"content":{"rendered":"<h3>\u00f7\u00a0Amigos y tequila<\/h3>\n<p>&nbsp;<\/p>\n<div id=\"fb-root\"><\/div>\n<p> <script>(function(d, s, id) { var js, fjs = d.getElementsByTagName(s)[0]; if (d.getElementById(id)) return; js = d.createElement(s); js.id = id; js.src = \"\/\/connect.facebook.net\/es_LA\/all.js#xfbml=1\"; fjs.parentNode.insertBefore(js, fjs); }(document, 'script', 'facebook-jssdk'));<\/script><\/p>\n<div class=\"fb-post\" data-href=\"https:\/\/www.facebook.com\/media\/set\/?set=a.600884199988547.1073741976.270492669694370&amp;type=1\" data-width=\"466\">\n<div class=\"fb-xfbml-parse-ignore\"><a href=\"https:\/\/www.facebook.com\/media\/set\/?set=a.600884199988547.1073741976.270492669694370&amp;type=1\">Publicaci\u00f3n<\/a> por <a href=\"https:\/\/www.facebook.com\/GdlFashion\">GdlFashion<\/a>.<\/div>\n<\/div>\n<p>&nbsp;<\/p>\n<p>Marifer Koloffon, Memo Villarreal y Andr\u00e9s\u00a0de la Madrid unieron sus celebraciones de\u00a0cumplea\u00f1os en un mismo lugar, lo cual fue\u00a0una fiesta en verdad inolvidable, pues el fue en La<\/p>\n<p>Real Licorer\u00eda \u2013tan de moda entre la sociedad\u00a0tapat\u00eda- con 300 invitados.<\/p>\n<p>El dress code del evento fue hipster y las\u00a0bebidas fueron cortes\u00eda de Tequila Herradura -que obsequi\u00f3 botellas- y Heineken, adem\u00e1s<\/p>\n<p>que los festejados fueron convidados con\u00a0cocteles especiales preparados por Hans\u00a0Gerardy y fueron repartidos shots a los \u00a0dem\u00e1s asistentes. Y la m\u00fasica tambi\u00e9n fue\u00a0sensacional, ya que toc\u00f3 DJ Dakota.<\/p>\n<p>Cabe se\u00f1alar que Memo Villarreal cumpli\u00f3\u00a031 a\u00f1os; Marifer Koloffon, 22; mientras\u00a0que Andr\u00e9s cumpli\u00f3 26.<\/p>\n","protected":false},"excerpt":{"rendered":"<p>\u00f7\u00a0Amigos y tequila &nbsp; Publicaci\u00f3n por GdlFashion. &nbsp; Marifer Koloffon, Memo Villarreal y Andr\u00e9s\u00a0de la Madrid unieron sus celebraciones de\u00a0cumplea\u00f1os&hellip;<\/p>\n","protected":false},"author":2,"featured_media":4773,"comment_status":"closed","ping_status":"closed","sticky":false,"template":"","format":"standard","meta":{"footnotes":""},"categories":[9,1],"tags":[325],"_links":{"self":[{"href":"https:\/\/gdlfashion.com\/index.php?rest_route=\/wp\/v2\/posts\/4772"}],"collection":[{"href":"https:\/\/gdlfashion.com\/index.php?rest_route=\/wp\/v2\/posts"}],"about":[{"href":"https:\/\/gdlfashion.com\/index.php?rest_route=\/wp\/v2\/types\/post"}],"author":[{"embeddable":true,"href":"https:\/\/gdlfashion.com\/index.php?rest_route=\/wp\/v2\/users\/2"}],"replies":[{"embeddable":true,"href":"https:\/\/gdlfashion.com\/index.php?rest_route=%2Fwp%2Fv2%2Fcomments&post=4772"}],"version-history":[{"count":1,"href":"https:\/\/gdlfashion.com\/index.php?rest_route=\/wp\/v2\/posts\/4772\/revisions"}],"predecessor-version":[{"id":4774,"href":"https:\/\/gdlfashion.com\/index.php?rest_route=\/wp\/v2\/posts\/4772\/revisions\/4774"}],"wp:featuredmedia":[{"embeddable":true,"href":"https:\/\/gdlfashion.com\/index.php?rest_route=\/wp\/v2\/media\/4773"}],"wp:attachment":[{"href":"https:\/\/gdlfashion.com\/index.php?rest_route=%2Fwp%2Fv2%2Fmedia&parent=4772"}],"wp:term":[{"taxonomy":"category","embeddable":true,"href":"https:\/\/gdlfashion.com\/index.php?rest_route=%2Fwp%2Fv2%2Fcategories&post=4772"},{"taxonomy":"post_tag","embeddable":true,"href":"https:\/\/gdlfashion.com\/index.php?rest_route=%2Fwp%2Fv2%2Ftags&post=4772"}],"curies":[{"name":"wp","href":"https:\/\/api.w.org\/{rel}","templated":true}]}}