{"id":4766,"date":"2014-02-05T21:43:12","date_gmt":"2014-02-05T21:43:12","guid":{"rendered":"http:\/\/gdlfashion.com\/?p=4766"},"modified":"2014-02-05T21:43:12","modified_gmt":"2014-02-05T21:43:12","slug":"festejo-cheo-hernandez","status":"publish","type":"post","link":"https:\/\/gdlfashion.com\/?p=4766","title":{"rendered":"Festejo Cheo Hern\u00e1ndez"},"content":{"rendered":"<h3>\u00a1Un cumplea\u00f1ero muy apreciado!<\/h3>\n<p>&nbsp;<\/p>\n<div id=\"fb-root\"><\/div>\n<p><script type=\"text\/javascript\">\/\/ <![CDATA[\n(function(d, s, id) { var js, fjs = d.getElementsByTagName(s)[0]; if (d.getElementById(id)) return; js = d.createElement(s); js.id = id; js.src = \"\/\/connect.facebook.net\/es_LA\/all.js#xfbml=1\"; fjs.parentNode.insertBefore(js, fjs); }(document, 'script', 'facebook-jssdk'));\n\/\/ ]]><\/script><\/p>\n<div class=\"fb-post\" data-href=\"https:\/\/www.facebook.com\/media\/set\/?set=a.600862246657409.1073741974.270492669694370&amp;type=1\" data-width=\"466\">\n<div class=\"fb-xfbml-parse-ignore\"><a href=\"https:\/\/www.facebook.com\/media\/set\/?set=a.600862246657409.1073741974.270492669694370&amp;type=1\">Publicaci\u00f3n<\/a> por <a href=\"https:\/\/www.facebook.com\/GdlFashion\">GdlFashion<\/a>.<\/div>\n<\/div>\n<p>&nbsp;<\/p>\n<p>El cumplea\u00f1os n\u00famero\u00a028 de Cheo Hernandez\u00a0estuvo espectacular:\u00a0para celebrarlo, se reunieron\u00a0figuras de la vida social tapat\u00eda,\u00a0quienes le demostraron\u00a0su aprecio y disfrutaron de la\u00a0estupenda fiesta.<\/p>\n<p>La reuni\u00f3n fue organizada\u00a0por Drea, los ritmos musicales\u00a0estuvieron a cargo de\u00a0DJ Choco y los canap\u00e9s estuvieron\u00a0a cargo de Banquetes<\/p>\n<p>del Castillo.<\/p>\n<p>As\u00ed, alrededor de 100 invitadospasaron excelentes\u00a0momentos junto al festejado.<\/p>\n<p>\u00a1Felicidades, Cheo!<\/p>\n","protected":false},"excerpt":{"rendered":"<p>\u00a1Un cumplea\u00f1ero muy apreciado! &nbsp; Publicaci\u00f3n por GdlFashion. &nbsp; El cumplea\u00f1os n\u00famero\u00a028 de Cheo Hernandez\u00a0estuvo espectacular:\u00a0para celebrarlo, se reunieron\u00a0figuras de&hellip;<\/p>\n","protected":false},"author":2,"featured_media":4767,"comment_status":"closed","ping_status":"closed","sticky":false,"template":"","format":"standard","meta":{"footnotes":""},"categories":[9],"tags":[324],"_links":{"self":[{"href":"https:\/\/gdlfashion.com\/index.php?rest_route=\/wp\/v2\/posts\/4766"}],"collection":[{"href":"https:\/\/gdlfashion.com\/index.php?rest_route=\/wp\/v2\/posts"}],"about":[{"href":"https:\/\/gdlfashion.com\/index.php?rest_route=\/wp\/v2\/types\/post"}],"author":[{"embeddable":true,"href":"https:\/\/gdlfashion.com\/index.php?rest_route=\/wp\/v2\/users\/2"}],"replies":[{"embeddable":true,"href":"https:\/\/gdlfashion.com\/index.php?rest_route=%2Fwp%2Fv2%2Fcomments&post=4766"}],"version-history":[{"count":1,"href":"https:\/\/gdlfashion.com\/index.php?rest_route=\/wp\/v2\/posts\/4766\/revisions"}],"predecessor-version":[{"id":4768,"href":"https:\/\/gdlfashion.com\/index.php?rest_route=\/wp\/v2\/posts\/4766\/revisions\/4768"}],"wp:featuredmedia":[{"embeddable":true,"href":"https:\/\/gdlfashion.com\/index.php?rest_route=\/wp\/v2\/media\/4767"}],"wp:attachment":[{"href":"https:\/\/gdlfashion.com\/index.php?rest_route=%2Fwp%2Fv2%2Fmedia&parent=4766"}],"wp:term":[{"taxonomy":"category","embeddable":true,"href":"https:\/\/gdlfashion.com\/index.php?rest_route=%2Fwp%2Fv2%2Fcategories&post=4766"},{"taxonomy":"post_tag","embeddable":true,"href":"https:\/\/gdlfashion.com\/index.php?rest_route=%2Fwp%2Fv2%2Ftags&post=4766"}],"curies":[{"name":"wp","href":"https:\/\/api.w.org\/{rel}","templated":true}]}}