{"id":4748,"date":"2014-01-31T22:54:37","date_gmt":"2014-01-31T22:54:37","guid":{"rendered":"http:\/\/gdlfashion.com\/?p=4748"},"modified":"2014-01-31T23:12:24","modified_gmt":"2014-01-31T23:12:24","slug":"carnaval-de-mazatlan-2014","status":"publish","type":"post","link":"https:\/\/gdlfashion.com\/?p=4748","title":{"rendered":"Carnaval de Mazatlan 2014"},"content":{"rendered":"<h2 style=\"text-align: center;\">Litoralia La Piel del Mar<\/h2>\n<p>&nbsp;<\/p>\n<div id=\"fb-root\"><\/div>\n<p><script type=\"text\/javascript\">\/\/ <![CDATA[\n(function(d, s, id) { var js, fjs = d.getElementsByTagName(s)[0]; if (d.getElementById(id)) return; js = d.createElement(s); js.id = id; js.src = \"\/\/connect.facebook.net\/es_LA\/all.js#xfbml=1\"; fjs.parentNode.insertBefore(js, fjs); }(document, 'script', 'facebook-jssdk'));\n\/\/ ]]><\/script><\/p>\n<div class=\"fb-post\" data-href=\"https:\/\/www.facebook.com\/media\/set\/?set=a.598039493606351.1073741970.270492669694370&amp;type=1\" data-width=\"466\">\n<div class=\"fb-xfbml-parse-ignore\"><a href=\"https:\/\/www.facebook.com\/media\/set\/?set=a.598039493606351.1073741970.270492669694370&amp;type=1\">Publicaci\u00f3n<\/a> por <a href=\"https:\/\/www.facebook.com\/GdlFashion\">GdlFashion<\/a>.<\/div>\n<\/div>\n<p>&nbsp;<\/p>\n<p align=\"CENTER\"><span style=\"font-family: Arial, serif;\"><span style=\"font-size: medium;\"><b>Invitan a los jaliscienses al Carnaval Internacional de Mazatl\u00e1n<\/b><\/span><\/span><\/p>\n<ul>\n<li><span style=\"font-family: Arial, serif;\"><span style=\"font-size: medium;\">Se espera m\u00e1s de un mill\u00f3n y medio de visitantes<\/span><\/span><\/li>\n<li><span style=\"font-family: Arial, serif;\"><span style=\"font-size: medium;\">El arte, la cultura y el baile popular se conjugan en esta importante cita<\/span><\/span><\/li>\n<\/ul>\n<p align=\"JUSTIFY\"><span style=\"font-family: Arial, serif;\"><span style=\"font-size: medium;\">El Carnaval Internacional de Mazatl\u00e1n es una oportunidad para viajar a este puerto y disfrutar de sus costumbres y tradiciones durante la edici\u00f3n 116 del evento, se\u00f1al\u00f3 Karla Aguirre, del Instituto de Cultura, Turismo y Arte de este destino tur\u00edstico del Pac\u00edfico mexicano.<\/span><\/span><\/p>\n<p align=\"JUSTIFY\"><span style=\"font-family: Arial, serif;\"><span style=\"font-size: medium;\">Destac\u00f3 que esta festividad dejar\u00e1 una derrama econ\u00f3mica superior a los 550 millones de pesos, adem\u00e1s de generar m\u00e1s de ocho mil empleos directos e indirectos durante buena parte del a\u00f1o y en el transcurso del Carnaval, del 27 de febrero al 4 de marzo de este a\u00f1o.<\/span><\/span><\/p>\n<p align=\"JUSTIFY\"><span style=\"font-family: Arial, serif;\"><span style=\"font-size: medium;\">Al presentar de manera oficial el Carnaval Internacional de Mazatl\u00e1n en la capital jalisciense, Aguirre puntualiz\u00f3 que se espera m\u00e1s de un mill\u00f3n y medio de visitantes, sin descartar el incremento de personas oriundas de Durango, luego de la inauguraci\u00f3n de la s\u00faper carretera que conecta a esa entidad con Sinaloa, pues ahora se hacen dos horas y media de camino cuando anteriormente el trayecto era de seis hora en promedio.<\/span><\/span><\/p>\n<p align=\"JUSTIFY\">\u201c<span style=\"font-family: Arial, serif;\"><span style=\"font-size: medium;\">Cada a\u00f1o aumenta el n\u00famero de jaliscienses que acuden al Carnaval Internacional de Mazatl\u00e1n, pero definitivamente el mayor flujo de visitantes es de Baja California, Chihuahua, Sonora, Coahuila y Durango\u201d, manifest\u00f3.<\/span><\/span><\/p>\n<p align=\"JUSTIFY\"><span style=\"font-family: Arial, serif;\"><span style=\"font-size: medium;\">En el encuentro con los medios de comunicaci\u00f3n locales celebrado este viernes, inform\u00f3 que el Carnaval Internacional de Mazatl\u00e1n se celebrar\u00e1 este a\u00f1o bajo el lema \u201cLitoralia: la piel del mar\u201d, destacando de \u00e9l sus multitudinarios desfiles de carros aleg\u00f3ricos, espect\u00e1culos art\u00edsticos de gran calado, la belleza de sus reinas, la fiesta frente al mar y los esperados juegos pirot\u00e9cnicos que iluminan la bah\u00eda. <\/span><\/span><\/p>\n<p align=\"JUSTIFY\"><span style=\"font-family: Arial, serif;\"><span style=\"font-size: medium;\">Este 2014, el Carnaval Internacional de Mazatl\u00e1n rendir\u00e1 homenaje a los grandes carnavales del mundo: Nueva Orleans, Brasil, Cuba y Venecia, y tendr\u00e1 como artistas invitados a grandes figuras del escenario internacional: Las Divas (triunfadoras en pa\u00edses de Europa, Asia y Am\u00e9rica), Belinda, Susana Zabaleta, Sasha, Benny y Erik, con el exitoso espect\u00e1culo \u201cPrimera Fila\u201d. <\/span><\/span><\/p>\n<p align=\"JUSTIFY\"><span style=\"font-family: Arial, serif;\"><span style=\"font-size: medium;\">Los seguidores del g\u00e9nero grupero recibir\u00e1n gratas sorpresas durante las noches de Carnaval junto al mar, con la actuaci\u00f3n de Banda El Recodo, Los Recoditos, Chuy Liz\u00e1rraga y su Banda Tierra Sinaloense, Hor\u00f3scopos de Durango, Banda Cohuich, Jorge Cordero y Banda de Mesillas. <\/span><\/span><\/p>\n<p align=\"JUSTIFY\"><span style=\"font-family: Arial, serif;\"><span style=\"font-size: medium;\">La m\u00e1xima fiesta de los mazatlecos se distingue de los carnavales del resto del mundo porque conjuga el arte, la cultura y el baile popular para gozo de los habitantes del puerto, turistas nacionales y extranjeros, que se vuelcan a las calles y al malec\u00f3n, y asisten en masa a las coronaciones <\/span><\/span><\/p>\n<p align=\"JUSTIFY\"><span style=\"font-family: Arial, serif;\"><span style=\"font-size: medium;\">Frente a las aguas del oc\u00e9ano Pac\u00edfico, un kil\u00f3metro y medio de malec\u00f3n y las calles adyacentes se cierran al tr\u00e1fico vehicular y durante cinco d\u00edas el Paseo Claussen y Olas Altas se transforman en una enorme pista de baile. <\/span><\/span><\/p>\n<p align=\"JUSTIFY\"><span style=\"font-family: Arial, serif;\"><span style=\"font-size: medium;\">El Gobierno de Mazatl\u00e1n, a trav\u00e9s del Instituto Municipal de Cultura, Turismo y Arte, organizador del Carnaval, ofrecer\u00e1 espect\u00e1culos esc\u00e9nicos a la altura de los grandes centros de entretenimiento internacional. <\/span><\/span><\/p>\n<p align=\"JUSTIFY\"><span style=\"font-family: Arial, serif;\"><span style=\"font-size: medium;\">El lema \u201cLitoralia: la piel del mar\u201d acu\u00f1a en sus letras el esp\u00edritu festivo de las costas donde cada a\u00f1o, previo a la Cuaresma, se gozan los mejores carnavales del mundo al son de la m\u00fasica y el baile.<\/span><\/span><\/p>\n<p align=\"JUSTIFY\"><span style=\"font-family: Arial, serif;\"><span style=\"font-size: medium;\">Durante la pr\u00f3xima edici\u00f3n del Carnaval de Mazatl\u00e1n, ciudad que canta y baila durante los 365 d\u00edas del calendario, volver\u00e1 a renacer el gusto por las artes y por la filigrana de los fuegos de artificio.\u00a0<\/span><\/span><\/p>\n<h6>V\u00eda:\u00a0<span style=\"font-size: xx-small;\"><b>COORDINACI\u00d3N DE COMUNICACI\u00d3N SOCIAL,\u00a0<\/b><\/span><span style=\"font-size: xx-small;\"><b>SECRETAR\u00cdA DE TURISMO,\u00a0<\/b><\/span><span style=\"font-size: xx-small;\"><b>GOBIERNO DE JALISCO<\/b><\/span><\/h6>\n","protected":false},"excerpt":{"rendered":"<p>Litoralia La Piel del Mar &nbsp; Publicaci\u00f3n por GdlFashion. &nbsp; Invitan a los jaliscienses al Carnaval Internacional de Mazatl\u00e1n Se&hellip;<\/p>\n","protected":false},"author":2,"featured_media":4749,"comment_status":"closed","ping_status":"closed","sticky":false,"template":"","format":"standard","meta":{"footnotes":""},"categories":[9,1],"tags":[275,277,37,36,20,279,278,276],"_links":{"self":[{"href":"https:\/\/gdlfashion.com\/index.php?rest_route=\/wp\/v2\/posts\/4748"}],"collection":[{"href":"https:\/\/gdlfashion.com\/index.php?rest_route=\/wp\/v2\/posts"}],"about":[{"href":"https:\/\/gdlfashion.com\/index.php?rest_route=\/wp\/v2\/types\/post"}],"author":[{"embeddable":true,"href":"https:\/\/gdlfashion.com\/index.php?rest_route=\/wp\/v2\/users\/2"}],"replies":[{"embeddable":true,"href":"https:\/\/gdlfashion.com\/index.php?rest_route=%2Fwp%2Fv2%2Fcomments&post=4748"}],"version-history":[{"count":3,"href":"https:\/\/gdlfashion.com\/index.php?rest_route=\/wp\/v2\/posts\/4748\/revisions"}],"predecessor-version":[{"id":4752,"href":"https:\/\/gdlfashion.com\/index.php?rest_route=\/wp\/v2\/posts\/4748\/revisions\/4752"}],"wp:featuredmedia":[{"embeddable":true,"href":"https:\/\/gdlfashion.com\/index.php?rest_route=\/wp\/v2\/media\/4749"}],"wp:attachment":[{"href":"https:\/\/gdlfashion.com\/index.php?rest_route=%2Fwp%2Fv2%2Fmedia&parent=4748"}],"wp:term":[{"taxonomy":"category","embeddable":true,"href":"https:\/\/gdlfashion.com\/index.php?rest_route=%2Fwp%2Fv2%2Fcategories&post=4748"},{"taxonomy":"post_tag","embeddable":true,"href":"https:\/\/gdlfashion.com\/index.php?rest_route=%2Fwp%2Fv2%2Ftags&post=4748"}],"curies":[{"name":"wp","href":"https:\/\/api.w.org\/{rel}","templated":true}]}}