{"id":4710,"date":"2014-01-25T04:32:07","date_gmt":"2014-01-25T04:32:07","guid":{"rendered":"http:\/\/gdlfashion.com\/?p=4710"},"modified":"2014-01-25T04:42:02","modified_gmt":"2014-01-25T04:42:02","slug":"hotel-de-hielo","status":"publish","type":"post","link":"https:\/\/gdlfashion.com\/?p=4710","title":{"rendered":"Hotel de Hielo"},"content":{"rendered":"<h2>Inicia la temporada del Hotel de Hielo en Canad\u00e1<\/h2>\n<p>Cierra el 23 de marzo<\/p>\n<p>&nbsp;<\/p>\n<div id=\"fb-root\"><\/div>\n<p><script type=\"text\/javascript\">\/\/ <![CDATA[\n(function(d, s, id) { var js, fjs = d.getElementsByTagName(s)[0]; if (d.getElementById(id)) return; js = d.createElement(s); js.id = id; js.src = \"\/\/connect.facebook.net\/es_LA\/all.js#xfbml=1\"; fjs.parentNode.insertBefore(js, fjs); }(document, 'script', 'facebook-jssdk'));\n\/\/ ]]><\/script><\/p>\n<div class=\"fb-post\" data-href=\"https:\/\/www.facebook.com\/media\/set\/?set=a.594412143969086.1073741967.270492669694370&amp;type=1\" data-width=\"466\">\n<div class=\"fb-xfbml-parse-ignore\"><a href=\"https:\/\/www.facebook.com\/media\/set\/?set=a.594412143969086.1073741967.270492669694370&amp;type=1\">Publicaci\u00f3n<\/a> por <a href=\"https:\/\/www.facebook.com\/GdlFashion\">GdlFashion<\/a>.<\/div>\n<\/div>\n<p>&nbsp;<\/p>\n<p>El 5 de enero inici\u00f3 la temporada del<strong>\u00a0Hotel de Hielo en Quebec,<\/strong>\u00a0el \u00fanico que existe en el continente americano.<strong>\u00a0Desde hace 14 a\u00f1os el alojamiento cambia de forma y tem\u00e1tica<\/strong>\u00a0y ahora se lanza con\u00a0<strong>\u201cMitos y leyendas del mundo\u201d.<\/strong>\u00a0Al atractivo hay que sumarle un tobog\u00e1n exterior gigante y pistas para raquetas de nieve.<\/p>\n<p><strong>El tema de este a\u00f1o explora las creencias de la humanidad<\/strong>, complejas, pero universales. \u201cLa nieve y el hielo proporcionan muchos modos creativos y originales para relatar estos cuentos tan fascinantes. \u00c9sta es verdaderamente una obra de artecambiante y ef\u00edmera\u201d, explica\u00a0<strong>Serge Peloquin, director art\u00edstico del Hotel de Hielo.<\/strong><\/p>\n<p>Se organizan visitas guiadas privadas, tras bambalinas, los s\u00e1bados y domingos (con reservaci\u00f3n), o durante la semana, en el caso de grupos, tambi\u00e9n con cita previa. El p\u00fablico descubre los secretos de la construcci\u00f3n y en el taller de hielo elabora su propia copa de hielo.<\/p>\n<p>La estructura, fabricada en nieve y hielo, cuenta con un \u00e1rea de calor (incluidos los ba\u00f1os y regaderas).<strong>\u00a0La temperatura en el interior puede descender a 20 grados bajo cero,<\/strong>\u00a0pero si a mitad de la noche no soportas el fr\u00edo o te arrepientes, hay caba\u00f1as con calefacci\u00f3n junto al hotel.<\/p>\n<p>Lo mejor es el deslumbrante chandelier, el\u00a0<strong>s\u00faper tobog\u00e1n, el bar de hielo<\/strong>, donde uno de los imperdibles es tomarse un coctel en brillantes copas de hielo, y sus\u00a0<strong>44 habitaciones y suites tem\u00e1ticas que lucen diferentes cada temporada.<\/strong><\/p>\n<p>Tambi\u00e9n se alquilan raquetas de nieve para hacer recorridos a trav\u00e9s de los bosques nevados.<strong>Existen numerosas pistas para recorrer un total de 4.5 kil\u00f3metros.<\/strong><\/p>\n<p>Las camas tambi\u00e9n son hechas de hielo, est\u00e1n provistas de un colch\u00f3n que a\u00edsla del fr\u00edo y pieles para dormir lo m\u00e1s calientito posible.<\/p>\n<p><a href=\"http:\/\/www.quebecregion.com\/en\/tourist-sites\/hotel-de-glace\">www.quebecregion.com\/en\/tourist-sites\/hotel-de-glace<\/a><\/p>\n<p>V\u00eda: El Universal<\/p>\n","protected":false},"excerpt":{"rendered":"<p>Inicia la temporada del Hotel de Hielo en Canad\u00e1 Cierra el 23 de marzo &nbsp; Publicaci\u00f3n por GdlFashion. &nbsp; El&hellip;<\/p>\n","protected":false},"author":2,"featured_media":4711,"comment_status":"closed","ping_status":"closed","sticky":false,"template":"","format":"standard","meta":{"footnotes":""},"categories":[1],"tags":[250,37,19,36,20,249,251,248,253,252],"_links":{"self":[{"href":"https:\/\/gdlfashion.com\/index.php?rest_route=\/wp\/v2\/posts\/4710"}],"collection":[{"href":"https:\/\/gdlfashion.com\/index.php?rest_route=\/wp\/v2\/posts"}],"about":[{"href":"https:\/\/gdlfashion.com\/index.php?rest_route=\/wp\/v2\/types\/post"}],"author":[{"embeddable":true,"href":"https:\/\/gdlfashion.com\/index.php?rest_route=\/wp\/v2\/users\/2"}],"replies":[{"embeddable":true,"href":"https:\/\/gdlfashion.com\/index.php?rest_route=%2Fwp%2Fv2%2Fcomments&post=4710"}],"version-history":[{"count":1,"href":"https:\/\/gdlfashion.com\/index.php?rest_route=\/wp\/v2\/posts\/4710\/revisions"}],"predecessor-version":[{"id":4712,"href":"https:\/\/gdlfashion.com\/index.php?rest_route=\/wp\/v2\/posts\/4710\/revisions\/4712"}],"wp:featuredmedia":[{"embeddable":true,"href":"https:\/\/gdlfashion.com\/index.php?rest_route=\/wp\/v2\/media\/4711"}],"wp:attachment":[{"href":"https:\/\/gdlfashion.com\/index.php?rest_route=%2Fwp%2Fv2%2Fmedia&parent=4710"}],"wp:term":[{"taxonomy":"category","embeddable":true,"href":"https:\/\/gdlfashion.com\/index.php?rest_route=%2Fwp%2Fv2%2Fcategories&post=4710"},{"taxonomy":"post_tag","embeddable":true,"href":"https:\/\/gdlfashion.com\/index.php?rest_route=%2Fwp%2Fv2%2Ftags&post=4710"}],"curies":[{"name":"wp","href":"https:\/\/api.w.org\/{rel}","templated":true}]}}