{"id":4703,"date":"2014-01-25T02:45:24","date_gmt":"2014-01-25T02:45:24","guid":{"rendered":"http:\/\/gdlfashion.com\/?p=4703"},"modified":"2014-01-25T02:45:24","modified_gmt":"2014-01-25T02:45:24","slug":"nueva-aerolinea-guadalajara-pto-vallarta","status":"publish","type":"post","link":"https:\/\/gdlfashion.com\/?p=4703","title":{"rendered":"Nueva Aerol\u00ednea Guadalajara &#8211; Pto Vallarta"},"content":{"rendered":"<h3 align=\"LEFT\"><span style=\"color: #000000;\"><span style=\"font-family: Arial, sans-serif;\"><span>Transportes A\u00e9reos Regionales TAR<\/span><\/span><\/span><\/h3>\n<p>&nbsp;<\/p>\n<div id=\"fb-root\"><\/div>\n<p><script type=\"text\/javascript\">\/\/ <![CDATA[\n(function(d, s, id) { var js, fjs = d.getElementsByTagName(s)[0]; if (d.getElementById(id)) return; js = d.createElement(s); js.id = id; js.src = \"\/\/connect.facebook.net\/es_LA\/all.js#xfbml=1\"; fjs.parentNode.insertBefore(js, fjs); }(document, 'script', 'facebook-jssdk'));\n\/\/ ]]><\/script><\/p>\n<div class=\"fb-post\" data-href=\"https:\/\/www.facebook.com\/media\/set\/?set=a.594337997309834.1073741966.270492669694370&amp;type=1\" data-width=\"466\">\n<div class=\"fb-xfbml-parse-ignore\"><a href=\"https:\/\/www.facebook.com\/media\/set\/?set=a.594337997309834.1073741966.270492669694370&amp;type=1\">Publicaci\u00f3n<\/a> por <a href=\"https:\/\/www.facebook.com\/GdlFashion\">GdlFashion<\/a>.<\/div>\n<\/div>\n<p>&nbsp;<\/p>\n<p><span style=\"color: #000000;\"><span style=\"font-family: Arial, sans-serif;\">En un una rueda de prensa en Santo Coyote, el Lic. Luis G\u00f3mez, presidente Ejecutivo y de Consejo de TAR, acompa\u00f1ado del Director de Planeaci\u00f3n de la Secretar\u00eda de Turismo de Jalisco, el doctor V\u00edctor Manuel Mijangos Castellanos, en representaci\u00f3n del titular de esta dependencia, Jes\u00fas Enrique Ramos Flores.<\/span><\/span><\/p>\n<p align=\"LEFT\"><span style=\"color: #000000;\"><span style=\"font-family: Arial, sans-serif;\">Dieron a conocer la nueva Aerol\u00ednea TAR (Transportes A\u00e9reos Regionales) Sus operaciones iniciar\u00e1n con una flota de tres aviones modelo Embraer RJ 145 y una inversi\u00f3n de 260 MDP; Volar\u00e1n seis d\u00edas a la semana, de Guadalajara a Puerto Vallarta \u00fanicamente con descansos el d\u00eda martes, con un precio inicial de 891 pesos por persona en viaje sencillo impuestos incluidos durante el primer mes, la tarifa despu\u00e9s ser\u00e1 de 1500 pesos.<\/span><\/span><\/p>\n<p align=\"LEFT\"><span style=\"color: #000000;\"><span style=\"font-family: Arial, sans-serif;\">Luis G\u00f3mez indic\u00f3 que la filosof\u00eda de esta l\u00ednea a\u00e9rea es brindar un servicio eficiente y que este se traduzca en un precio justo con el mejor servicio.<\/span><\/span><\/p>\n<p align=\"LEFT\"><span style=\"color: #000000;\"><span style=\"font-family: Arial, sans-serif;\">Mas informaci\u00f3n en su pagina web: http:\/\/tarmexico.com<\/span><\/span><\/p>\n","protected":false},"excerpt":{"rendered":"<p>Transportes A\u00e9reos Regionales TAR &nbsp; Publicaci\u00f3n por GdlFashion. &nbsp; En un una rueda de prensa en Santo Coyote, el Lic.&hellip;<\/p>\n","protected":false},"author":2,"featured_media":4704,"comment_status":"closed","ping_status":"closed","sticky":false,"template":"","format":"standard","meta":{"footnotes":""},"categories":[9,1],"tags":[37,36,20,245,246],"_links":{"self":[{"href":"https:\/\/gdlfashion.com\/index.php?rest_route=\/wp\/v2\/posts\/4703"}],"collection":[{"href":"https:\/\/gdlfashion.com\/index.php?rest_route=\/wp\/v2\/posts"}],"about":[{"href":"https:\/\/gdlfashion.com\/index.php?rest_route=\/wp\/v2\/types\/post"}],"author":[{"embeddable":true,"href":"https:\/\/gdlfashion.com\/index.php?rest_route=\/wp\/v2\/users\/2"}],"replies":[{"embeddable":true,"href":"https:\/\/gdlfashion.com\/index.php?rest_route=%2Fwp%2Fv2%2Fcomments&post=4703"}],"version-history":[{"count":1,"href":"https:\/\/gdlfashion.com\/index.php?rest_route=\/wp\/v2\/posts\/4703\/revisions"}],"predecessor-version":[{"id":4705,"href":"https:\/\/gdlfashion.com\/index.php?rest_route=\/wp\/v2\/posts\/4703\/revisions\/4705"}],"wp:featuredmedia":[{"embeddable":true,"href":"https:\/\/gdlfashion.com\/index.php?rest_route=\/wp\/v2\/media\/4704"}],"wp:attachment":[{"href":"https:\/\/gdlfashion.com\/index.php?rest_route=%2Fwp%2Fv2%2Fmedia&parent=4703"}],"wp:term":[{"taxonomy":"category","embeddable":true,"href":"https:\/\/gdlfashion.com\/index.php?rest_route=%2Fwp%2Fv2%2Fcategories&post=4703"},{"taxonomy":"post_tag","embeddable":true,"href":"https:\/\/gdlfashion.com\/index.php?rest_route=%2Fwp%2Fv2%2Ftags&post=4703"}],"curies":[{"name":"wp","href":"https:\/\/api.w.org\/{rel}","templated":true}]}}