{"id":4662,"date":"2014-01-14T00:18:01","date_gmt":"2014-01-14T00:18:01","guid":{"rendered":"http:\/\/gdlfashion.com\/?p=4662"},"modified":"2015-01-03T19:31:03","modified_gmt":"2015-01-03T19:31:03","slug":"gala-endeavor-occidente","status":"publish","type":"post","link":"https:\/\/gdlfashion.com\/?p=4662","title":{"rendered":"Gala Endeavor Occidente"},"content":{"rendered":"<h3>Reconocimiento a la labor empresarial de 2013<\/h3>\n<p>&nbsp;<\/p>\n<div id=\"fb-root\"><\/div>\n<p><script type=\"text\/javascript\">\/\/ <![CDATA[\n(function(d, s, id) { var js, fjs = d.getElementsByTagName(s)[0]; if (d.getElementById(id)) return; js = d.createElement(s); js.id = id; js.src = \"\/\/connect.facebook.net\/es_LA\/all.js#xfbml=1\"; fjs.parentNode.insertBefore(js, fjs); }(document, 'script', 'facebook-jssdk'));\n\/\/ ]]><\/script><\/p>\n<div class=\"fb-post\" data-href=\"https:\/\/www.facebook.com\/media\/set\/?set=a.588388597904774.1073741957.270492669694370&amp;type=1\" data-width=\"466\">\n<div class=\"fb-xfbml-parse-ignore\"><a href=\"https:\/\/www.facebook.com\/media\/set\/?set=a.588388597904774.1073741957.270492669694370&amp;type=1\">Publicaci\u00f3n<\/a> por <a href=\"https:\/\/www.facebook.com\/GdlFashion\">GdlFashion<\/a>.<\/div>\n<\/div>\n<p>&nbsp;<\/p>\n<p>Fue realizada la Cena de Gala Endeavor Occidente, evento de \u00edndole empresarial que tuvo como objeto reconocer la trayectoria y el liderazgo de empresarios y emprendedores jaliscienses destacados durante el a\u00f1o 2013.<\/p>\n<p>Endeavor es un organismo que agrupa a emprendedores y, mediante asesor\u00eda estrat\u00e9gica, les permite alcanzar el \u00e9xito empresarial para convertirse en un ejemplo a seguir, adem\u00e1s de generar crecimiento econ\u00f3mico sostenible que impacta directamente en el desarrollo de M\u00e9xico.<\/p>\n<p>As\u00ed, al evento acudieron m\u00e1s de 400 empresarios, entre quienes destac\u00f3 Felipe G\u00f3mez Fajardo, Presidente de Grupo Vida, cuya trayectoria en los negocios durante el a\u00f1o pasado fue reconocida.<\/p>\n<p>La Gala fue realizada en la Terraza de Andares, donde los invitados fueron recibidos con un coctel y una cena, hubo m\u00fasica en vivo y bebidas de Casa Herradura. Y para culminar el evento, fueron entregados los galardones.<\/p>\n<p>\u00a1Felicidades, a estos emprendedores exitosos, que hacen m\u00e1s importante a nuestra regi\u00f3n!<\/p>\n","protected":false},"excerpt":{"rendered":"<p>Reconocimiento a la labor empresarial de 2013 &nbsp; Publicaci\u00f3n por GdlFashion. &nbsp; Fue realizada la Cena de Gala Endeavor Occidente,&hellip;<\/p>\n","protected":false},"author":2,"featured_media":6374,"comment_status":"closed","ping_status":"closed","sticky":false,"template":"","format":"standard","meta":{"footnotes":""},"categories":[9],"tags":[406,37,226,19,36,407,20,33,51],"_links":{"self":[{"href":"https:\/\/gdlfashion.com\/index.php?rest_route=\/wp\/v2\/posts\/4662"}],"collection":[{"href":"https:\/\/gdlfashion.com\/index.php?rest_route=\/wp\/v2\/posts"}],"about":[{"href":"https:\/\/gdlfashion.com\/index.php?rest_route=\/wp\/v2\/types\/post"}],"author":[{"embeddable":true,"href":"https:\/\/gdlfashion.com\/index.php?rest_route=\/wp\/v2\/users\/2"}],"replies":[{"embeddable":true,"href":"https:\/\/gdlfashion.com\/index.php?rest_route=%2Fwp%2Fv2%2Fcomments&post=4662"}],"version-history":[{"count":1,"href":"https:\/\/gdlfashion.com\/index.php?rest_route=\/wp\/v2\/posts\/4662\/revisions"}],"predecessor-version":[{"id":4663,"href":"https:\/\/gdlfashion.com\/index.php?rest_route=\/wp\/v2\/posts\/4662\/revisions\/4663"}],"wp:featuredmedia":[{"embeddable":true,"href":"https:\/\/gdlfashion.com\/index.php?rest_route=\/wp\/v2\/media\/6374"}],"wp:attachment":[{"href":"https:\/\/gdlfashion.com\/index.php?rest_route=%2Fwp%2Fv2%2Fmedia&parent=4662"}],"wp:term":[{"taxonomy":"category","embeddable":true,"href":"https:\/\/gdlfashion.com\/index.php?rest_route=%2Fwp%2Fv2%2Fcategories&post=4662"},{"taxonomy":"post_tag","embeddable":true,"href":"https:\/\/gdlfashion.com\/index.php?rest_route=%2Fwp%2Fv2%2Ftags&post=4662"}],"curies":[{"name":"wp","href":"https:\/\/api.w.org\/{rel}","templated":true}]}}