{"id":4659,"date":"2014-01-14T00:07:55","date_gmt":"2014-01-14T00:07:55","guid":{"rendered":"http:\/\/gdlfashion.com\/?p=4659"},"modified":"2014-01-25T04:42:47","modified_gmt":"2014-01-25T04:42:47","slug":"una-fiesta-de-reyes-muy-tradicional","status":"publish","type":"post","link":"https:\/\/gdlfashion.com\/?p=4659","title":{"rendered":"Una Fiesta de Reyes muy Tradicional"},"content":{"rendered":"<h3><span style=\"color: #222222;\"><span style=\"font-family: Arial, serif;\"><span style=\"font-size: small;\">Tapat\u00edos se re\u00fanen en el bar de moda para comenzar las celebraciones Navide\u00f1as.<\/span><\/span><\/span><\/h3>\n<p>&nbsp;<\/p>\n<div id=\"fb-root\"><\/div>\n<p><script type=\"text\/javascript\">\/\/ <![CDATA[\n(function(d, s, id) { var js, fjs = d.getElementsByTagName(s)[0]; if (d.getElementById(id)) return; js = d.createElement(s); js.id = id; js.src = \"\/\/connect.facebook.net\/es_LA\/all.js#xfbml=1\"; fjs.parentNode.insertBefore(js, fjs); }(document, 'script', 'facebook-jssdk'));\n\/\/ ]]><\/script><\/p>\n<div class=\"fb-post\" data-href=\"https:\/\/www.facebook.com\/photo.php?fbid=588383124571988&amp;set=a.588382751238692.1073741956.270492669694370&amp;type=1\" data-width=\"466\">\n<div class=\"fb-xfbml-parse-ignore\"><a href=\"https:\/\/www.facebook.com\/photo.php?fbid=588383124571988&amp;set=a.588382751238692.1073741956.270492669694370&amp;type=1\">Publicaci\u00f3n<\/a> por <a href=\"https:\/\/www.facebook.com\/GdlFashion\">GdlFashion<\/a>.<\/div>\n<\/div>\n<p><span style=\"color: #222222;\"><span style=\"font-family: Arial, serif;\"><span style=\"font-size: small;\">Es bien conocido que hoy por hoy una de las cantinas con mayor auge y popularidad en la ciudad es Reyes Sal\u00f3n Cantina y es por eso que Cuervo Tradicional decidi\u00f3 celebrar con m\u00e1s 300 j\u00f3venes el comienzo de las fiestas decembrinas con una divertida posada convocada por Propom Relaciones P\u00fablicas. Ponche, shots de Tradicional congelados, tamales, bu\u00f1uelos y la participaci\u00f3n musical de los Rebeldes del Norte hicieron de la noche algo inolvidable. Entre los invitados pudimos ver a Paulina Cota, Carlos Ibarra, Mayis de Franco, Alexa Limber\u00f3pulos, Vivi Urrea, Ayari Anaya, Kalani Ochoa, Paola Topete, Sof\u00eda Jim\u00e9nez, Cesar Caudillo, Ana Lanczyner y algunos de los populares socios del lugar entre muchas caras conocidas quienes no dejaron de bailar hasta entrada la madrugada. Sin lugar a dudas una celebraci\u00f3n que dio pie a empezar las posadas con el pie derecho y convertirse en una de las #NuevasTradiciones de la marca.<\/span><\/span><\/span><\/p>\n","protected":false},"excerpt":{"rendered":"<p>Tapat\u00edos se re\u00fanen en el bar de moda para comenzar las celebraciones Navide\u00f1as. &nbsp; Publicaci\u00f3n por GdlFashion. Es bien conocido&hellip;<\/p>\n","protected":false},"author":2,"featured_media":4660,"comment_status":"closed","ping_status":"closed","sticky":false,"template":"","format":"standard","meta":{"footnotes":""},"categories":[9],"tags":[19,36,20,225,107,141,139],"_links":{"self":[{"href":"https:\/\/gdlfashion.com\/index.php?rest_route=\/wp\/v2\/posts\/4659"}],"collection":[{"href":"https:\/\/gdlfashion.com\/index.php?rest_route=\/wp\/v2\/posts"}],"about":[{"href":"https:\/\/gdlfashion.com\/index.php?rest_route=\/wp\/v2\/types\/post"}],"author":[{"embeddable":true,"href":"https:\/\/gdlfashion.com\/index.php?rest_route=\/wp\/v2\/users\/2"}],"replies":[{"embeddable":true,"href":"https:\/\/gdlfashion.com\/index.php?rest_route=%2Fwp%2Fv2%2Fcomments&post=4659"}],"version-history":[{"count":1,"href":"https:\/\/gdlfashion.com\/index.php?rest_route=\/wp\/v2\/posts\/4659\/revisions"}],"predecessor-version":[{"id":4661,"href":"https:\/\/gdlfashion.com\/index.php?rest_route=\/wp\/v2\/posts\/4659\/revisions\/4661"}],"wp:featuredmedia":[{"embeddable":true,"href":"https:\/\/gdlfashion.com\/index.php?rest_route=\/wp\/v2\/media\/4660"}],"wp:attachment":[{"href":"https:\/\/gdlfashion.com\/index.php?rest_route=%2Fwp%2Fv2%2Fmedia&parent=4659"}],"wp:term":[{"taxonomy":"category","embeddable":true,"href":"https:\/\/gdlfashion.com\/index.php?rest_route=%2Fwp%2Fv2%2Fcategories&post=4659"},{"taxonomy":"post_tag","embeddable":true,"href":"https:\/\/gdlfashion.com\/index.php?rest_route=%2Fwp%2Fv2%2Ftags&post=4659"}],"curies":[{"name":"wp","href":"https:\/\/api.w.org\/{rel}","templated":true}]}}