{"id":4636,"date":"2014-01-13T19:32:35","date_gmt":"2014-01-13T19:32:35","guid":{"rendered":"http:\/\/gdlfashion.com\/?p=4636"},"modified":"2014-01-15T14:39:35","modified_gmt":"2014-01-15T14:39:35","slug":"la-historia-de-max-glauben","status":"publish","type":"post","link":"https:\/\/gdlfashion.com\/?p=4636","title":{"rendered":"La historia de Max Glauben"},"content":{"rendered":"<div id=\"fb-root\">\n<h3>El crimen de ser jud\u00edo<\/h3>\n<p>&nbsp;<\/p>\n<div id=\"fb-root\"><\/div>\n<p><script type=\"text\/javascript\">\/\/ <![CDATA[\n(function(d, s, id) { var js, fjs = d.getElementsByTagName(s)[0]; if (d.getElementById(id)) return; js = d.createElement(s); js.id = id; js.src = \"\/\/connect.facebook.net\/es_LA\/all.js#xfbml=1\"; fjs.parentNode.insertBefore(js, fjs); }(document, 'script', 'facebook-jssdk'));\n\/\/ ]]><\/script><\/p>\n<div class=\"fb-post\" data-href=\"https:\/\/www.facebook.com\/media\/set\/?set=a.588274367916197.1073741951.270492669694370&amp;type=1\" data-width=\"466\">\n<div class=\"fb-xfbml-parse-ignore\"><a href=\"https:\/\/www.facebook.com\/media\/set\/?set=a.588274367916197.1073741951.270492669694370&amp;type=1\">Publicaci\u00f3n<\/a> por <a href=\"https:\/\/www.facebook.com\/GdlFashion\">GdlFashion<\/a>.<\/div>\n<\/div>\n<\/div>\n<div class=\"fb-post\" data-href=\"https:\/\/www.facebook.com\/media\/set\/?set=a.588274367916197.1073741951.270492669694370&amp;type=1\" data-width=\"466\">\n<div class=\"fb-xfbml-parse-ignore\">La escuela secundaria Michael Fossum de la ciudad de McAllen, tuvo el honor de recibir en su biblioteca a un personaje muy singular, un orador que vino a hablarle a algunos j\u00f3venes seleccionados sobre el amor, la tolerancia, la supervivencia y el perd\u00f3n.<\/div>\n<div class=\"fb-xfbml-parse-ignore\">\n<p>Max Glauben es un anciano de m\u00e1s de 80 a\u00f1os de edad, de tama\u00f1o peque\u00f1o y apariencia com\u00fan, sin embargo debajo de esa sonrisa franca, bajo el caminar lento, se esconde una incre\u00edble historia de valor y coraje.<\/p>\n<p>Max Glauben naci\u00f3 como Moniek Glauben en 1928 en la Varsovia pre comunista, su padre, periodista encargado y due\u00f1o del diario jud\u00edo de la localidad y su madre, ama de casa quien cuidaba al peque\u00f1o Max y a su hermano menor Heniek.<\/p>\n<p>Despu\u00e9s de la invasi\u00f3n nazi a Polonia en 1939, la prensa jud\u00eda fue erradicada y con ello el peri\u00f3dico de la familia Glauben y todos sus bienes.<\/p>\n<p>S\u00f3lo lograron conservar su casa y sus muebles pues en el barrio donde viv\u00edan se construy\u00f3 el gueto donde los jud\u00edos fueron encerrados.<\/p>\n<p>Esto fue parte del relato que dio el orador a los alumnos, Glauben fue el \u00fanico sobreviviente de su familia en los campos de concentraci\u00f3n alemanes, su historia como dice \u00e9l, fue mera suerte lo que lo llev\u00f3 a sobrevivir las inhumanas condiciones a las que fue sometido durante cinco a\u00f1os en los que estuvo preso por el \u201ccrimen\u201d de ser jud\u00edo.<\/p>\n<p>\u201cCuando nos movieron al campo de concentraci\u00f3n, yo ten\u00eda 10 a\u00f1os, nos separaron entre quienes pod\u00edan trabajar y quienes no, yo me fui con mi padre y mi hermano con mi madre, jam\u00e1s los volv\u00ed a ver\u201d.<\/p>\n<p>Glauben cont\u00f3 como durante cinco a\u00f1os fue movido a varios campos, en uno de ellos mataron a su padre. \u201cJam\u00e1s supe c\u00f3mo muri\u00f3, pues no dijeron que agach\u00e1ramos la cabeza, s\u00f3lo supe que estaba ah\u00ed tirado\u201d.<\/p>\n<p>No fue sino hasta 1945, cuando los alemanes en su hu\u00edda abandonaron a un peque\u00f1o grupo de prisioneros en medio del bosque, entre ellos Glauben, quienes d\u00edas despu\u00e9s fueron encontrados por una divisi\u00f3n de tanques estadounidenses.<\/p>\n<p>Despu\u00e9s de varios a\u00f1os, el hombre fue enviado a Estados Unidos donde sirvi\u00f3 durante la guerra de Corea para despu\u00e9s regresar a Dallas donde finalmente se cas\u00f3 y empez\u00f3 un negocio.<\/p>\n<p>Actualmente Glauben se dedica a viajar por todo el estado de Texas, visitando escuelas y hablando sobre su historia del Holocasuto.<\/p>\n<p>\u201cEstoy aqu\u00ed habl\u00e1ndoles de esto porque quiero que ustedes sepan sobre lo que pas\u00f3 y que cada que vean un abuso, lo denuncien, no se queden callados, ustedes son la nueva generaci\u00f3n \u201c.<\/p>\n<p>El sobreviviente mostr\u00f3 su tatuaje que indica que perteneci\u00f3 a un campo de concentraci\u00f3n.<\/p>\n<p>\u201cHay personas que intentan desconocer lo ocurrido en la guerra y negar la masacre de mi pueblo, el holocausto existi\u00f3 y creo que estoy aqu\u00ed porque Dios quiere que cuente mi historia y les digo a ustedes, imaginen mi historia, pero multipl\u00edquenla por las millones de personas que no pudieron estar aqu\u00ed, por los que murieron en los campos, yo ten\u00eda 10 a\u00f1os, no sab\u00eda de razas ni de guerras, mi \u00fanico crimen era ser jud\u00edo a los ojos de los nazis que cambiaron las leyes para hacer del Holocausto algo legal \u201d.<\/p>\n<p>Al final de la presentaci\u00f3n, los alumnos y maestros aplaudieron de pie a Glauben quien agradeci\u00f3 la invitaci\u00f3n.<\/p>\n<p>\u201cEl hecho de que me haya escuchado y me aplaudan es una buena se\u00f1al de que pusieron atenci\u00f3n, espero les sirva de algo mi relato\u201d y dijo bromeando \u201cespero tambi\u00e9n que de aqu\u00ed a 20 a\u00f1os, mientras ven su televisor en 5D, me llamen y me digan que las cosas mejoraron por qu\u00e9 no se quedaron callados ante una injusticia\u201d.<\/p>\n<p>Por Luis Su\u00f1er<\/p>\n<\/div>\n<\/div>\n","protected":false},"excerpt":{"rendered":"<p>El crimen de ser jud\u00edo &nbsp; Publicaci\u00f3n por GdlFashion. La escuela secundaria Michael Fossum de la ciudad de McAllen, tuvo&hellip;<\/p>\n","protected":false},"author":2,"featured_media":4639,"comment_status":"closed","ping_status":"closed","sticky":false,"template":"","format":"standard","meta":{"footnotes":""},"categories":[3],"tags":[37,19,36,20,223,224,26],"_links":{"self":[{"href":"https:\/\/gdlfashion.com\/index.php?rest_route=\/wp\/v2\/posts\/4636"}],"collection":[{"href":"https:\/\/gdlfashion.com\/index.php?rest_route=\/wp\/v2\/posts"}],"about":[{"href":"https:\/\/gdlfashion.com\/index.php?rest_route=\/wp\/v2\/types\/post"}],"author":[{"embeddable":true,"href":"https:\/\/gdlfashion.com\/index.php?rest_route=\/wp\/v2\/users\/2"}],"replies":[{"embeddable":true,"href":"https:\/\/gdlfashion.com\/index.php?rest_route=%2Fwp%2Fv2%2Fcomments&post=4636"}],"version-history":[{"count":2,"href":"https:\/\/gdlfashion.com\/index.php?rest_route=\/wp\/v2\/posts\/4636\/revisions"}],"predecessor-version":[{"id":4638,"href":"https:\/\/gdlfashion.com\/index.php?rest_route=\/wp\/v2\/posts\/4636\/revisions\/4638"}],"wp:featuredmedia":[{"embeddable":true,"href":"https:\/\/gdlfashion.com\/index.php?rest_route=\/wp\/v2\/media\/4639"}],"wp:attachment":[{"href":"https:\/\/gdlfashion.com\/index.php?rest_route=%2Fwp%2Fv2%2Fmedia&parent=4636"}],"wp:term":[{"taxonomy":"category","embeddable":true,"href":"https:\/\/gdlfashion.com\/index.php?rest_route=%2Fwp%2Fv2%2Fcategories&post=4636"},{"taxonomy":"post_tag","embeddable":true,"href":"https:\/\/gdlfashion.com\/index.php?rest_route=%2Fwp%2Fv2%2Ftags&post=4636"}],"curies":[{"name":"wp","href":"https:\/\/api.w.org\/{rel}","templated":true}]}}