{"id":3844,"date":"2013-12-08T14:52:32","date_gmt":"2013-12-08T14:52:32","guid":{"rendered":"http:\/\/gdlfashion.com\/?p=3844"},"modified":"2013-12-08T14:52:32","modified_gmt":"2013-12-08T14:52:32","slug":"la-imagen-publica-y-su-poder-de-influencia","status":"publish","type":"post","link":"https:\/\/gdlfashion.com\/?p=3844","title":{"rendered":"La imagen p\u00fablica y su poder de influencia"},"content":{"rendered":"<h2>Personalidad &amp; image<\/h2>\n<p>Por: Bulmaro Ordaz<\/p>\n\n\t\t<style type=\"text\/css\">\n\t\t\t#gallery-1 {\n\t\t\t\tmargin: auto;\n\t\t\t}\n\t\t\t#gallery-1 .gallery-item {\n\t\t\t\tfloat: left;\n\t\t\t\tmargin-top: 10px;\n\t\t\t\ttext-align: center;\n\t\t\t\twidth: 33%;\n\t\t\t}\n\t\t\t#gallery-1 img {\n\t\t\t\tborder: 2px solid #cfcfcf;\n\t\t\t}\n\t\t\t#gallery-1 .gallery-caption {\n\t\t\t\tmargin-left: 0;\n\t\t\t}\n\t\t\t\/* see gallery_shortcode() in wp-includes\/media.php *\/\n\t\t<\/style>\n\t\t<div id='gallery-1' class='gallery galleryid-3844 gallery-columns-3 gallery-size-thumbnail'><dl class='gallery-item'>\n\t\t\t<dt class='gallery-icon portrait'>\n\t\t\t\t<a href='https:\/\/gdlfashion.com\/?attachment_id=3845'><img loading=\"lazy\" decoding=\"async\" width=\"150\" height=\"150\" src=\"https:\/\/gdlfashion.com\/wp-content\/uploads\/2013\/12\/434_3002637-150x150.jpg\" class=\"attachment-thumbnail size-thumbnail\" alt=\"\" srcset=\"https:\/\/gdlfashion.com\/wp-content\/uploads\/2013\/12\/434_3002637-150x150.jpg 150w, https:\/\/gdlfashion.com\/wp-content\/uploads\/2013\/12\/434_3002637-160x160.jpg 160w, https:\/\/gdlfashion.com\/wp-content\/uploads\/2013\/12\/434_3002637-240x240.jpg 240w, https:\/\/gdlfashion.com\/wp-content\/uploads\/2013\/12\/434_3002637-60x60.jpg 60w, https:\/\/gdlfashion.com\/wp-content\/uploads\/2013\/12\/434_3002637-184x184.jpg 184w\" sizes=\"(max-width: 150px) 100vw, 150px\" \/><\/a>\n\t\t\t<\/dt><\/dl><dl class='gallery-item'>\n\t\t\t<dt class='gallery-icon landscape'>\n\t\t\t\t<a href='https:\/\/gdlfashion.com\/?attachment_id=3846'><img loading=\"lazy\" decoding=\"async\" width=\"150\" height=\"150\" src=\"https:\/\/gdlfashion.com\/wp-content\/uploads\/2013\/12\/arti\u0301culo-1-150x150.jpg\" class=\"attachment-thumbnail size-thumbnail\" alt=\"\" srcset=\"https:\/\/gdlfashion.com\/wp-content\/uploads\/2013\/12\/arti\u0301culo-1-150x150.jpg 150w, https:\/\/gdlfashion.com\/wp-content\/uploads\/2013\/12\/arti\u0301culo-1-160x160.jpg 160w, https:\/\/gdlfashion.com\/wp-content\/uploads\/2013\/12\/arti\u0301culo-1-240x240.jpg 240w, https:\/\/gdlfashion.com\/wp-content\/uploads\/2013\/12\/arti\u0301culo-1-60x60.jpg 60w, https:\/\/gdlfashion.com\/wp-content\/uploads\/2013\/12\/arti\u0301culo-1-184x184.jpg 184w\" sizes=\"(max-width: 150px) 100vw, 150px\" \/><\/a>\n\t\t\t<\/dt><\/dl>\n\t\t\t<br style='clear: both' \/>\n\t\t<\/div>\n\n<p>El d\u00eda de hoy quiero saludarte y al mismo tiempo presentarme, mi nombre es Bulmaro<br \/>\nOrdaz, soy especialista en Imagen P\u00fablica y Protocolo, y a partir de \u00e9sta publicaci\u00f3n<br \/>\nestar\u00e9 compartiendo contigo algunos art\u00edculos relacionados con el tema.<br \/>\nExisten varios autores que hablan de generar y crear tu Imagen Personal o Marca Personal<br \/>\nmediante t\u00e9cnicas de vestimenta y protocolo, en donde t\u00fa seas el producto principal,<br \/>\ntal cual candidato, pero enfocado a tu meta y actividad: podemos crear la imagen personal,<br \/>\ndesde nuestro trabajo hasta con los vecinos y amigos; no se trata de ser superficial ni demostrar<br \/>\nlo que no somos, sino de ser coherentes en nuestra vida y en c\u00f3mo nos ven los dem\u00e1s.<br \/>\nCu\u00e1ntas veces juzgamos antes de conocer a las personas o pensamos o nos creamos<br \/>\nuna idea a simple vista; esta idea que generamos en nuestro subconsciente, o de manera<br \/>\nconsiente, es la primera impresi\u00f3n que percibimos y \u00e9sta pocas veces se olvida. Es por eso<br \/>\nque la idea de trabajar nuestra marca personal es para dejar una buena impresi\u00f3n y que repercuta<br \/>\nen el futuro inmediato. Obviamente nosotros decidimos qu\u00e9 queremos proyectar,<br \/>\ntenemos ese poder, el de crear nuestra Imagen P\u00fablica.<br \/>\nHoy en d\u00eda nos bombardean anuncios comerciales de empresas que publicitan las marcas<br \/>\nde sus productos y servicios para posicionarlos en nuestra mente y que la marca sea reconocida<br \/>\nen cuanto escuchemos su eslogan, o bien, su cancioncita pegajosa que repiten a diario<br \/>\nen todos los medios audiovisuales. Lo que hacen es crear una IMAGEN de su marca, tratan<br \/>\nde que toda la gente hable lo mejor de \u00e9stas, que tengan una excelente reputaci\u00f3n y que cuando<br \/>\npienses en alg\u00fan producto de su rubro, de inmediato pienses en las que han publicitado.<br \/>\nAhora bien, \u00bfpor qu\u00e9 no crear nuestra marca personal justo con lo que queremos<br \/>\ntransmitir? Por ejemplo, si eres empresario, debes conducirte y vestir como tal a toda hora<br \/>\ny en todo lugar; si eres un pol\u00edtico, debes comportarte, seguir ciertos c\u00e1nones de comportamiento<br \/>\ny cuidar bastantes detalles, ya que son los representantes del pueblo. En s\u00ed,<br \/>\ncualquier actividad que realicemos, o a que nos dediquemos, existe un camino para construir<br \/>\nla imagen que queremos proyectar, tenemos que tomar en cuenta una famosa frase:<br \/>\n\u201cPercepci\u00f3n es realidad\u201d.<br \/>\nExpertos como Tom Peters, Andr\u00e9s P\u00e9rez Ortega, Humbert Rampersad y Eleri Sampson<br \/>\nsubrayan en sus obras la importancia de que las personas \u2013si bien no somos cosas\u2014<br \/>\nnos posicionemos igualmente con \u00e9xito en el p\u00fablico que deseamos se fije en nosotros.<br \/>\nLa marca personal o imagen p\u00fablica te ayudar\u00e1 a:<br \/>\nOcupar un espacio privilegiado en la mente de las personas<br \/>\nHomologar las percepciones que la gente tiene de ti<br \/>\nInclinar las preferencias a tu favor<br \/>\nAumentar perceptualmente tu valor<br \/>\nDesarrollar tu liderazgo con direcci\u00f3n<br \/>\nDestacarte en un campo o \u00e1rea espec\u00edfica<br \/>\nInfluir en tu p\u00fablico objetivo<br \/>\nDiferenciarte de la competencia<br \/>\nSer deseable, persuadir y fascinar<br \/>\n\u00bfQu\u00e9 tal? Se escucha interesante, \u00bfno? Esto se puede aplicar en la pol\u00edtica, en la empresa<br \/>\ny en la vida diaria.<br \/>\nEn la vida diaria la competencia es cada vez mayor en todos los sentidos, parece ser<br \/>\nque no es suficiente tener maestr\u00edas, cursos o diplomados. Le damos toda la importancia<br \/>\na nuestra preparaci\u00f3n intelectual y, de esta forma, tener armas para competir y distinguirnos<br \/>\nde los dem\u00e1s, lo cual est\u00e1 perfecto; sin embargo, \u00bfqu\u00e9 pasa si estamos en b\u00fasqueda de<br \/>\noportunidades y pasa una y otra y no te toca nada? O bien, si ni siquiera se te presentan.<br \/>\nAqu\u00ed es donde debemos hacer algunas preguntas clave: \u00bfQu\u00e9 estamos haciendo mal?, \u00bfpor<br \/>\nqu\u00e9 seguimos teniendo el mismo puesto de hace cinco a\u00f1os?, \u00bfpor qu\u00e9 nos cuesta trabajo<br \/>\nganarnos el respeto de las personas? Puede haber muchas respuestas; sin embargo, tenemos<br \/>\nque voltear a nosotros mismos y realizar un buen an\u00e1lisis de nuestra imagen p\u00fablica.<br \/>\n\u00bfCu\u00e1ndo fue la \u00faltima vez que observamos nuestra imagen en un espejo con detenimiento?,<br \/>\n\u00bfesa es la imagen que quieres proyectar?, \u00bfexiste coherencia entre nuestra manera de<br \/>\nser, nuestra vestimenta, nuestro lenguaje corporal y los mensajes que queremos enviar?,<br \/>\n\u00bfestamos realmente respetando nuestra identidad?, \u00bfo nos disfrazamos cuando nos vamos<br \/>\na trabajar? \u00c9stas son preguntas que deben responderse con toda sinceridad y coherencia,<br \/>\nrespetando siempre nuestra identidad y esencia.<br \/>\nUna \u00faltima pregunta para finalizar: \u00bfQu\u00e9 tanta importancia le otorga usted a su imagen<br \/>\np\u00fablica?<br \/>\nCualquier comentario o sugerencia, estoy a sus \u00f3rdenes, ser\u00e1 un placer; que tengan un<br \/>\nexcelente d\u00eda y recuerden siempre regalar una sonrisa, no cuesta nada.<br \/>\nMi correo es tipsdeimagen@gmail.com S\u00edgueme en Twitter @Tips_imagen<\/p>\n","protected":false},"excerpt":{"rendered":"<p>Personalidad &amp; image Por: Bulmaro Ordaz El d\u00eda de hoy quiero saludarte y al mismo tiempo presentarme, mi nombre es&hellip;<\/p>\n","protected":false},"author":2,"featured_media":3846,"comment_status":"closed","ping_status":"closed","sticky":false,"template":"","format":"standard","meta":{"footnotes":""},"categories":[3],"tags":[133,131,37,19,36,20,129,134,132,130],"_links":{"self":[{"href":"https:\/\/gdlfashion.com\/index.php?rest_route=\/wp\/v2\/posts\/3844"}],"collection":[{"href":"https:\/\/gdlfashion.com\/index.php?rest_route=\/wp\/v2\/posts"}],"about":[{"href":"https:\/\/gdlfashion.com\/index.php?rest_route=\/wp\/v2\/types\/post"}],"author":[{"embeddable":true,"href":"https:\/\/gdlfashion.com\/index.php?rest_route=\/wp\/v2\/users\/2"}],"replies":[{"embeddable":true,"href":"https:\/\/gdlfashion.com\/index.php?rest_route=%2Fwp%2Fv2%2Fcomments&post=3844"}],"version-history":[{"count":1,"href":"https:\/\/gdlfashion.com\/index.php?rest_route=\/wp\/v2\/posts\/3844\/revisions"}],"predecessor-version":[{"id":3847,"href":"https:\/\/gdlfashion.com\/index.php?rest_route=\/wp\/v2\/posts\/3844\/revisions\/3847"}],"wp:featuredmedia":[{"embeddable":true,"href":"https:\/\/gdlfashion.com\/index.php?rest_route=\/wp\/v2\/media\/3846"}],"wp:attachment":[{"href":"https:\/\/gdlfashion.com\/index.php?rest_route=%2Fwp%2Fv2%2Fmedia&parent=3844"}],"wp:term":[{"taxonomy":"category","embeddable":true,"href":"https:\/\/gdlfashion.com\/index.php?rest_route=%2Fwp%2Fv2%2Fcategories&post=3844"},{"taxonomy":"post_tag","embeddable":true,"href":"https:\/\/gdlfashion.com\/index.php?rest_route=%2Fwp%2Fv2%2Ftags&post=3844"}],"curies":[{"name":"wp","href":"https:\/\/api.w.org\/{rel}","templated":true}]}}