{"id":23101,"date":"2026-08-31T12:44:47","date_gmt":"2026-08-31T12:44:47","guid":{"rendered":"https:\/\/gdlfashion.com\/?p=23101"},"modified":"2026-08-31T12:44:47","modified_gmt":"2026-08-31T12:44:47","slug":"disenar-emociones","status":"publish","type":"post","link":"https:\/\/gdlfashion.com\/?p=23101","title":{"rendered":"Dise\u00f1ar emociones"},"content":{"rendered":"\n<h3 class=\"wp-block-heading\"><strong><em>Cuando una boda refleja la esencia de una pareja<\/em><\/strong><\/h3>\n\n\n\n<p><strong>Por Adri\u00e1n Pedraza<\/strong><\/p>\n\n\n\n<p>En la planificaci\u00f3n de bodas existe una premisa que considero indispensable: una celebraci\u00f3n debe ser capaz de contar la historia de quienes la protagonizan. M\u00e1s all\u00e1 de seguir tendencias, una boda memorable es aquella que logra transmitir la personalidad, los sue\u00f1os y la esencia de la pareja a trav\u00e9s de cada detalle.<\/p>\n\n\n<div class=\"wp-block-image\">\n<figure class=\"alignright size-large is-resized\"><a href=\"https:\/\/gdlfashion.com\/wp-content\/uploads\/2026\/08\/baja4-FER-Y-JOSS.jpg\"><img loading=\"lazy\" decoding=\"async\" width=\"683\" height=\"1024\" src=\"https:\/\/gdlfashion.com\/wp-content\/uploads\/2026\/08\/baja4-FER-Y-JOSS-683x1024.jpg\" alt=\"\" class=\"wp-image-23103\" style=\"width:343px;height:auto\" srcset=\"https:\/\/gdlfashion.com\/wp-content\/uploads\/2026\/08\/baja4-FER-Y-JOSS-683x1024.jpg 683w, https:\/\/gdlfashion.com\/wp-content\/uploads\/2026\/08\/baja4-FER-Y-JOSS-200x300.jpg 200w, https:\/\/gdlfashion.com\/wp-content\/uploads\/2026\/08\/baja4-FER-Y-JOSS-768x1152.jpg 768w, https:\/\/gdlfashion.com\/wp-content\/uploads\/2026\/08\/baja4-FER-Y-JOSS.jpg 800w\" sizes=\"(max-width: 683px) 100vw, 683px\" \/><\/a><\/figure><\/div>\n\n\n<p>La boda de Fernanda y Yoss fue un claro ejemplo de esta filosof\u00eda. Desde nuestras primeras reuniones comprendimos que no buscaban una celebraci\u00f3n convencional; quer\u00edan que cada invitado pudiera descubrir qui\u00e9nes eran como personas desde el momento en que llegara al evento.<\/p>\n\n\n\n<p>Fernanda combina dos facetas que hablan de su sensibilidad y compromiso: es cantante y tambi\u00e9n se desarrolla profesionalmente en el sector asegurador. Yoss, por su parte, ejerce la medicina con vocaci\u00f3n, mientras que la m\u00fasica ocupa un lugar muy importante en su vida. El desaf\u00edo consisti\u00f3 en integrar estas pasiones de manera elegante y natural, evitando elementos evidentes para crear un concepto que hablara de ellos con autenticidad.<\/p>\n\n\n\n<p>La inspiraci\u00f3n naci\u00f3 de sus colores favoritos. Los tonos tierra marcaron la identidad visual de la boda, incorporando verdes olivo, terracotas y una gama de matices c\u00e1lidos que aportaban profundidad, armon\u00eda y una conexi\u00f3n especial con la naturaleza. Esta paleta encontr\u00f3 el escenario perfecto en uno de los espacios m\u00e1s ic\u00f3nicos de Tepoztl\u00e1n, Morelos, donde el paisaje se convirti\u00f3 en un elemento m\u00e1s del dise\u00f1o y permiti\u00f3 que cada rinc\u00f3n cobrara vida.<\/p>\n\n\n\n<p>Cada decisi\u00f3n, desde la ambientaci\u00f3n hasta la experiencia de los invitados, respondi\u00f3 a un mismo prop\u00f3sito: construir una celebraci\u00f3n con identidad propia. La m\u00fasica, como lenguaje compartido entre los novios, estuvo presente de forma sutil durante distintos momentos de la experiencia, mientras que la calidez y el cuidado hacia sus seres queridos reflejaron los valores que ambos viven en su ejercicio profesional.<\/p>\n\n\n<div class=\"wp-block-image\">\n<figure class=\"alignleft size-large is-resized\"><a href=\"https:\/\/gdlfashion.com\/wp-content\/uploads\/2026\/08\/baja01.jpg\"><img loading=\"lazy\" decoding=\"async\" width=\"1024\" height=\"682\" src=\"https:\/\/gdlfashion.com\/wp-content\/uploads\/2026\/08\/baja01-1024x682.jpg\" alt=\"\" class=\"wp-image-23104\" style=\"width:409px;height:auto\" srcset=\"https:\/\/gdlfashion.com\/wp-content\/uploads\/2026\/08\/baja01-1024x682.jpg 1024w, https:\/\/gdlfashion.com\/wp-content\/uploads\/2026\/08\/baja01-300x200.jpg 300w, https:\/\/gdlfashion.com\/wp-content\/uploads\/2026\/08\/baja01-768x512.jpg 768w, https:\/\/gdlfashion.com\/wp-content\/uploads\/2026\/08\/baja01.jpg 1085w\" sizes=\"(max-width: 1024px) 100vw, 1024px\" \/><\/a><\/figure><\/div>\n\n\n<p>El resultado fue una boda que no solo destac\u00f3 por su belleza, sino por la emoci\u00f3n que despert\u00f3 en quienes la vivieron. Cuando el dise\u00f1o nace de la historia de una pareja, los espacios dejan de ser \u00fanicamente escenarios y se transforman en recuerdos imborrables.<\/p>\n\n\n\n<p>Como wedding planner, confirmo en cada proyecto que el verdadero lujo no est\u00e1 en la abundancia de elementos, sino en la capacidad de crear experiencias con significado. Porque las bodas que permanecen en la memoria no son las que m\u00e1s impresionan, sino las que consiguen emocionar al reflejar, con absoluta autenticidad, la esencia de quienes celebran el comienzo de una nueva historia.<\/p>\n\n\n\n<p>Mas sobre y sus grandes creaciones de bodas en: <\/p>\n\n\n\n<p>WP\/EP\/CPC<br>Director&nbsp;<a href=\"https:\/\/www.instagram.com\/bodasabc_morelos_cdmx\/\">@bodasabc_morelos_cdmx<\/a><br>Wedding Financial Advisor<br>Member&nbsp;<a href=\"https:\/\/www.instagram.com\/conajomx\/\">@conajomx<\/a><br>CWP&nbsp;<a href=\"https:\/\/www.instagram.com\/bodasabc\/\">@bodasabc<\/a><br>LGBT+Certified<br><a href=\"https:\/\/www.instagram.com\/inibep\/\">@inibep<\/a><br>CEO&nbsp;<a href=\"https:\/\/www.instagram.com\/pharellievents\/\">@pharellievents<\/a><\/p>\n","protected":false},"excerpt":{"rendered":"<p>Cuando una boda refleja la esencia de una pareja Por Adri\u00e1n Pedraza En la planificaci\u00f3n de bodas existe una premisa&hellip;<\/p>\n","protected":false},"author":2,"featured_media":23102,"comment_status":"open","ping_status":"closed","sticky":false,"template":"","format":"standard","meta":{"footnotes":""},"categories":[417,9,415,3],"tags":[],"_links":{"self":[{"href":"https:\/\/gdlfashion.com\/index.php?rest_route=\/wp\/v2\/posts\/23101"}],"collection":[{"href":"https:\/\/gdlfashion.com\/index.php?rest_route=\/wp\/v2\/posts"}],"about":[{"href":"https:\/\/gdlfashion.com\/index.php?rest_route=\/wp\/v2\/types\/post"}],"author":[{"embeddable":true,"href":"https:\/\/gdlfashion.com\/index.php?rest_route=\/wp\/v2\/users\/2"}],"replies":[{"embeddable":true,"href":"https:\/\/gdlfashion.com\/index.php?rest_route=%2Fwp%2Fv2%2Fcomments&post=23101"}],"version-history":[{"count":1,"href":"https:\/\/gdlfashion.com\/index.php?rest_route=\/wp\/v2\/posts\/23101\/revisions"}],"predecessor-version":[{"id":23105,"href":"https:\/\/gdlfashion.com\/index.php?rest_route=\/wp\/v2\/posts\/23101\/revisions\/23105"}],"wp:featuredmedia":[{"embeddable":true,"href":"https:\/\/gdlfashion.com\/index.php?rest_route=\/wp\/v2\/media\/23102"}],"wp:attachment":[{"href":"https:\/\/gdlfashion.com\/index.php?rest_route=%2Fwp%2Fv2%2Fmedia&parent=23101"}],"wp:term":[{"taxonomy":"category","embeddable":true,"href":"https:\/\/gdlfashion.com\/index.php?rest_route=%2Fwp%2Fv2%2Fcategories&post=23101"},{"taxonomy":"post_tag","embeddable":true,"href":"https:\/\/gdlfashion.com\/index.php?rest_route=%2Fwp%2Fv2%2Ftags&post=23101"}],"curies":[{"name":"wp","href":"https:\/\/api.w.org\/{rel}","templated":true}]}}