{"id":22826,"date":"2026-04-24T23:26:54","date_gmt":"2026-04-24T23:26:54","guid":{"rendered":"https:\/\/gdlfashion.com\/?p=22826"},"modified":"2026-04-28T23:36:40","modified_gmt":"2026-04-28T23:36:40","slug":"maestros-joyeros-presento","status":"publish","type":"post","link":"https:\/\/gdlfashion.com\/?p=22826","title":{"rendered":"Maestros Joyeros present\u00f3 \u201cEl Legado\u201d y \u201cThe Godfather\u201d"},"content":{"rendered":"\n<h3 class=\"wp-block-heading\">En una noche que fusion\u00f3 tradici\u00f3n, lujo y espect\u00e1culo<\/h3>\n\n\n\n<p>Con un despliegue que combin\u00f3 alta joyer\u00eda, m\u00fasica en vivo y presencia de celebridades, Maestros Joyeros realiz\u00f3 la presentaci\u00f3n de sus nuevas colecciones \u201cEl Legado\u201d y \u201cThe Godfather\u201d en la Plaza de Toros Nuevo Progreso, en Guadalajara. El evento reuni\u00f3 a figuras como Alex Fern\u00e1ndez, El Bogueto y Gabito Ballesteros, adem\u00e1s de invitados como Nicola Porcella y Salvador Zerboni.<\/p>\n\n\n<div class=\"wp-block-image\">\n<figure class=\"alignright size-large is-resized\"><a href=\"https:\/\/gdlfashion.com\/wp-content\/uploads\/2026\/04\/PHOTO-2026-04-20-11-33-37-2.jpg\"><img loading=\"lazy\" decoding=\"async\" width=\"819\" height=\"1024\" src=\"https:\/\/gdlfashion.com\/wp-content\/uploads\/2026\/04\/PHOTO-2026-04-20-11-33-37-2-819x1024.jpg\" alt=\"\" class=\"wp-image-22827\" style=\"width:343px;height:auto\" srcset=\"https:\/\/gdlfashion.com\/wp-content\/uploads\/2026\/04\/PHOTO-2026-04-20-11-33-37-2-819x1024.jpg 819w, https:\/\/gdlfashion.com\/wp-content\/uploads\/2026\/04\/PHOTO-2026-04-20-11-33-37-2-240x300.jpg 240w, https:\/\/gdlfashion.com\/wp-content\/uploads\/2026\/04\/PHOTO-2026-04-20-11-33-37-2-768x960.jpg 768w, https:\/\/gdlfashion.com\/wp-content\/uploads\/2026\/04\/PHOTO-2026-04-20-11-33-37-2.jpg 1024w\" sizes=\"(max-width: 819px) 100vw, 819px\" \/><\/a><\/figure><\/div>\n\n\n<p>La firma, con varias d\u00e9cadas de trayectoria apost\u00f3 por un concepto que une tradici\u00f3n artesanal con innovaci\u00f3n tecnol\u00f3gica, consolid\u00e1ndose como una de las casas joyeras m\u00e1s representativas del pa\u00eds.<\/p>\n\n\n\n<p>Durante la presentaci\u00f3n, C\u00e9sar Villegas, director y cofundador de la marca, explic\u00f3 el origen de las nuevas l\u00edneas. \u201cSon dos sorpresas, estamos presentando dos colecciones, una \u2018El Legado\u2019 yo soy la cuarta generaci\u00f3n y quisimos tambi\u00e9n irnos m\u00e1s atr\u00e1s, estamos fusionando la cultura griega y la cultura mexicana\u201d, comparti\u00f3.<\/p>\n\n\n\n<p>Sobre esta propuesta, detall\u00f3 que se inspira en momentos hist\u00f3ricos clave: \u201cNos estamos basando m\u00e1s que nada en la \u00e9poca de Porfirio D\u00edaz, como cuando cre\u00f3 el Palacio de Bellas Artes, quisimos con esta fusi\u00f3n sacar unas piezas con diamantes, con ciertas gemas, es un orgullo, es alta joyer\u00eda\u201d.<\/p>\n\n\n\n<p>En paralelo, la colecci\u00f3n \u201cThe Godfather\u201d surge de una colaboraci\u00f3n internacional poco com\u00fan. \u201cEs una licencia que nada m\u00e1s hab\u00eda estado en una casa joyera internacional, nos buscaron porque saben que nosotros somos fabricantes, que somos familia y que tambi\u00e9n tenemos un historial\u201d, explic\u00f3 Villegas.<\/p>\n\n\n<div class=\"wp-block-image\">\n<figure class=\"alignleft size-large is-resized\"><a href=\"https:\/\/gdlfashion.com\/wp-content\/uploads\/2026\/04\/PHOTO-2026-04-20-11-33-37.jpg\"><img loading=\"lazy\" decoding=\"async\" width=\"819\" height=\"1024\" src=\"https:\/\/gdlfashion.com\/wp-content\/uploads\/2026\/04\/PHOTO-2026-04-20-11-33-37-819x1024.jpg\" alt=\"\" class=\"wp-image-22828\" style=\"width:305px;height:auto\" srcset=\"https:\/\/gdlfashion.com\/wp-content\/uploads\/2026\/04\/PHOTO-2026-04-20-11-33-37-819x1024.jpg 819w, https:\/\/gdlfashion.com\/wp-content\/uploads\/2026\/04\/PHOTO-2026-04-20-11-33-37-240x300.jpg 240w, https:\/\/gdlfashion.com\/wp-content\/uploads\/2026\/04\/PHOTO-2026-04-20-11-33-37-768x960.jpg 768w, https:\/\/gdlfashion.com\/wp-content\/uploads\/2026\/04\/PHOTO-2026-04-20-11-33-37-1229x1536.jpg 1229w, https:\/\/gdlfashion.com\/wp-content\/uploads\/2026\/04\/PHOTO-2026-04-20-11-33-37.jpg 1280w\" sizes=\"(max-width: 819px) 100vw, 819px\" \/><\/a><\/figure><\/div>\n\n\n<p>El empresario adelant\u00f3 que esta primera entrega es solo el inicio: \u201cLo que van a ver son alrededor de unas 10 piezas, se crearon 25, pero lo que m\u00e1s nos interesa es el segundo drop, que ya va a ser la fusi\u00f3n completa con diamantes rosas, morados, amarillos, algo mucho m\u00e1s ex\u00f3tico\u201d.<\/p>\n\n\n\n<p>Villegas subray\u00f3 que el crecimiento de la marca est\u00e1 ligado a la pasi\u00f3n m\u00e1s que a la rentabilidad.&nbsp; Adem\u00e1s, destac\u00f3 el papel de los artistas como embajadores naturales de la marca: \u201cCuando van a Miami, a Los \u00c1ngeles, a Europa, se llevan a M\u00e9xico colgado\u201d.<\/p>\n\n\n\n<p>En cuanto al futuro, adelant\u00f3 nuevos proyectos internacionales y colaboraciones: \u201cVamos a demostrar que la alta joyer\u00eda en M\u00e9xico es posible, vamos a destruir este malinchismo, si est\u00e1 hecho en M\u00e9xico, es lo mejor\u201d.<\/p>\n\n\n\n<p>Voces de los invitados<\/p>\n\n\n\n<p>Durante el evento, los artistas que cantaron durante la velada, tambi\u00e9n compartieron su perspectiva sobre sus carreras y el momento que atraviesan.<\/p>\n\n\n<div class=\"wp-block-image\">\n<figure class=\"alignright size-large is-resized\"><a href=\"https:\/\/gdlfashion.com\/wp-content\/uploads\/2026\/04\/PHOTO-2026-04-20-11-33-38-2.jpg\"><img loading=\"lazy\" decoding=\"async\" width=\"1024\" height=\"683\" src=\"https:\/\/gdlfashion.com\/wp-content\/uploads\/2026\/04\/PHOTO-2026-04-20-11-33-38-2-1024x683.jpg\" alt=\"\" class=\"wp-image-22829\" style=\"width:481px;height:auto\" srcset=\"https:\/\/gdlfashion.com\/wp-content\/uploads\/2026\/04\/PHOTO-2026-04-20-11-33-38-2-1024x683.jpg 1024w, https:\/\/gdlfashion.com\/wp-content\/uploads\/2026\/04\/PHOTO-2026-04-20-11-33-38-2-300x200.jpg 300w, https:\/\/gdlfashion.com\/wp-content\/uploads\/2026\/04\/PHOTO-2026-04-20-11-33-38-2-768x512.jpg 768w, https:\/\/gdlfashion.com\/wp-content\/uploads\/2026\/04\/PHOTO-2026-04-20-11-33-38-2.jpg 1280w\" sizes=\"(max-width: 1024px) 100vw, 1024px\" \/><\/a><\/figure><\/div>\n\n\n<p>Por su parte, El Bogueto habl\u00f3 sobre el impacto de la fama en su vida: \u201cEs el fruto del trabajo, el dinero al final es un n\u00famero, no te hace la persona que eres, as\u00ed que la neta, tranqui\u201d. Reconoci\u00f3 que no imaginaba el alcance de su carrera: \u201cA m\u00ed ahora me siguen muchos morros y que esto sirva para cambiarles el chip, yo tuve muchas inspiraciones\u201d, por ejemplo, Ozuna, Anuel AA y El Bogueto.<\/p>\n\n\n\n<p>El cantante tambi\u00e9n aclar\u00f3 su reciente visita a la C\u00e1mara de Diputados: \u201cSe confundi\u00f3 un poquito la informaci\u00f3n, yo solo fui a hablar del programa de los estudios (de m\u00fasica) que vamos a poner en centros de rehabilitaci\u00f3n y tambi\u00e9n en escuelas\u201d. Sobre su m\u00fasica, destac\u00f3 el recibimiento de su nuevo material \u201cEso s\u00ed es de Gangster\u201d: \u201cCon este debutamos en 8 global\u2026 la neta nos fue muy bien\u201d.<\/p>\n\n\n<div class=\"wp-block-image\">\n<figure class=\"alignleft size-large is-resized\"><a href=\"https:\/\/gdlfashion.com\/wp-content\/uploads\/2026\/04\/PHOTO-2026-04-20-11-33-38.jpg\"><img loading=\"lazy\" decoding=\"async\" width=\"1024\" height=\"683\" src=\"https:\/\/gdlfashion.com\/wp-content\/uploads\/2026\/04\/PHOTO-2026-04-20-11-33-38-1024x683.jpg\" alt=\"\" class=\"wp-image-22830\" style=\"width:437px;height:auto\" srcset=\"https:\/\/gdlfashion.com\/wp-content\/uploads\/2026\/04\/PHOTO-2026-04-20-11-33-38-1024x683.jpg 1024w, https:\/\/gdlfashion.com\/wp-content\/uploads\/2026\/04\/PHOTO-2026-04-20-11-33-38-300x200.jpg 300w, https:\/\/gdlfashion.com\/wp-content\/uploads\/2026\/04\/PHOTO-2026-04-20-11-33-38-768x512.jpg 768w, https:\/\/gdlfashion.com\/wp-content\/uploads\/2026\/04\/PHOTO-2026-04-20-11-33-38.jpg 1280w\" sizes=\"(max-width: 1024px) 100vw, 1024px\" \/><\/a><\/figure><\/div>\n\n\n<p>En tanto, Alex Fern\u00e1ndez se refiri\u00f3 al reciente \u00e1lbum de duetos de su abuelo, Vicente Fern\u00e1ndez: \u201cEst\u00e1 muy padre\u2026 se escucha espectacular, mi pap\u00e1 sac\u00f3 \u2018El Rey\u2019, que es la canci\u00f3n m\u00e1s ic\u00f3nica de mi abuelo\u201d. Tambi\u00e9n adelant\u00f3 que tiene en mente grabar un tema de Chente: \u201cYa escog\u00ed una, es de sus cl\u00e1sicos, a mi abuelo le encantaba y a m\u00ed tambi\u00e9n\u201d.<\/p>\n\n\n\n<p>Sobre la incursi\u00f3n de su padre en la moda con la marca ARRRE, coment\u00f3: \u201cYo creo que se tard\u00f3, siempre le ha gustado mucho la moda, lo veo muy emocionado y motivado\u201d.<\/p>\n\n\n\n<p>En el plano personal, comparti\u00f3 los retos recientes en su salud con respecto al esfuerzo que ha hecho en \u201cJuego de Voces\u201d: \u201cS\u00ed me ha sacado de mi zona de confort\u2026 empec\u00e9 con un tema de reflujo muy grande, poco a poco voy recuper\u00e1ndome\u201d. Tambi\u00e9n habl\u00f3 de sus pr\u00f3ximos proyectos: una gira por Espa\u00f1a y Sudam\u00e9rica.<\/p>\n\n\n\n<p>Fotos: Diego Rodr\u00edguez<\/p>\n\n\n\n<figure class=\"wp-block-gallery has-nested-images columns-default is-cropped wp-block-gallery-1 is-layout-flex wp-block-gallery-is-layout-flex\">\n<figure class=\"wp-block-image size-large\"><a href=\"https:\/\/gdlfashion.com\/wp-content\/uploads\/2026\/04\/PHOTO-2026-04-20-11-33-39-2.jpg\"><img loading=\"lazy\" decoding=\"async\" width=\"1024\" height=\"683\" data-id=\"22831\" src=\"https:\/\/gdlfashion.com\/wp-content\/uploads\/2026\/04\/PHOTO-2026-04-20-11-33-39-2-1024x683.jpg\" alt=\"\" class=\"wp-image-22831\" srcset=\"https:\/\/gdlfashion.com\/wp-content\/uploads\/2026\/04\/PHOTO-2026-04-20-11-33-39-2-1024x683.jpg 1024w, https:\/\/gdlfashion.com\/wp-content\/uploads\/2026\/04\/PHOTO-2026-04-20-11-33-39-2-300x200.jpg 300w, https:\/\/gdlfashion.com\/wp-content\/uploads\/2026\/04\/PHOTO-2026-04-20-11-33-39-2-768x512.jpg 768w, https:\/\/gdlfashion.com\/wp-content\/uploads\/2026\/04\/PHOTO-2026-04-20-11-33-39-2.jpg 1280w\" sizes=\"(max-width: 1024px) 100vw, 1024px\" \/><\/a><\/figure>\n\n\n\n<figure class=\"wp-block-image size-large\"><a href=\"https:\/\/gdlfashion.com\/wp-content\/uploads\/2026\/04\/PHOTO-2026-04-20-11-33-39.jpg\"><img loading=\"lazy\" decoding=\"async\" width=\"1024\" height=\"683\" data-id=\"22832\" src=\"https:\/\/gdlfashion.com\/wp-content\/uploads\/2026\/04\/PHOTO-2026-04-20-11-33-39-1024x683.jpg\" alt=\"\" class=\"wp-image-22832\" srcset=\"https:\/\/gdlfashion.com\/wp-content\/uploads\/2026\/04\/PHOTO-2026-04-20-11-33-39-1024x683.jpg 1024w, https:\/\/gdlfashion.com\/wp-content\/uploads\/2026\/04\/PHOTO-2026-04-20-11-33-39-300x200.jpg 300w, https:\/\/gdlfashion.com\/wp-content\/uploads\/2026\/04\/PHOTO-2026-04-20-11-33-39-768x512.jpg 768w, https:\/\/gdlfashion.com\/wp-content\/uploads\/2026\/04\/PHOTO-2026-04-20-11-33-39.jpg 1280w\" sizes=\"(max-width: 1024px) 100vw, 1024px\" \/><\/a><\/figure>\n\n\n\n<figure class=\"wp-block-image size-large\"><a href=\"https:\/\/gdlfashion.com\/wp-content\/uploads\/2026\/04\/PHOTO-2026-04-20-11-33-40.jpg\"><img loading=\"lazy\" decoding=\"async\" width=\"1024\" height=\"683\" data-id=\"22833\" src=\"https:\/\/gdlfashion.com\/wp-content\/uploads\/2026\/04\/PHOTO-2026-04-20-11-33-40-1024x683.jpg\" alt=\"\" class=\"wp-image-22833\" srcset=\"https:\/\/gdlfashion.com\/wp-content\/uploads\/2026\/04\/PHOTO-2026-04-20-11-33-40-1024x683.jpg 1024w, https:\/\/gdlfashion.com\/wp-content\/uploads\/2026\/04\/PHOTO-2026-04-20-11-33-40-300x200.jpg 300w, https:\/\/gdlfashion.com\/wp-content\/uploads\/2026\/04\/PHOTO-2026-04-20-11-33-40-768x512.jpg 768w, https:\/\/gdlfashion.com\/wp-content\/uploads\/2026\/04\/PHOTO-2026-04-20-11-33-40.jpg 1280w\" sizes=\"(max-width: 1024px) 100vw, 1024px\" \/><\/a><\/figure>\n\n\n\n<figure class=\"wp-block-image size-large\"><a href=\"https:\/\/gdlfashion.com\/wp-content\/uploads\/2026\/04\/PHOTO-2026-04-20-11-33-41-2.jpg\"><img loading=\"lazy\" decoding=\"async\" width=\"1024\" height=\"683\" data-id=\"22834\" src=\"https:\/\/gdlfashion.com\/wp-content\/uploads\/2026\/04\/PHOTO-2026-04-20-11-33-41-2-1024x683.jpg\" alt=\"\" class=\"wp-image-22834\" srcset=\"https:\/\/gdlfashion.com\/wp-content\/uploads\/2026\/04\/PHOTO-2026-04-20-11-33-41-2-1024x683.jpg 1024w, https:\/\/gdlfashion.com\/wp-content\/uploads\/2026\/04\/PHOTO-2026-04-20-11-33-41-2-300x200.jpg 300w, https:\/\/gdlfashion.com\/wp-content\/uploads\/2026\/04\/PHOTO-2026-04-20-11-33-41-2-768x512.jpg 768w, https:\/\/gdlfashion.com\/wp-content\/uploads\/2026\/04\/PHOTO-2026-04-20-11-33-41-2.jpg 1280w\" sizes=\"(max-width: 1024px) 100vw, 1024px\" \/><\/a><\/figure>\n\n\n\n<figure class=\"wp-block-image size-large\"><a href=\"https:\/\/gdlfashion.com\/wp-content\/uploads\/2026\/04\/PHOTO-2026-04-20-11-33-41-3.jpg\"><img loading=\"lazy\" decoding=\"async\" width=\"1024\" height=\"683\" data-id=\"22837\" src=\"https:\/\/gdlfashion.com\/wp-content\/uploads\/2026\/04\/PHOTO-2026-04-20-11-33-41-3-1024x683.jpg\" alt=\"\" class=\"wp-image-22837\" srcset=\"https:\/\/gdlfashion.com\/wp-content\/uploads\/2026\/04\/PHOTO-2026-04-20-11-33-41-3-1024x683.jpg 1024w, https:\/\/gdlfashion.com\/wp-content\/uploads\/2026\/04\/PHOTO-2026-04-20-11-33-41-3-300x200.jpg 300w, https:\/\/gdlfashion.com\/wp-content\/uploads\/2026\/04\/PHOTO-2026-04-20-11-33-41-3-768x512.jpg 768w, https:\/\/gdlfashion.com\/wp-content\/uploads\/2026\/04\/PHOTO-2026-04-20-11-33-41-3.jpg 1280w\" sizes=\"(max-width: 1024px) 100vw, 1024px\" \/><\/a><\/figure>\n\n\n\n<figure class=\"wp-block-image size-large\"><a href=\"https:\/\/gdlfashion.com\/wp-content\/uploads\/2026\/04\/PHOTO-2026-04-20-11-33-41-4.jpg\"><img loading=\"lazy\" decoding=\"async\" width=\"1024\" height=\"683\" data-id=\"22838\" src=\"https:\/\/gdlfashion.com\/wp-content\/uploads\/2026\/04\/PHOTO-2026-04-20-11-33-41-4-1024x683.jpg\" alt=\"\" class=\"wp-image-22838\" srcset=\"https:\/\/gdlfashion.com\/wp-content\/uploads\/2026\/04\/PHOTO-2026-04-20-11-33-41-4-1024x683.jpg 1024w, https:\/\/gdlfashion.com\/wp-content\/uploads\/2026\/04\/PHOTO-2026-04-20-11-33-41-4-300x200.jpg 300w, https:\/\/gdlfashion.com\/wp-content\/uploads\/2026\/04\/PHOTO-2026-04-20-11-33-41-4-768x512.jpg 768w, https:\/\/gdlfashion.com\/wp-content\/uploads\/2026\/04\/PHOTO-2026-04-20-11-33-41-4.jpg 1280w\" sizes=\"(max-width: 1024px) 100vw, 1024px\" \/><\/a><\/figure>\n\n\n\n<figure class=\"wp-block-image size-large\"><a href=\"https:\/\/gdlfashion.com\/wp-content\/uploads\/2026\/04\/PHOTO-2026-04-20-11-33-41.jpg\"><img loading=\"lazy\" decoding=\"async\" width=\"1024\" height=\"683\" data-id=\"22836\" src=\"https:\/\/gdlfashion.com\/wp-content\/uploads\/2026\/04\/PHOTO-2026-04-20-11-33-41-1024x683.jpg\" alt=\"\" class=\"wp-image-22836\" srcset=\"https:\/\/gdlfashion.com\/wp-content\/uploads\/2026\/04\/PHOTO-2026-04-20-11-33-41-1024x683.jpg 1024w, https:\/\/gdlfashion.com\/wp-content\/uploads\/2026\/04\/PHOTO-2026-04-20-11-33-41-300x200.jpg 300w, https:\/\/gdlfashion.com\/wp-content\/uploads\/2026\/04\/PHOTO-2026-04-20-11-33-41-768x512.jpg 768w, https:\/\/gdlfashion.com\/wp-content\/uploads\/2026\/04\/PHOTO-2026-04-20-11-33-41.jpg 1280w\" sizes=\"(max-width: 1024px) 100vw, 1024px\" \/><\/a><\/figure>\n\n\n\n<figure class=\"wp-block-image size-large\"><a href=\"https:\/\/gdlfashion.com\/wp-content\/uploads\/2026\/04\/PHOTO-2026-04-20-11-33-42.jpg\"><img loading=\"lazy\" decoding=\"async\" width=\"1024\" height=\"683\" data-id=\"22835\" src=\"https:\/\/gdlfashion.com\/wp-content\/uploads\/2026\/04\/PHOTO-2026-04-20-11-33-42-1024x683.jpg\" alt=\"\" class=\"wp-image-22835\" srcset=\"https:\/\/gdlfashion.com\/wp-content\/uploads\/2026\/04\/PHOTO-2026-04-20-11-33-42-1024x683.jpg 1024w, https:\/\/gdlfashion.com\/wp-content\/uploads\/2026\/04\/PHOTO-2026-04-20-11-33-42-300x200.jpg 300w, https:\/\/gdlfashion.com\/wp-content\/uploads\/2026\/04\/PHOTO-2026-04-20-11-33-42-768x512.jpg 768w, https:\/\/gdlfashion.com\/wp-content\/uploads\/2026\/04\/PHOTO-2026-04-20-11-33-42.jpg 1280w\" sizes=\"(max-width: 1024px) 100vw, 1024px\" \/><\/a><\/figure>\n<\/figure>\n","protected":false},"excerpt":{"rendered":"<p>En una noche que fusion\u00f3 tradici\u00f3n, lujo y espect\u00e1culo Con un despliegue que combin\u00f3 alta joyer\u00eda, m\u00fasica en vivo y&hellip;<\/p>\n","protected":false},"author":2,"featured_media":22839,"comment_status":"open","ping_status":"closed","sticky":false,"template":"","format":"standard","meta":{"footnotes":""},"categories":[412,417,9],"tags":[],"_links":{"self":[{"href":"https:\/\/gdlfashion.com\/index.php?rest_route=\/wp\/v2\/posts\/22826"}],"collection":[{"href":"https:\/\/gdlfashion.com\/index.php?rest_route=\/wp\/v2\/posts"}],"about":[{"href":"https:\/\/gdlfashion.com\/index.php?rest_route=\/wp\/v2\/types\/post"}],"author":[{"embeddable":true,"href":"https:\/\/gdlfashion.com\/index.php?rest_route=\/wp\/v2\/users\/2"}],"replies":[{"embeddable":true,"href":"https:\/\/gdlfashion.com\/index.php?rest_route=%2Fwp%2Fv2%2Fcomments&post=22826"}],"version-history":[{"count":3,"href":"https:\/\/gdlfashion.com\/index.php?rest_route=\/wp\/v2\/posts\/22826\/revisions"}],"predecessor-version":[{"id":22842,"href":"https:\/\/gdlfashion.com\/index.php?rest_route=\/wp\/v2\/posts\/22826\/revisions\/22842"}],"wp:featuredmedia":[{"embeddable":true,"href":"https:\/\/gdlfashion.com\/index.php?rest_route=\/wp\/v2\/media\/22839"}],"wp:attachment":[{"href":"https:\/\/gdlfashion.com\/index.php?rest_route=%2Fwp%2Fv2%2Fmedia&parent=22826"}],"wp:term":[{"taxonomy":"category","embeddable":true,"href":"https:\/\/gdlfashion.com\/index.php?rest_route=%2Fwp%2Fv2%2Fcategories&post=22826"},{"taxonomy":"post_tag","embeddable":true,"href":"https:\/\/gdlfashion.com\/index.php?rest_route=%2Fwp%2Fv2%2Ftags&post=22826"}],"curies":[{"name":"wp","href":"https:\/\/api.w.org\/{rel}","templated":true}]}}