{"id":22622,"date":"2026-01-31T20:00:00","date_gmt":"2026-01-31T20:00:00","guid":{"rendered":"https:\/\/gdlfashion.com\/?p=22622"},"modified":"2026-03-03T20:05:23","modified_gmt":"2026-03-03T20:05:23","slug":"guadalajara-y-el-running","status":"publish","type":"post","link":"https:\/\/gdlfashion.com\/?p=22622","title":{"rendered":"Guadalajara y el running"},"content":{"rendered":"\n<h3 class=\"wp-block-heading\"><strong>Una ciudad que adopta el deporte como parte de su bienestar<\/strong><\/h3>\n\n\n<div class=\"wp-block-image\">\n<figure class=\"alignright size-large is-resized\"><a href=\"https:\/\/gdlfashion.com\/wp-content\/uploads\/2026\/03\/2.jpg\"><img loading=\"lazy\" decoding=\"async\" width=\"676\" height=\"1024\" src=\"https:\/\/gdlfashion.com\/wp-content\/uploads\/2026\/03\/2-676x1024.jpg\" alt=\"\" class=\"wp-image-22623\" style=\"width:369px;height:auto\" srcset=\"https:\/\/gdlfashion.com\/wp-content\/uploads\/2026\/03\/2-676x1024.jpg 676w, https:\/\/gdlfashion.com\/wp-content\/uploads\/2026\/03\/2-198x300.jpg 198w, https:\/\/gdlfashion.com\/wp-content\/uploads\/2026\/03\/2-768x1163.jpg 768w, https:\/\/gdlfashion.com\/wp-content\/uploads\/2026\/03\/2-1014x1536.jpg 1014w, https:\/\/gdlfashion.com\/wp-content\/uploads\/2026\/03\/2.jpg 1232w\" sizes=\"(max-width: 676px) 100vw, 676px\" \/><\/a><\/figure><\/div>\n\n\n<p>En los \u00faltimos a\u00f1os, Guadalajara ha fortalecido su relaci\u00f3n con el deporte al aire libre, particularmente con el running, una disciplina que se ha integrado de manera natural a la vida cotidiana de miles de ciudadanos. Parques, avenidas y espacios p\u00fablicos se han convertido en puntos de encuentro para personas que encuentran en la actividad f\u00edsica una herramienta accesible para mejorar su salud y calidad de vida.<\/p>\n\n\n\n<p>Este crecimiento responde a una mayor conciencia sobre el bienestar integral y la importancia de adoptar h\u00e1bitos sostenibles a largo plazo. M\u00e1s all\u00e1 del enfoque competitivo, correr se ha consolidado como una pr\u00e1ctica asociada a la constancia, la disciplina personal y el cuidado f\u00edsico y mental.<\/p>\n\n\n\n<p><strong>Nutrici\u00f3n y rendimiento: un enfoque integral<\/strong><\/p>\n\n\n\n<p>Paralelamente al aumento en la pr\u00e1ctica del running, se ha reforzado el inter\u00e9s por la nutrici\u00f3n como un componente esencial del rendimiento y la recuperaci\u00f3n. Especialistas en salud coinciden en que una alimentaci\u00f3n equilibrada permite sostener el esfuerzo f\u00edsico cotidiano, reducir el riesgo de fatiga y favorecer procesos de recuperaci\u00f3n m\u00e1s eficientes, especialmente en actividades de resistencia.<\/p>\n\n\n\n<p>La nutri\u00f3loga Bianca Azucena Becerra, egresada de la Universidad de Guadalajara, se\u00f1ala que los corredores \u2014tanto recreativos como constantes\u2014 requieren fuentes de energ\u00eda que se liberen de manera gradual y que acompa\u00f1en el gasto energ\u00e9tico diario.<\/p>\n\n\n\n<p>\u201cLos carbohidratos complejos juegan un papel clave en el rendimiento f\u00edsico, ya que permiten mantener niveles estables de energ\u00eda. La avena es un alimento que se integra f\u00e1cilmente a la dieta diaria y aporta fibra, micronutrientes y energ\u00eda sostenida\u201d, explica.<\/p>\n\n\n\n<p>Por ello, la especialista recomienda que, para el entrenamiento asociado a este tipo de competencias deportivas, los corredores incluyan la avena dentro de su alimentaci\u00f3n habitual, ya que contribuye a mejorar el rendimiento y a mantener la energ\u00eda necesaria para cumplir sus objetivos personales<strong>.<\/strong><\/p>\n\n\n<div class=\"wp-block-image\">\n<figure class=\"alignleft size-large is-resized\"><a href=\"https:\/\/gdlfashion.com\/wp-content\/uploads\/2026\/03\/4.jpg\"><img loading=\"lazy\" decoding=\"async\" width=\"1254\" height=\"1641\" src=\"https:\/\/gdlfashion.com\/wp-content\/uploads\/2026\/03\/4-783x1024.jpg\" alt=\"\" class=\"wp-image-22624\" style=\"width:281px;height:auto\" srcset=\"https:\/\/gdlfashion.com\/wp-content\/uploads\/2026\/03\/4-783x1024.jpg 783w, https:\/\/gdlfashion.com\/wp-content\/uploads\/2026\/03\/4-229x300.jpg 229w, https:\/\/gdlfashion.com\/wp-content\/uploads\/2026\/03\/4-768x1005.jpg 768w, https:\/\/gdlfashion.com\/wp-content\/uploads\/2026\/03\/4-1174x1536.jpg 1174w, https:\/\/gdlfashion.com\/wp-content\/uploads\/2026\/03\/4.jpg 1254w\" sizes=\"(max-width: 1254px) 100vw, 1254px\" \/><\/a><\/figure><\/div>\n\n\n<p><strong>La avena como parte de la alimentaci\u00f3n cotidiana<\/strong><\/p>\n\n\n\n<p>Adem\u00e1s de su aporte energ\u00e9tico, la avena contiene minerales como magnesio, hierro y zinc, relacionados con funciones esenciales como la contracci\u00f3n muscular, el transporte de ox\u00edgeno y los procesos de recuperaci\u00f3n.<\/p>\n\n\n\n<p>En este contexto, Granvita forma parte de la alimentaci\u00f3n diaria de muchas personas que practican running en Guadalajara, integr\u00e1ndose de manera natural a desayunos y comidas previas o posteriores a la actividad f\u00edsica, como parte de una nutrici\u00f3n consciente y sostenida en el tiempo.<\/p>\n\n\n\n<p><strong>Un tip para la rutina diaria<\/strong><\/p>\n\n\n\n<p>La nutri\u00f3loga Bianca Azucena Becerra comparte una receta sencilla que puede incorporarse a la alimentaci\u00f3n diaria, independientemente de si se est\u00e1 entrenando para una carrera, ya que aporta energ\u00eda suficiente para la rutina habitual.<\/p>\n\n\n\n<p><strong>Avena proteica para desayuno<\/strong><\/p>\n\n\n\n<p>Ideal para consumir antes de entrenar o para comenzar el d\u00eda.<\/p>\n\n\n<div class=\"wp-block-image\">\n<figure class=\"alignright size-large is-resized\"><a href=\"https:\/\/gdlfashion.com\/wp-content\/uploads\/2026\/03\/licuado.jpeg\"><img loading=\"lazy\" decoding=\"async\" width=\"1024\" height=\"536\" src=\"https:\/\/gdlfashion.com\/wp-content\/uploads\/2026\/03\/licuado-1024x536.jpeg\" alt=\"\" class=\"wp-image-22625\" style=\"width:471px;height:auto\" srcset=\"https:\/\/gdlfashion.com\/wp-content\/uploads\/2026\/03\/licuado-1024x536.jpeg 1024w, https:\/\/gdlfashion.com\/wp-content\/uploads\/2026\/03\/licuado-300x157.jpeg 300w, https:\/\/gdlfashion.com\/wp-content\/uploads\/2026\/03\/licuado-768x402.jpeg 768w, https:\/\/gdlfashion.com\/wp-content\/uploads\/2026\/03\/licuado-1536x804.jpeg 1536w, https:\/\/gdlfashion.com\/wp-content\/uploads\/2026\/03\/licuado.jpeg 1600w\" sizes=\"(max-width: 1024px) 100vw, 1024px\" \/><\/a><\/figure><\/div>\n\n\n<p><strong>Ingredientes:<\/strong><\/p>\n\n\n\n<p>\u00bd taza de avena<\/p>\n\n\n\n<p>1 taza de leche de almendra o agua<\/p>\n\n\n\n<p>1 cucharada de crema de cacahuate<\/p>\n\n\n\n<p>1 pl\u00e1tano<\/p>\n\n\n\n<p>1 cucharada de semillas de ch\u00eda<\/p>\n\n\n\n<p>Canela al gusto<\/p>\n\n\n\n<p><strong>El deporte como expresi\u00f3n urbana<\/strong><\/p>\n\n\n\n<p>Guadalajara se ha consolidado como una de las ciudades con mayor participaci\u00f3n ciudadana en actividades deportivas al aire libre. Grupos de entrenamiento, comunidades de corredores y eventos de ruta han contribuido a fortalecer una cultura que entiende al deporte como un eje de bienestar y convivencia social.<\/p>\n\n\n<div class=\"wp-block-image\">\n<figure class=\"alignleft size-large is-resized\"><a href=\"https:\/\/gdlfashion.com\/wp-content\/uploads\/2026\/03\/5.jpg\"><img loading=\"lazy\" decoding=\"async\" width=\"1024\" height=\"686\" src=\"https:\/\/gdlfashion.com\/wp-content\/uploads\/2026\/03\/5-1024x686.jpg\" alt=\"\" class=\"wp-image-22626\" style=\"width:420px;height:auto\" srcset=\"https:\/\/gdlfashion.com\/wp-content\/uploads\/2026\/03\/5-1024x686.jpg 1024w, https:\/\/gdlfashion.com\/wp-content\/uploads\/2026\/03\/5-300x201.jpg 300w, https:\/\/gdlfashion.com\/wp-content\/uploads\/2026\/03\/5-768x515.jpg 768w, https:\/\/gdlfashion.com\/wp-content\/uploads\/2026\/03\/5.jpg 1489w\" sizes=\"(max-width: 1024px) 100vw, 1024px\" \/><\/a><\/figure><\/div>\n\n\n<p>En este entorno, el Medio Marat\u00f3n Internacional Guadalajara Electrolit\u00ae 2026 Nutrido por Granvita se mantiene como un referente dentro del calendario deportivo local, reflejo de una comunidad activa que ha incorporado el movimiento f\u00edsico como parte de su estilo de vida.<\/p>\n\n\n\n<p><strong>Granvita y la energ\u00eda que acompa\u00f1a el movimiento<\/strong><\/p>\n\n\n\n<p>Desde hace a\u00f1os, Granvita ha apostado por impulsar una alimentaci\u00f3n accesible y balanceada, basada en ingredientes como la avena, que forman parte de la rutina diaria de quienes buscan mantenerse activos. Su presencia en eventos deportivos de alto nivel responde a una visi\u00f3n que vincula la nutrici\u00f3n con el bienestar cotidiano, m\u00e1s all\u00e1 de la competencia.<\/p>\n\n\n\n<p>Al nutrir una de las carreras m\u00e1s importantes del pa\u00eds, Granvita refuerza su compromiso con el deporte, la constancia y los h\u00e1bitos saludables que acompa\u00f1an a miles de personas en su d\u00eda a d\u00eda.<\/p>\n\n\n\n<p>El Medio Marat\u00f3n Internacional Guadalajara Electrolit, Nutrido por Granvita 2026 es, adem\u00e1s, una de las pocas competencias en el mundo que cuenta con la Etiqueta Platino de World Athletics, reconocimiento que avala su nivel organizativo, la seguridad en la ruta y la calidad de la experiencia para los atletas.<\/p>\n\n\n\n<p>Este reconocimiento internacional reafirma la posici\u00f3n de Guadalajara como una ciudad con capacidad organizativa, infraestructura urbana y una comunidad activa comprometida con el deporte y el bienestar. En este contexto, la pr\u00e1ctica del running, acompa\u00f1ada de una nutrici\u00f3n adecuada, se consolida como parte de un enfoque integral de salud entre los ciudadanos.<br><br><strong>DATOS DEL EVENTO<\/strong><\/p>\n\n\n\n<p><strong>Qu\u00e9:<\/strong> Medio Marat\u00f3n Internacional Guadalajara Electrolit , Nutrido por Granvita 2026<br><strong>Cu\u00e1ndo:<\/strong> Domingo 22 de febrero de 2026<br><strong>Hora:<\/strong> 06:30 horas<br><strong>D\u00f3nde:<\/strong> Zona Minerva, Guadalajara, Jalisco<br><strong>Registro:<\/strong><a href=\"http:\/\/www.marcate.com.mx\"> <\/a><a href=\"http:\/\/www.marcate.com.mx\">www.marcate.com.mx<\/a><br><br><strong>SIGUE A GRANVITA EN REDES SOCIALES<\/strong><\/p>\n\n\n\n<p>Facebook: Granvita | Instagram: @granvitamx | X: @GranvitaMx | YouTube: @granvitamx<\/p>\n\n\n\n<p><strong>M\u00e1s informaci\u00f3n:<\/strong><br><a href=\"https:\/\/granvita.com\/\">https:\/\/granvita.com\/<\/a><\/p>\n","protected":false},"excerpt":{"rendered":"<p>Una ciudad que adopta el deporte como parte de su bienestar En los \u00faltimos a\u00f1os, Guadalajara ha fortalecido su relaci\u00f3n&hellip;<\/p>\n","protected":false},"author":2,"featured_media":22627,"comment_status":"open","ping_status":"closed","sticky":false,"template":"","format":"standard","meta":{"footnotes":""},"categories":[416,417,9,415,3],"tags":[],"_links":{"self":[{"href":"https:\/\/gdlfashion.com\/index.php?rest_route=\/wp\/v2\/posts\/22622"}],"collection":[{"href":"https:\/\/gdlfashion.com\/index.php?rest_route=\/wp\/v2\/posts"}],"about":[{"href":"https:\/\/gdlfashion.com\/index.php?rest_route=\/wp\/v2\/types\/post"}],"author":[{"embeddable":true,"href":"https:\/\/gdlfashion.com\/index.php?rest_route=\/wp\/v2\/users\/2"}],"replies":[{"embeddable":true,"href":"https:\/\/gdlfashion.com\/index.php?rest_route=%2Fwp%2Fv2%2Fcomments&post=22622"}],"version-history":[{"count":1,"href":"https:\/\/gdlfashion.com\/index.php?rest_route=\/wp\/v2\/posts\/22622\/revisions"}],"predecessor-version":[{"id":22628,"href":"https:\/\/gdlfashion.com\/index.php?rest_route=\/wp\/v2\/posts\/22622\/revisions\/22628"}],"wp:featuredmedia":[{"embeddable":true,"href":"https:\/\/gdlfashion.com\/index.php?rest_route=\/wp\/v2\/media\/22627"}],"wp:attachment":[{"href":"https:\/\/gdlfashion.com\/index.php?rest_route=%2Fwp%2Fv2%2Fmedia&parent=22622"}],"wp:term":[{"taxonomy":"category","embeddable":true,"href":"https:\/\/gdlfashion.com\/index.php?rest_route=%2Fwp%2Fv2%2Fcategories&post=22622"},{"taxonomy":"post_tag","embeddable":true,"href":"https:\/\/gdlfashion.com\/index.php?rest_route=%2Fwp%2Fv2%2Ftags&post=22622"}],"curies":[{"name":"wp","href":"https:\/\/api.w.org\/{rel}","templated":true}]}}