{"id":22296,"date":"2025-11-14T02:00:03","date_gmt":"2025-11-14T02:00:03","guid":{"rendered":"https:\/\/gdlfashion.com\/?p=22296"},"modified":"2025-12-03T02:18:47","modified_gmt":"2025-12-03T02:18:47","slug":"la-fil-guadalajara-2025","status":"publish","type":"post","link":"https:\/\/gdlfashion.com\/?p=22296","title":{"rendered":"La Fil Guadalajara 2025"},"content":{"rendered":"\n<h3 class=\"wp-block-heading\"><strong>Un Motor Cultural, Tur\u00edstico y Social Para M\u00e9xico<\/strong>, Invitado Barcelona<\/h3>\n\n\n\n<p><em>La edici\u00f3n n\u00famero 39 de la Feria Internacional del Libro de Guadalajara, se realizar\u00e1 del 29 de noviembre al 07 de diciembre, teniendo a Barcelona como ciudad invitada de honor<\/em><\/p>\n\n\n\n<p>Cada a\u00f1o, Guadalajara se convierte en el epicentro del mundo literario con la Feria Internacional del Libro (FIL), un evento que trasciende las letras para convertirse en una aut\u00e9ntica fuerza econ\u00f3mica, cultural y social.<\/p>\n\n\n<div class=\"wp-block-image\">\n<figure class=\"alignright size-large is-resized\"><a href=\"https:\/\/gdlfashion.com\/wp-content\/uploads\/2025\/12\/Gustavo_Staufert-FIL.jpg\"><img loading=\"lazy\" decoding=\"async\" width=\"683\" height=\"1024\" src=\"https:\/\/gdlfashion.com\/wp-content\/uploads\/2025\/12\/Gustavo_Staufert-FIL-683x1024.jpg\" alt=\"\" class=\"wp-image-22297\" style=\"width:372px;height:auto\" srcset=\"https:\/\/gdlfashion.com\/wp-content\/uploads\/2025\/12\/Gustavo_Staufert-FIL-683x1024.jpg 683w, https:\/\/gdlfashion.com\/wp-content\/uploads\/2025\/12\/Gustavo_Staufert-FIL-200x300.jpg 200w, https:\/\/gdlfashion.com\/wp-content\/uploads\/2025\/12\/Gustavo_Staufert-FIL-768x1152.jpg 768w, https:\/\/gdlfashion.com\/wp-content\/uploads\/2025\/12\/Gustavo_Staufert-FIL-1024x1536.jpg 1024w, https:\/\/gdlfashion.com\/wp-content\/uploads\/2025\/12\/Gustavo_Staufert-FIL.jpg 1200w\" sizes=\"(max-width: 683px) 100vw, 683px\" \/><\/a><\/figure><\/div>\n\n\n<p>Durante 10 d\u00edas, la ciudad vibra al ritmo de la palabra escrita, de los encuentros, de los debates y de la convivencia, pero m\u00e1s all\u00e1 de los libros, la FIL es una historia de derrama econ\u00f3mica, ocupaci\u00f3n hotelera, promoci\u00f3n tur\u00edstica y prestigio internacional.<\/p>\n\n\n\n<p>De acuerdo con Gustavo Staufert, Director General de la Oficina de Visitantes y Convenciones del \u00c1rea Metropolitana de Guadalajara (OFVC), el impacto econ\u00f3mico que esta fiesta literaria genera en la ciudad asciende a m\u00e1s de mil 200 millones de pesos.<\/p>\n\n\n\n<p>\u201cSolo en t\u00e9rminos hoteleros, la feria produce entre 25 mil y 27 mil cuartos-noche, lo que representa una ocupaci\u00f3n de entre el 90 y el 100 por ciento de los hoteles de Guadalajara\u201d, recalc\u00f3 Gustavo Staufert.<\/p>\n\n\n\n<p>Con una capacidad total de 35 mil habitaciones, la Perla Tapat\u00eda pr\u00e1cticamente alcanza su l\u00edmite de hospedaje durante esos d\u00edas, consolidando a la FIL como uno de los eventos con mayor derrama tur\u00edstica del pa\u00eds.<\/p>\n\n\n\n<p>Pero el impacto va m\u00e1s all\u00e1 de lo econ\u00f3mico. La Feria del Libro proyecta a Guadalajara al mundo como una capital cultural y de negocios, fortaleciendo su imagen para atraer nuevos eventos internacionales.<\/p>\n\n\n\n<p><br>\u201cOrganizar a\u00f1o con a\u00f1o la segunda feria literaria m\u00e1s importante del mundo nos da credibilidad y peso. La FIL es un campo de entrenamiento para la industria de reuniones, y su impacto medi\u00e1tico, tur\u00edstico y curricular es invaluable para nuestra ciudad\u201d, afirm\u00f3.<\/p>\n\n\n\n<p><strong>DE TODO Y PARA TODOS<\/strong><\/p>\n\n\n\n<p>Uno de los mayores encantos de la FIL es su diversidad y car\u00e1cter democr\u00e1tico, ya que convoca a estudiantes, acad\u00e9micos, familias, empresas, editores y bibliotecarios extranjeros que vienen a comprar libros, hacer negocios o simplemente vivir la experiencia cultural.<\/p>\n\n\n\n<p>La feria combina espacios de negocio B2B (<em>business to business<\/em>) con jornadas abiertas al p\u00fablico B2C (<em>business to consumer<\/em>), adem\u00e1s de un nutrido programa de actividades literarias, acad\u00e9micas, educativas e incluso pol\u00edticas.<\/p>\n\n\n<div class=\"wp-block-image\">\n<figure class=\"alignleft size-large is-resized\"><a href=\"https:\/\/gdlfashion.com\/wp-content\/uploads\/2025\/12\/IMG_2412-scaled.jpg\"><img loading=\"lazy\" decoding=\"async\" width=\"1024\" height=\"683\" src=\"https:\/\/gdlfashion.com\/wp-content\/uploads\/2025\/12\/IMG_2412-1024x683.jpg\" alt=\"\" class=\"wp-image-22298\" style=\"width:474px;height:auto\" srcset=\"https:\/\/gdlfashion.com\/wp-content\/uploads\/2025\/12\/IMG_2412-1024x683.jpg 1024w, https:\/\/gdlfashion.com\/wp-content\/uploads\/2025\/12\/IMG_2412-300x200.jpg 300w, https:\/\/gdlfashion.com\/wp-content\/uploads\/2025\/12\/IMG_2412-768x512.jpg 768w, https:\/\/gdlfashion.com\/wp-content\/uploads\/2025\/12\/IMG_2412-1536x1024.jpg 1536w, https:\/\/gdlfashion.com\/wp-content\/uploads\/2025\/12\/IMG_2412-2048x1365.jpg 2048w\" sizes=\"(max-width: 1024px) 100vw, 1024px\" \/><\/a><\/figure><\/div>\n\n\n<p>Por sus pasillos han transitado premios Nobel, escritores de renombre, l\u00edderes de Estado y miles de lectores, todos parte de una atm\u00f3sfera que solo Guadalajara sabe generar. Esa energ\u00eda plural y cosmopolita tambi\u00e9n se traduce en beneficios directos para el turismo local.<\/p>\n\n\n\n<p>Durante los d\u00edas del fest\u00edn literario, la ciudad se convierte en un mosaico de experiencias: la gastronom\u00eda tapat\u00eda, las tradiciones, los barrios emblem\u00e1ticos y la vida urbana se entrelazan con la visita de miles de personas que descubren una Guadalajara viva y aut\u00e9ntica.<\/p>\n\n\n\n<p>Para potenciar esta conexi\u00f3n, la OFVC trabaja estrechamente con la Universidad de Guadalajara, la Secretar\u00eda de Turismo y la direcci\u00f3n de la FIL, encabezada por Marisol Schulz, sumando esfuerzos para maximizar el impacto cultural y tur\u00edstico del evento.<\/p>\n\n\n\n<p>Adem\u00e1s, la Oficina impulsa proyectos complementarios, como el programa \u201cAntiturista\u201d, una invitaci\u00f3n a conocer la Guadalajara profunda: los mercados, las cantinas tradicionales, los barrios hist\u00f3ricos y las joyas locales que escapan al turismo convencional.<\/p>\n\n\n\n<p>\u201cQueremos que quienes visitan la FIL conozcan tanto los grandes restaurantes como Alcalde, Xokol o Pa\u2019l Real, como las quesadillas de Santa Tere o los taquitos de Los Arcos. Guadalajara es un mosaico democr\u00e1tico, tiene espacio para todos los gustos y bolsillos\u201d, invit\u00f3 Staufert.<\/p>\n\n\n\n<p>A trav\u00e9s de esta iniciativa, los visitantes pueden descubrir lugares emblem\u00e1ticos como la Colonia Americana, el Mercado San Juan de Dios o el Paseo Chapultepec, y vivir la ciudad \u201ccomo un local\u201d.<\/p>\n\n\n\n<p><strong>DE GDL PARA EL MUNDO<\/strong><\/p>\n\n\n<div class=\"wp-block-image\">\n<figure class=\"alignright size-large is-resized\"><a href=\"https:\/\/gdlfashion.com\/wp-content\/uploads\/2025\/12\/IMG_2516-scaled.jpg\"><img loading=\"lazy\" decoding=\"async\" width=\"683\" height=\"1024\" src=\"https:\/\/gdlfashion.com\/wp-content\/uploads\/2025\/12\/IMG_2516-683x1024.jpg\" alt=\"\" class=\"wp-image-22299\" style=\"width:384px;height:auto\" srcset=\"https:\/\/gdlfashion.com\/wp-content\/uploads\/2025\/12\/IMG_2516-683x1024.jpg 683w, https:\/\/gdlfashion.com\/wp-content\/uploads\/2025\/12\/IMG_2516-200x300.jpg 200w, https:\/\/gdlfashion.com\/wp-content\/uploads\/2025\/12\/IMG_2516-768x1152.jpg 768w, https:\/\/gdlfashion.com\/wp-content\/uploads\/2025\/12\/IMG_2516-1024x1536.jpg 1024w, https:\/\/gdlfashion.com\/wp-content\/uploads\/2025\/12\/IMG_2516-1365x2048.jpg 1365w, https:\/\/gdlfashion.com\/wp-content\/uploads\/2025\/12\/IMG_2516-scaled.jpg 1707w\" sizes=\"(max-width: 683px) 100vw, 683px\" \/><\/a><\/figure><\/div>\n\n\n<p>La FIL tambi\u00e9n ha sido semillero de otros grandes eventos culturales, como el Festival Internacional de Cine en Guadalajara, PreMaco, (hoy Art Weekend), y el Mundial de Artes Esc\u00e9nicas, que mantienen a la ciudad en conversaci\u00f3n constante con el arte y la creatividad.<\/p>\n\n\n\n<p>Pero quiz\u00e1 lo m\u00e1s valioso sea su papel como espacio de encuentro y di\u00e1logo social.<\/p>\n\n\n\n<p>\u201cLo que m\u00e1s nos enorgullece es que la FIL sea un lugar donde todas las voces tienen cabida\u201d, reflexion\u00f3 el Director General de la OFVC.<\/p>\n\n\n\n<p>\u201cAqu\u00ed convergen distintas ideas, ideolog\u00edas y generaciones. Es una Guadalajara donde se puede dialogar y aprender, una ciudad abierta que crece a trav\u00e9s de la cultura\u201d.<\/p>\n\n\n\n<p>En ese sentido, la FIL no s\u00f3lo promueve libros, tambi\u00e9n impulsa la convivencia, el pensamiento y a la comunidad.<\/p>\n\n\n\n<p>Su esp\u00edritu democr\u00e1tico refleja la esencia de Guadalajara, como una ciudad que celebra la diversidad, que se renueva cada a\u00f1o y que, gracias a su oferta cultural, sigue posicion\u00e1ndose como un destino de talla internacional.<\/p>\n\n\n\n<p>\u201cGuadalajara es una ciudad que hay que caminar y disfrutar, desde Tlaquepaque hasta Tonal\u00e1, desde los sabores de Santa Tere hasta los espacios modernos de Andares. Tiene todo lo que puede ofrecer un destino tur\u00edstico y cultural\u201d, asegur\u00f3 Gustavo Staufert.<\/p>\n\n\n\n<p>Y as\u00ed, entre letras, gastronom\u00eda y di\u00e1logo, la FIL Guadalajara sigue siendo mucho m\u00e1s que una feria. Es una posibilidad que, cada noviembre en la Perla Tapat\u00eda, le recuerda al mundo que la cultura tambi\u00e9n es un motor de desarrollo, identidad y prosperidad.<\/p>\n","protected":false},"excerpt":{"rendered":"<p>Un Motor Cultural, Tur\u00edstico y Social Para M\u00e9xico, Invitado Barcelona La edici\u00f3n n\u00famero 39 de la Feria Internacional del Libro&hellip;<\/p>\n","protected":false},"author":2,"featured_media":22300,"comment_status":"open","ping_status":"closed","sticky":false,"template":"","format":"standard","meta":{"footnotes":""},"categories":[418,417,9,3],"tags":[],"_links":{"self":[{"href":"https:\/\/gdlfashion.com\/index.php?rest_route=\/wp\/v2\/posts\/22296"}],"collection":[{"href":"https:\/\/gdlfashion.com\/index.php?rest_route=\/wp\/v2\/posts"}],"about":[{"href":"https:\/\/gdlfashion.com\/index.php?rest_route=\/wp\/v2\/types\/post"}],"author":[{"embeddable":true,"href":"https:\/\/gdlfashion.com\/index.php?rest_route=\/wp\/v2\/users\/2"}],"replies":[{"embeddable":true,"href":"https:\/\/gdlfashion.com\/index.php?rest_route=%2Fwp%2Fv2%2Fcomments&post=22296"}],"version-history":[{"count":5,"href":"https:\/\/gdlfashion.com\/index.php?rest_route=\/wp\/v2\/posts\/22296\/revisions"}],"predecessor-version":[{"id":22305,"href":"https:\/\/gdlfashion.com\/index.php?rest_route=\/wp\/v2\/posts\/22296\/revisions\/22305"}],"wp:featuredmedia":[{"embeddable":true,"href":"https:\/\/gdlfashion.com\/index.php?rest_route=\/wp\/v2\/media\/22300"}],"wp:attachment":[{"href":"https:\/\/gdlfashion.com\/index.php?rest_route=%2Fwp%2Fv2%2Fmedia&parent=22296"}],"wp:term":[{"taxonomy":"category","embeddable":true,"href":"https:\/\/gdlfashion.com\/index.php?rest_route=%2Fwp%2Fv2%2Fcategories&post=22296"},{"taxonomy":"post_tag","embeddable":true,"href":"https:\/\/gdlfashion.com\/index.php?rest_route=%2Fwp%2Fv2%2Ftags&post=22296"}],"curies":[{"name":"wp","href":"https:\/\/api.w.org\/{rel}","templated":true}]}}