{"id":22225,"date":"2025-11-27T17:32:59","date_gmt":"2025-11-27T17:32:59","guid":{"rendered":"https:\/\/gdlfashion.com\/?p=22225"},"modified":"2025-11-27T17:32:59","modified_gmt":"2025-11-27T17:32:59","slug":"laura-cala-en-guadalajara","status":"publish","type":"post","link":"https:\/\/gdlfashion.com\/?p=22225","title":{"rendered":"Laura Cala en Guadalajara:"},"content":{"rendered":"\n<h3 class=\"wp-block-heading\">La cirujana pl\u00e1stica que transforma cuerpos y emociones<\/h3>\n\n\n<div class=\"wp-block-image\">\n<figure class=\"alignright size-large is-resized\"><a href=\"https:\/\/gdlfashion.com\/wp-content\/uploads\/2025\/11\/WhatsApp-Image-2025-11-24-at-3.45.20-PM-6.jpeg\"><img loading=\"lazy\" decoding=\"async\" width=\"628\" height=\"1024\" src=\"https:\/\/gdlfashion.com\/wp-content\/uploads\/2025\/11\/WhatsApp-Image-2025-11-24-at-3.45.20-PM-6-628x1024.jpeg\" alt=\"\" class=\"wp-image-22226\" style=\"width:317px;height:auto\" srcset=\"https:\/\/gdlfashion.com\/wp-content\/uploads\/2025\/11\/WhatsApp-Image-2025-11-24-at-3.45.20-PM-6-628x1024.jpeg 628w, https:\/\/gdlfashion.com\/wp-content\/uploads\/2025\/11\/WhatsApp-Image-2025-11-24-at-3.45.20-PM-6-184x300.jpeg 184w, https:\/\/gdlfashion.com\/wp-content\/uploads\/2025\/11\/WhatsApp-Image-2025-11-24-at-3.45.20-PM-6-768x1252.jpeg 768w, https:\/\/gdlfashion.com\/wp-content\/uploads\/2025\/11\/WhatsApp-Image-2025-11-24-at-3.45.20-PM-6.jpeg 785w\" sizes=\"(max-width: 628px) 100vw, 628px\" \/><\/a><\/figure><\/div>\n\n\n<p>La reconocida cirujana pl\u00e1stica colombiana, Laura Cala, volvi\u00f3 a Guadalajara despu\u00e9s de varios a\u00f1os para participar en uno de los encuentros m\u00e1s relevantes del sector: el Congreso Guerrero Santos 2025, un espacio donde especialistas en contorno corporal comparten avances, t\u00e9cnicas y tendencias. Su visita dej\u00f3 en claro no solo su liderazgo internacional, sino tambi\u00e9n la conexi\u00f3n especial que tiene con M\u00e9xico.<\/p>\n\n\n\n<p>\u201cMe invitaron a uno de los congresos m\u00e1s importantes de cirug\u00eda pl\u00e1stica est\u00e9tica donde se enfatiz\u00f3 en la cirug\u00eda de contorno corporal\u201d, expres\u00f3. Como speaker de Motiva (firma de implantes), la doctora imparti\u00f3 cinco conferencias donde abord\u00f3 temas como cirug\u00eda mamaria, lipoescultura en hombres y mujeres y lipectom\u00edas. Tambi\u00e9n habl\u00f3 de la t\u00e9cnica de implantes Preserv\u00e9 ya introducida en Colombia y ahora compartida con colegas mexicanos.<\/p>\n\n\n\n<p>Sobre su experiencia en Guadalajara, Cala destac\u00f3 la calidez del ambiente profesional y humano: \u201cLos mexicanos son muy especiales para nosotros los colombianos\u2026 fue muy gratificante compartir todo lo que yo s\u00e9 de contorno corporal\u201d.<\/p>\n\n\n<div class=\"wp-block-image\">\n<figure class=\"alignleft size-large is-resized\"><a href=\"https:\/\/gdlfashion.com\/wp-content\/uploads\/2025\/11\/WhatsApp-Image-2025-11-24-at-3.45.20-PM-3.jpeg\"><img loading=\"lazy\" decoding=\"async\" width=\"555\" height=\"1024\" src=\"https:\/\/gdlfashion.com\/wp-content\/uploads\/2025\/11\/WhatsApp-Image-2025-11-24-at-3.45.20-PM-3-555x1024.jpeg\" alt=\"\" class=\"wp-image-22227\" style=\"width:312px;height:auto\" srcset=\"https:\/\/gdlfashion.com\/wp-content\/uploads\/2025\/11\/WhatsApp-Image-2025-11-24-at-3.45.20-PM-3-555x1024.jpeg 555w, https:\/\/gdlfashion.com\/wp-content\/uploads\/2025\/11\/WhatsApp-Image-2025-11-24-at-3.45.20-PM-3-163x300.jpeg 163w, https:\/\/gdlfashion.com\/wp-content\/uploads\/2025\/11\/WhatsApp-Image-2025-11-24-at-3.45.20-PM-3.jpeg 694w\" sizes=\"(max-width: 555px) 100vw, 555px\" \/><\/a><\/figure><\/div>\n\n\n<p><strong>El auge del contorno corporal<\/strong><\/p>\n\n\n\n<p>Para la cirujana, esta \u00e1rea contin\u00faa liderando la demanda est\u00e9tica: \u201cLa mayor\u00eda de pacientes, tanto hombres como mujeres, piden liposculturas, disminuci\u00f3n de medidas, marcaci\u00f3n abdominal\u2026 es un auge impresionante\u201d.<\/p>\n\n\n\n<p>Su pr\u00e1ctica se distingue por el uso exhaustivo de tecnolog\u00eda avanzada desde el quir\u00f3fano: dispositivos que acortan el tiempo quir\u00fargico, facilitan la extracci\u00f3n de grasa, retracci\u00f3n de piel y permiten t\u00e9cnicas como la lipoinyecci\u00f3n gl\u00fatea para lograr gl\u00fateos con forma arm\u00f3nica y natural.<\/p>\n\n\n\n<p>\u00bfAbrir una cl\u00ednica en M\u00e9xico?<\/p>\n\n\n\n<p>Laura confirma que la idea no est\u00e1 descartada: \u201cUn centro como el que tengo s\u00ed lo podr\u00eda llevar a otros pa\u00edses y lo tengo en mente\u201d.<\/p>\n\n\n\n<p>Aunque por regulaci\u00f3n cada pa\u00eds tiene sus reglamentaciones, Laura se\u00f1ala que s\u00ed podr\u00eda establecer un centro de bienestar est\u00e9tico, similar a su proyecto en Colombia: Soul by Cala, un medespa de belleza 360 donde convergen tecnolog\u00eda, medicina est\u00e9tica y cuidado integral.<\/p>\n\n\n<div class=\"wp-block-image\">\n<figure class=\"alignright size-large is-resized\"><a href=\"https:\/\/gdlfashion.com\/wp-content\/uploads\/2025\/11\/WhatsApp-Image-2025-11-24-at-3.45.20-PM-5.jpeg\"><img loading=\"lazy\" decoding=\"async\" width=\"683\" height=\"1024\" src=\"https:\/\/gdlfashion.com\/wp-content\/uploads\/2025\/11\/WhatsApp-Image-2025-11-24-at-3.45.20-PM-5-683x1024.jpeg\" alt=\"\" class=\"wp-image-22228\" style=\"width:320px;height:auto\" srcset=\"https:\/\/gdlfashion.com\/wp-content\/uploads\/2025\/11\/WhatsApp-Image-2025-11-24-at-3.45.20-PM-5-683x1024.jpeg 683w, https:\/\/gdlfashion.com\/wp-content\/uploads\/2025\/11\/WhatsApp-Image-2025-11-24-at-3.45.20-PM-5-200x300.jpeg 200w, https:\/\/gdlfashion.com\/wp-content\/uploads\/2025\/11\/WhatsApp-Image-2025-11-24-at-3.45.20-PM-5-768x1151.jpeg 768w, https:\/\/gdlfashion.com\/wp-content\/uploads\/2025\/11\/WhatsApp-Image-2025-11-24-at-3.45.20-PM-5.jpeg 854w\" sizes=\"(max-width: 683px) 100vw, 683px\" \/><\/a><\/figure><\/div>\n\n\n<p>Soul by Cala ofrece radiofrecuencia, ultrasonido focalizado, l\u00e1ser, rejuvenecimiento facial, tratamientos postoperatorios, equipo de nutrici\u00f3n, aparatolog\u00eda avanzada, inyectables premium y experiencias personalizadas con ambiente tipo hotel cinco estrellas.<\/p>\n\n\n\n<p>Ser parte de los sue\u00f1os de sus pacientes<\/p>\n\n\n\n<p>La doctora Cala concibe su trabajo como un puente hacia la plenitud emocional: \u201cPor una cirug\u00eda, una paciente mejora su autoestima, cambia su estilo de vida, la forma de vestirse\u2026 para m\u00ed es el mejor regalo que me pudo haber dado la vida\u201d.<\/p>\n\n\n\n<p>Su paso por Guadalajara reafirma la conexi\u00f3n entre Colombia y M\u00e9xico en la pr\u00e1ctica est\u00e9tica, as\u00ed como la importancia de compartir t\u00e9cnicas para impulsar el crecimiento del sector en ambos pa\u00edses.<\/p>\n","protected":false},"excerpt":{"rendered":"<p>La cirujana pl\u00e1stica que transforma cuerpos y emociones La reconocida cirujana pl\u00e1stica colombiana, Laura Cala, volvi\u00f3 a Guadalajara despu\u00e9s de&hellip;<\/p>\n","protected":false},"author":2,"featured_media":22229,"comment_status":"open","ping_status":"closed","sticky":false,"template":"","format":"standard","meta":{"footnotes":""},"categories":[412,418,9,3,413],"tags":[],"_links":{"self":[{"href":"https:\/\/gdlfashion.com\/index.php?rest_route=\/wp\/v2\/posts\/22225"}],"collection":[{"href":"https:\/\/gdlfashion.com\/index.php?rest_route=\/wp\/v2\/posts"}],"about":[{"href":"https:\/\/gdlfashion.com\/index.php?rest_route=\/wp\/v2\/types\/post"}],"author":[{"embeddable":true,"href":"https:\/\/gdlfashion.com\/index.php?rest_route=\/wp\/v2\/users\/2"}],"replies":[{"embeddable":true,"href":"https:\/\/gdlfashion.com\/index.php?rest_route=%2Fwp%2Fv2%2Fcomments&post=22225"}],"version-history":[{"count":1,"href":"https:\/\/gdlfashion.com\/index.php?rest_route=\/wp\/v2\/posts\/22225\/revisions"}],"predecessor-version":[{"id":22230,"href":"https:\/\/gdlfashion.com\/index.php?rest_route=\/wp\/v2\/posts\/22225\/revisions\/22230"}],"wp:featuredmedia":[{"embeddable":true,"href":"https:\/\/gdlfashion.com\/index.php?rest_route=\/wp\/v2\/media\/22229"}],"wp:attachment":[{"href":"https:\/\/gdlfashion.com\/index.php?rest_route=%2Fwp%2Fv2%2Fmedia&parent=22225"}],"wp:term":[{"taxonomy":"category","embeddable":true,"href":"https:\/\/gdlfashion.com\/index.php?rest_route=%2Fwp%2Fv2%2Fcategories&post=22225"},{"taxonomy":"post_tag","embeddable":true,"href":"https:\/\/gdlfashion.com\/index.php?rest_route=%2Fwp%2Fv2%2Ftags&post=22225"}],"curies":[{"name":"wp","href":"https:\/\/api.w.org\/{rel}","templated":true}]}}