{"id":22153,"date":"2025-10-12T16:16:22","date_gmt":"2025-10-12T16:16:22","guid":{"rendered":"https:\/\/gdlfashion.com\/?p=22153"},"modified":"2025-10-21T16:16:45","modified_gmt":"2025-10-21T16:16:45","slug":"leyendas-mundialistas-comparten-sus-vivencias-en-fiestas-de-octubre","status":"publish","type":"post","link":"https:\/\/gdlfashion.com\/?p=22153","title":{"rendered":"Leyendas Mundialistas comparten sus vivencias en Fiestas de Octubre"},"content":{"rendered":"\n<p>A tan s\u00f3lo 242 d\u00edas del Mundial 2026, este domingo el Auditorio Benito Ju\u00e1rez fue escenario de la primera conferencia de \u201cLeyendas Mundialistas\u201d, encuentro que reuni\u00f3 a grandes figuras del futbol mexicano como Alicia \u201cLicha\u201d Cervantes, Manuel Negrete, Pavel Pardo y Luis Roberto Alves \u201cZague\u201d en el marco de las Fiestas de Octubre 2025.<\/p>\n\n\n\n<p>Durante la charla, compartieron an\u00e9cdotas, experiencias y reflexiones sobre su trayectoria en el futbol nacional e internacional. Todos coincidieron en la importancia del trabajo en equipo, la disciplina y el orgullo de representar a M\u00e9xico en competencias mundialistas.<\/p>\n\n\n\n<p>\u201cEs verdad que hoy el futbol mexicano no est\u00e1 pasando por un buen momento, pero estos resultados que hoy vemos no deben ser una se\u00f1al de que en M\u00e9xico no existe capacidad\u201d, coment\u00f3 Zague en una de sus intervenciones.&nbsp;<\/p>\n\n\n\n<p>\u201cS\u00ed hay capacidad futbol\u00edstica y la Selecci\u00f3n en diferentes \u00e9pocas que nos tocaron, tuvo varios momentos en los que en Mundiales le ha faltado el centavo para el peso, pero ten\u00eda para mucho m\u00e1s, para trascender a algo importante\u201d.<\/p>\n\n\n\n<p>Pardo y Negrete recordaron an\u00e9cdotas de sus vivencias en los Mundiales de Francia 98 y de M\u00e9xico 86 respectivamente.<\/p>\n\n\n\n<p>Previo a la conferencia, recorrieron el Pabell\u00f3n Alma del Mundial en donde adem\u00e1s de ensayar los remates a gol y posar en las diversas estaciones, compartieron algunas palabras, fotos y aut\u00f3grafos con los fan\u00e1ticos al balompi\u00e9 que les esper\u00f3 con emoci\u00f3n por un saludo de sus \u00eddolos.<\/p>\n\n\n\n<p>Con actividades como esta, Fiestas de Octubre reafirma su compromiso de ofrecer al p\u00fablico experiencias culturales, deportivas y de entretenimiento para todas las edades.<\/p>\n","protected":false},"excerpt":{"rendered":"<p>A tan s\u00f3lo 242 d\u00edas del Mundial 2026, este domingo el Auditorio Benito Ju\u00e1rez fue escenario de la primera conferencia&hellip;<\/p>\n","protected":false},"author":2,"featured_media":22154,"comment_status":"open","ping_status":"closed","sticky":false,"template":"","format":"standard","meta":{"footnotes":""},"categories":[416,417,9,3],"tags":[],"_links":{"self":[{"href":"https:\/\/gdlfashion.com\/index.php?rest_route=\/wp\/v2\/posts\/22153"}],"collection":[{"href":"https:\/\/gdlfashion.com\/index.php?rest_route=\/wp\/v2\/posts"}],"about":[{"href":"https:\/\/gdlfashion.com\/index.php?rest_route=\/wp\/v2\/types\/post"}],"author":[{"embeddable":true,"href":"https:\/\/gdlfashion.com\/index.php?rest_route=\/wp\/v2\/users\/2"}],"replies":[{"embeddable":true,"href":"https:\/\/gdlfashion.com\/index.php?rest_route=%2Fwp%2Fv2%2Fcomments&post=22153"}],"version-history":[{"count":1,"href":"https:\/\/gdlfashion.com\/index.php?rest_route=\/wp\/v2\/posts\/22153\/revisions"}],"predecessor-version":[{"id":22155,"href":"https:\/\/gdlfashion.com\/index.php?rest_route=\/wp\/v2\/posts\/22153\/revisions\/22155"}],"wp:featuredmedia":[{"embeddable":true,"href":"https:\/\/gdlfashion.com\/index.php?rest_route=\/wp\/v2\/media\/22154"}],"wp:attachment":[{"href":"https:\/\/gdlfashion.com\/index.php?rest_route=%2Fwp%2Fv2%2Fmedia&parent=22153"}],"wp:term":[{"taxonomy":"category","embeddable":true,"href":"https:\/\/gdlfashion.com\/index.php?rest_route=%2Fwp%2Fv2%2Fcategories&post=22153"},{"taxonomy":"post_tag","embeddable":true,"href":"https:\/\/gdlfashion.com\/index.php?rest_route=%2Fwp%2Fv2%2Ftags&post=22153"}],"curies":[{"name":"wp","href":"https:\/\/api.w.org\/{rel}","templated":true}]}}