{"id":22144,"date":"2025-10-12T16:05:52","date_gmt":"2025-10-12T16:05:52","guid":{"rendered":"https:\/\/gdlfashion.com\/?p=22144"},"modified":"2025-10-21T16:12:20","modified_gmt":"2025-10-21T16:12:20","slug":"joss-favela-y-sus-compas","status":"publish","type":"post","link":"https:\/\/gdlfashion.com\/?p=22144","title":{"rendered":"Joss Favela y sus compas"},"content":{"rendered":"\n<h3 class=\"wp-block-heading\">La arman en grande en el Foro Principal de Fiestas de Octubre<\/h3>\n\n\n\n<p>Tal como lo prometi\u00f3 durante la semana, Joss Favela cumpli\u00f3 y con creces su cita con el p\u00fablico tapat\u00edo al compartir una noche espectacular que fue protagonizada por el cantautor sinaloense y sus compas, que para esta ocasi\u00f3n fueron Los Plebes del Rancho, El Yaki, Cornelio Vega, La Receta, El Frizian, Cesar Inzunza, Ang\u00e9lica Vargas y los 2 de las S.&nbsp;<\/p>\n\n\n\n<p>Ante cerca de 5 mil personas en el Foro Principal, el autor de \u00e9xitos como \u201cMe hubieras dicho\u201d, \u201cLa magia de tus ojos\u201d y recientemente \u201cEl beneficio de la duda\u201d, apareci\u00f3 en escena completamente vestido de negro y despu\u00e9s de interpretar las primeras dos canciones, hizo una pausa para agradecer la presencia de su p\u00fablico.&nbsp;&nbsp;&nbsp;&nbsp;<\/p>\n\n\n\n<p>\u201cMuchas gracias a todos por estar aqu\u00ed, estoy muy contento por ser parte de estas fiestas, quiero agradecer tambi\u00e9n a todos mis amigos, a mis cuates que me acompa\u00f1an esta noche tan especial, la vamos a pasar muy bien, vamos a tener mucha m\u00fasica y vamos a cantar muchas canciones, de verdad gracias todos por acompa\u00f1arme\u201d.&nbsp;<\/p>\n\n\n\n<p>Y como la noche iba a ser compartida, invit\u00f3 a C\u00e9sar Inzunza para cantar juntos \u201cAmar a mi nivel\u201d, \u201cCuando fuimos nada\u201d, \u201cBonita\u201d y \u201cCon todo respetillo\u201d.&nbsp;<\/p>\n\n\n\n<p>El siguiente en subir fue El Frizian para hacer \u201c700 d\u00edas\u201d, \u201cDisculpe usted\u201d, \u201cLa Picare\u201d y \u201cLa bailadora\u201d, para posteriormente llamar a Los Plebes del Rancho con los que comparti\u00f3 seis temas de sus composiciones m\u00e1s conocidas que pusieron a cantar a todos los presentes.&nbsp;&nbsp;<\/p>\n\n\n\n<p>Emocionado, Joss volvi\u00f3 a tomar la palabra para presentar a sus paisanos del grupo La Receta, con quienes cant\u00f3 \u201cQue belleza de mujer\u201d, \u201cAfuera est\u00e1 lloviendo\u201d y a la que considera una de sus composiciones favoritas \u201cLa mejor versi\u00f3n de m\u00ed\u201d, que hizo \u00e9xito en la voz de la cantante Natti Natasha.&nbsp;<\/p>\n\n\n\n<p>Pero la noche lleg\u00f3 a su cl\u00edmax con dos momentos muy especiales, cuando apareci\u00f3 el mariachi para acompa\u00f1ar a Joss Favela en \u201cLa magia de tus ojos\u201d y cuando present\u00f3 a dos m\u00e1s de sus invitados que fueron recibidos con mucha m\u00e1s emoci\u00f3n por parte de sus fans, los cantantes Cornelio Vega y Luis Antonio Partida \u201cEl Yaki\u201d.&nbsp;<\/p>\n\n\n\n<p>Despu\u00e9s de m\u00e1s de dos horas de concierto, Joss cerr\u00f3 la noche invitando a la cantante Ang\u00e9lica Vargas para cantar \u201cMi ego\u201d y le puso fin a la velada con \u201cMe vas a extra\u00f1ar\u201d y \u201cSomos lo que somos\u201d, al lado de sus \u00faltimos dos cuates, el d\u00fao Los 2 de las S.<\/p>\n\n\n\n<figure class=\"wp-block-gallery has-nested-images columns-default is-cropped wp-block-gallery-1 is-layout-flex wp-block-gallery-is-layout-flex\">\n<figure class=\"wp-block-image size-large\"><a href=\"https:\/\/gdlfashion.com\/wp-content\/uploads\/2025\/10\/MG_4924.jpg\"><img loading=\"lazy\" decoding=\"async\" width=\"844\" height=\"563\" data-id=\"22145\" src=\"https:\/\/gdlfashion.com\/wp-content\/uploads\/2025\/10\/MG_4924.jpg\" alt=\"\" class=\"wp-image-22145\" srcset=\"https:\/\/gdlfashion.com\/wp-content\/uploads\/2025\/10\/MG_4924.jpg 844w, https:\/\/gdlfashion.com\/wp-content\/uploads\/2025\/10\/MG_4924-300x200.jpg 300w, https:\/\/gdlfashion.com\/wp-content\/uploads\/2025\/10\/MG_4924-768x512.jpg 768w\" sizes=\"(max-width: 844px) 100vw, 844px\" \/><\/a><\/figure>\n\n\n\n<figure class=\"wp-block-image size-large\"><a href=\"https:\/\/gdlfashion.com\/wp-content\/uploads\/2025\/10\/MG_5022.jpg\"><img loading=\"lazy\" decoding=\"async\" width=\"1024\" height=\"683\" data-id=\"22146\" src=\"https:\/\/gdlfashion.com\/wp-content\/uploads\/2025\/10\/MG_5022-1024x683.jpg\" alt=\"\" class=\"wp-image-22146\" srcset=\"https:\/\/gdlfashion.com\/wp-content\/uploads\/2025\/10\/MG_5022-1024x683.jpg 1024w, https:\/\/gdlfashion.com\/wp-content\/uploads\/2025\/10\/MG_5022-300x200.jpg 300w, https:\/\/gdlfashion.com\/wp-content\/uploads\/2025\/10\/MG_5022-768x512.jpg 768w, https:\/\/gdlfashion.com\/wp-content\/uploads\/2025\/10\/MG_5022.jpg 1062w\" sizes=\"(max-width: 1024px) 100vw, 1024px\" \/><\/a><\/figure>\n\n\n\n<figure class=\"wp-block-image size-large\"><a href=\"https:\/\/gdlfashion.com\/wp-content\/uploads\/2025\/10\/MG_5142.jpg\"><img loading=\"lazy\" decoding=\"async\" width=\"1024\" height=\"683\" data-id=\"22148\" src=\"https:\/\/gdlfashion.com\/wp-content\/uploads\/2025\/10\/MG_5142-1024x683.jpg\" alt=\"\" class=\"wp-image-22148\" srcset=\"https:\/\/gdlfashion.com\/wp-content\/uploads\/2025\/10\/MG_5142-1024x683.jpg 1024w, https:\/\/gdlfashion.com\/wp-content\/uploads\/2025\/10\/MG_5142-300x200.jpg 300w, https:\/\/gdlfashion.com\/wp-content\/uploads\/2025\/10\/MG_5142-768x512.jpg 768w, https:\/\/gdlfashion.com\/wp-content\/uploads\/2025\/10\/MG_5142.jpg 1064w\" sizes=\"(max-width: 1024px) 100vw, 1024px\" \/><\/a><\/figure>\n\n\n\n<figure class=\"wp-block-image size-large\"><a href=\"https:\/\/gdlfashion.com\/wp-content\/uploads\/2025\/10\/MG_5172.jpg\"><img loading=\"lazy\" decoding=\"async\" width=\"791\" height=\"528\" data-id=\"22149\" src=\"https:\/\/gdlfashion.com\/wp-content\/uploads\/2025\/10\/MG_5172.jpg\" alt=\"\" class=\"wp-image-22149\" srcset=\"https:\/\/gdlfashion.com\/wp-content\/uploads\/2025\/10\/MG_5172.jpg 791w, https:\/\/gdlfashion.com\/wp-content\/uploads\/2025\/10\/MG_5172-300x200.jpg 300w, https:\/\/gdlfashion.com\/wp-content\/uploads\/2025\/10\/MG_5172-768x513.jpg 768w\" sizes=\"(max-width: 791px) 100vw, 791px\" \/><\/a><\/figure>\n\n\n\n<figure class=\"wp-block-image size-large\"><a href=\"https:\/\/gdlfashion.com\/wp-content\/uploads\/2025\/10\/MG_5649.jpg\"><img loading=\"lazy\" decoding=\"async\" width=\"888\" height=\"592\" data-id=\"22147\" src=\"https:\/\/gdlfashion.com\/wp-content\/uploads\/2025\/10\/MG_5649.jpg\" alt=\"\" class=\"wp-image-22147\" srcset=\"https:\/\/gdlfashion.com\/wp-content\/uploads\/2025\/10\/MG_5649.jpg 888w, https:\/\/gdlfashion.com\/wp-content\/uploads\/2025\/10\/MG_5649-300x200.jpg 300w, https:\/\/gdlfashion.com\/wp-content\/uploads\/2025\/10\/MG_5649-768x512.jpg 768w\" sizes=\"(max-width: 888px) 100vw, 888px\" \/><\/a><\/figure>\n\n\n\n<figure class=\"wp-block-image size-large\"><a href=\"https:\/\/gdlfashion.com\/wp-content\/uploads\/2025\/10\/MG_5774.jpg\"><img loading=\"lazy\" decoding=\"async\" width=\"1024\" height=\"683\" data-id=\"22150\" src=\"https:\/\/gdlfashion.com\/wp-content\/uploads\/2025\/10\/MG_5774-1024x683.jpg\" alt=\"\" class=\"wp-image-22150\" srcset=\"https:\/\/gdlfashion.com\/wp-content\/uploads\/2025\/10\/MG_5774-1024x683.jpg 1024w, https:\/\/gdlfashion.com\/wp-content\/uploads\/2025\/10\/MG_5774-300x200.jpg 300w, https:\/\/gdlfashion.com\/wp-content\/uploads\/2025\/10\/MG_5774-768x512.jpg 768w, https:\/\/gdlfashion.com\/wp-content\/uploads\/2025\/10\/MG_5774.jpg 1047w\" sizes=\"(max-width: 1024px) 100vw, 1024px\" \/><\/a><\/figure>\n<\/figure>\n\n\n\n<p><\/p>\n\n\n\n<p><\/p>\n","protected":false},"excerpt":{"rendered":"<p>La arman en grande en el Foro Principal de Fiestas de Octubre Tal como lo prometi\u00f3 durante la semana, Joss&hellip;<\/p>\n","protected":false},"author":2,"featured_media":22151,"comment_status":"open","ping_status":"closed","sticky":false,"template":"","format":"standard","meta":{"footnotes":""},"categories":[412,417,9,3],"tags":[],"_links":{"self":[{"href":"https:\/\/gdlfashion.com\/index.php?rest_route=\/wp\/v2\/posts\/22144"}],"collection":[{"href":"https:\/\/gdlfashion.com\/index.php?rest_route=\/wp\/v2\/posts"}],"about":[{"href":"https:\/\/gdlfashion.com\/index.php?rest_route=\/wp\/v2\/types\/post"}],"author":[{"embeddable":true,"href":"https:\/\/gdlfashion.com\/index.php?rest_route=\/wp\/v2\/users\/2"}],"replies":[{"embeddable":true,"href":"https:\/\/gdlfashion.com\/index.php?rest_route=%2Fwp%2Fv2%2Fcomments&post=22144"}],"version-history":[{"count":1,"href":"https:\/\/gdlfashion.com\/index.php?rest_route=\/wp\/v2\/posts\/22144\/revisions"}],"predecessor-version":[{"id":22152,"href":"https:\/\/gdlfashion.com\/index.php?rest_route=\/wp\/v2\/posts\/22144\/revisions\/22152"}],"wp:featuredmedia":[{"embeddable":true,"href":"https:\/\/gdlfashion.com\/index.php?rest_route=\/wp\/v2\/media\/22151"}],"wp:attachment":[{"href":"https:\/\/gdlfashion.com\/index.php?rest_route=%2Fwp%2Fv2%2Fmedia&parent=22144"}],"wp:term":[{"taxonomy":"category","embeddable":true,"href":"https:\/\/gdlfashion.com\/index.php?rest_route=%2Fwp%2Fv2%2Fcategories&post=22144"},{"taxonomy":"post_tag","embeddable":true,"href":"https:\/\/gdlfashion.com\/index.php?rest_route=%2Fwp%2Fv2%2Ftags&post=22144"}],"curies":[{"name":"wp","href":"https:\/\/api.w.org\/{rel}","templated":true}]}}