{"id":22077,"date":"2025-10-21T00:02:30","date_gmt":"2025-10-21T00:02:30","guid":{"rendered":"https:\/\/gdlfashion.com\/?p=22077"},"modified":"2025-10-21T00:02:30","modified_gmt":"2025-10-21T00:02:30","slug":"la-salud-mental-y-la-alimentacion","status":"publish","type":"post","link":"https:\/\/gdlfashion.com\/?p=22077","title":{"rendered":"La salud mental y la alimentaci\u00f3n"},"content":{"rendered":"\n<h3 class=\"wp-block-heading\"><strong>Un v\u00ednculo clave para el bienestar<\/strong><\/h3>\n\n\n\n<p>Hablar de salud mental ya no es un tema secundario. En un mundo cada vez m\u00e1s acelerado, donde la prisa, la sobrecarga de informaci\u00f3n y la presi\u00f3n social forman parte de la rutina, el equilibrio emocional se ha convertido en un aspecto central para mantener una vida plena.<\/p>\n\n\n\n<p>Aunque con frecuencia se asocia la salud mental \u00fanicamente a la psicolog\u00eda o la medicina, especialistas coinciden en que se trata de un concepto integral: abarca c\u00f3mo dormimos, c\u00f3mo nos relacionamos, cu\u00e1nto nos movemos y, sobre todo, qu\u00e9 comemos. En este sentido, la alimentaci\u00f3n no solo nutre el cuerpo, tambi\u00e9n tiene un impacto directo en el estado de \u00e1nimo, la concentraci\u00f3n y la capacidad de afrontar el d\u00eda a d\u00eda.<\/p>\n\n\n\n<h3 class=\"wp-block-heading\"><strong>Alimentaci\u00f3n y emociones: una relaci\u00f3n comprobada<\/strong><\/h3>\n\n\n<div class=\"wp-block-image\">\n<figure class=\"alignright size-large is-resized\"><a href=\"https:\/\/gdlfashion.com\/wp-content\/uploads\/2025\/10\/pexels-elly-fairytale-.jpg\"><img loading=\"lazy\" decoding=\"async\" width=\"683\" height=\"1024\" src=\"https:\/\/gdlfashion.com\/wp-content\/uploads\/2025\/10\/pexels-elly-fairytale--683x1024.jpg\" alt=\"\" class=\"wp-image-22079\" style=\"width:359px;height:auto\" srcset=\"https:\/\/gdlfashion.com\/wp-content\/uploads\/2025\/10\/pexels-elly-fairytale--683x1024.jpg 683w, https:\/\/gdlfashion.com\/wp-content\/uploads\/2025\/10\/pexels-elly-fairytale--200x300.jpg 200w, https:\/\/gdlfashion.com\/wp-content\/uploads\/2025\/10\/pexels-elly-fairytale-.jpg 768w\" sizes=\"(max-width: 683px) 100vw, 683px\" \/><\/a><\/figure><\/div>\n\n\n<p>Diversas investigaciones han demostrado que lo que llevamos al plato influye en la mente. Los alimentos ricos en fibra, vitaminas y minerales no solo fortalecen el sistema inmunol\u00f3gico, sino que participan en procesos qu\u00edmicos que favorecen la estabilidad emocional.<\/p>\n\n\n\n<p>Por ejemplo, la avena y la granola ayudan a producir serotonina, la llamada \u201chormona del bienestar\u201d, que regula el \u00e1nimo y el sue\u00f1o. Tambi\u00e9n permiten mantener niveles estables de glucosa, evitando altibajos emocionales que muchas veces se confunden con cansancio o estr\u00e9s. Adem\u00e1s, al ser fuente de energ\u00eda sostenida, contribuyen a mejorar la concentraci\u00f3n y la motivaci\u00f3n diaria.<\/p>\n\n\n\n<h3 class=\"wp-block-heading\"><a><\/a><strong>Un estilo de vida m\u00e1s all\u00e1 de la tendencia<\/strong><\/h3>\n\n\n\n<p>Para Felipe G\u00f3mez Garc\u00eda, CEO de Grupo Vida y su marca Granvita, el bienestar no deber\u00eda entenderse como una moda pasajera: <em>\u201cPensar en el bienestar y en la salud de las personas nos va a llevar a una evoluci\u00f3n cada vez mejor. Estamos convencidos de que el origen del bienestar son dos cosas: la alimentaci\u00f3n saludable y el movimiento\u201d<\/em>, explica.<\/p>\n\n\n\n<p>Esto significa que la salud mental tambi\u00e9n puede cuidarse con peque\u00f1os gestos cotidianos: elegir un desayuno nutritivo, regalarse momentos de descanso, practicar actividad f\u00edsica ligera o simplemente aprender a escuchar las propias necesidades.<\/p>\n\n\n\n<h3 class=\"wp-block-heading\"><a><\/a><strong>Recetas que nutren cuerpo y mente<\/strong><\/h3>\n\n\n\n<p>En el marco del mes de la Salud Mental, surgen propuestas sencillas que muestran c\u00f3mo un platillo bien pensado puede convertirse en un aliado del bienestar emocional:<\/p>\n\n\n\n<ul>\n<li><strong>Overnight oats con frutos rojos y semillas.<\/strong> Ricos en antioxidantes, ayudan a proteger al cerebro del estr\u00e9s oxidativo y proporcionan energ\u00eda estable para comenzar el d\u00eda con mejor \u00e1nimo.<br><br><\/li>\n\n\n\n<li><strong>Bowl de yogur con granola, pl\u00e1tano y cacao.<\/strong> Una combinaci\u00f3n que favorece la producci\u00f3n de serotonina y aporta magnesio, ideal para reducir la sensaci\u00f3n de estr\u00e9s.<br><br><\/li>\n\n\n\n<li><strong>Galletas de avena, granola y miel.<\/strong> Una opci\u00f3n pr\u00e1ctica para media ma\u00f1ana o media tarde, que aporta energ\u00eda sostenida y evita picos de glucosa que afectan la concentraci\u00f3n.<br><br><\/li>\n<\/ul>\n\n\n\n<p>Estas recetas muestran c\u00f3mo la salud mental tambi\u00e9n puede cultivarse en la cocina, con ingredientes accesibles y f\u00e1ciles de integrar en la vida diaria.<\/p>\n\n\n\n<h3 class=\"wp-block-heading\"><a><\/a><strong>Bienestar que trasciende<\/strong><\/h3>\n\n\n\n<p>La Organizaci\u00f3n Mundial de la Salud recuerda que \u201cno hay salud sin salud mental\u201d. Bajo esta premisa, la conversaci\u00f3n sobre bienestar no puede limitarse a tratamientos o diagn\u00f3sticos, sino ampliarse hacia un estilo de vida m\u00e1s consciente.<\/p>\n\n\n\n<p>La alimentaci\u00f3n es un punto de partida sencillo y al alcance de todos, que, junto con el descanso, el movimiento y el autocuidado, puede marcar una diferencia significativa. En palabras de especialistas, cuidar lo que comemos es tambi\u00e9n cuidar lo que pensamos y sentimos.<\/p>\n\n\n\n<p>En este sentido, marcas como Granvita, con m\u00e1s de cuatro d\u00e9cadas de trayectoria en la producci\u00f3n de avena y granola, buscan sumarse a este movimiento de conciencia, recordando que el bienestar integral es una construcci\u00f3n diaria.<\/p>\n","protected":false},"excerpt":{"rendered":"<p>Un v\u00ednculo clave para el bienestar Hablar de salud mental ya no es un tema secundario. En un mundo cada&hellip;<\/p>\n","protected":false},"author":2,"featured_media":22078,"comment_status":"open","ping_status":"closed","sticky":false,"template":"","format":"standard","meta":{"footnotes":""},"categories":[415,3,413],"tags":[],"_links":{"self":[{"href":"https:\/\/gdlfashion.com\/index.php?rest_route=\/wp\/v2\/posts\/22077"}],"collection":[{"href":"https:\/\/gdlfashion.com\/index.php?rest_route=\/wp\/v2\/posts"}],"about":[{"href":"https:\/\/gdlfashion.com\/index.php?rest_route=\/wp\/v2\/types\/post"}],"author":[{"embeddable":true,"href":"https:\/\/gdlfashion.com\/index.php?rest_route=\/wp\/v2\/users\/2"}],"replies":[{"embeddable":true,"href":"https:\/\/gdlfashion.com\/index.php?rest_route=%2Fwp%2Fv2%2Fcomments&post=22077"}],"version-history":[{"count":1,"href":"https:\/\/gdlfashion.com\/index.php?rest_route=\/wp\/v2\/posts\/22077\/revisions"}],"predecessor-version":[{"id":22080,"href":"https:\/\/gdlfashion.com\/index.php?rest_route=\/wp\/v2\/posts\/22077\/revisions\/22080"}],"wp:featuredmedia":[{"embeddable":true,"href":"https:\/\/gdlfashion.com\/index.php?rest_route=\/wp\/v2\/media\/22078"}],"wp:attachment":[{"href":"https:\/\/gdlfashion.com\/index.php?rest_route=%2Fwp%2Fv2%2Fmedia&parent=22077"}],"wp:term":[{"taxonomy":"category","embeddable":true,"href":"https:\/\/gdlfashion.com\/index.php?rest_route=%2Fwp%2Fv2%2Fcategories&post=22077"},{"taxonomy":"post_tag","embeddable":true,"href":"https:\/\/gdlfashion.com\/index.php?rest_route=%2Fwp%2Fv2%2Ftags&post=22077"}],"curies":[{"name":"wp","href":"https:\/\/api.w.org\/{rel}","templated":true}]}}