{"id":21997,"date":"2025-10-09T18:09:28","date_gmt":"2025-10-09T18:09:28","guid":{"rendered":"https:\/\/gdlfashion.com\/?p=21997"},"modified":"2025-10-10T02:11:53","modified_gmt":"2025-10-10T02:11:53","slug":"eco-caos","status":"publish","type":"post","link":"https:\/\/gdlfashion.com\/?p=21997","title":{"rendered":"Eco &#038; Caos"},"content":{"rendered":"\n<h3 class=\"wp-block-heading\">Belleza que se vive: Mar\u00eda Bermudez y el equilibrio de Eco y Caos<\/h3>\n\n\n\n<p>\u00ab<em>Hablar de salud mental no es moda, es una realidad; no es opci\u00f3n, es una necesidad.<br>En Eco y Caos, creemos que el movimiento es una forma de sanar, pero tambi\u00e9n que hablarlo, nombrarlo y normalizarlo es parte del proceso.<br>Este es uno de los pilares de nuestra marca para conectar con otras personas desde lo real.<br>Sin caos no hay cambio y sin cambio no hay transformaci\u00f3n.<\/em>\u00bb Mar\u00eda Bermudez.<\/p>\n\n\n<div class=\"wp-block-image\">\n<figure class=\"alignleft size-large is-resized\"><a href=\"https:\/\/gdlfashion.com\/wp-content\/uploads\/2025\/10\/IMG_7489-scaled.jpg\"><img loading=\"lazy\" decoding=\"async\" width=\"683\" height=\"1024\" src=\"https:\/\/gdlfashion.com\/wp-content\/uploads\/2025\/10\/IMG_7489-683x1024.jpg\" alt=\"\" class=\"wp-image-21998\" style=\"width:381px;height:auto\" srcset=\"https:\/\/gdlfashion.com\/wp-content\/uploads\/2025\/10\/IMG_7489-683x1024.jpg 683w, https:\/\/gdlfashion.com\/wp-content\/uploads\/2025\/10\/IMG_7489-200x300.jpg 200w, https:\/\/gdlfashion.com\/wp-content\/uploads\/2025\/10\/IMG_7489-768x1152.jpg 768w, https:\/\/gdlfashion.com\/wp-content\/uploads\/2025\/10\/IMG_7489-1024x1536.jpg 1024w, https:\/\/gdlfashion.com\/wp-content\/uploads\/2025\/10\/IMG_7489-1365x2048.jpg 1365w, https:\/\/gdlfashion.com\/wp-content\/uploads\/2025\/10\/IMG_7489-scaled.jpg 1707w\" sizes=\"(max-width: 683px) 100vw, 683px\" \/><\/a><\/figure><\/div>\n\n\n<p>En el mundo de la moda deportiva, donde la tendencia muchas veces se centra \u00fanicamente en la apariencia exterior, surge Eco y Caos, una marca que redefine el concepto de vestir para entrenar. Su creadora, Mar\u00eda Bermudez, ha encontrado la f\u00f3rmula para unir est\u00e9tica, funcionalidad y bienestar interior en cada prenda.<\/p>\n\n\n\n<p>GDLFASHION convers\u00f3 con ella para conocer m\u00e1s sobre su visi\u00f3n, inspiraci\u00f3n y el futuro de la moda consciente.<\/p>\n\n\n\n<p><strong>Mar\u00eda, \u00bfc\u00f3mo naci\u00f3 la idea de crear Eco y Caos?<\/strong><\/p>\n\n\n\n<p>Este proyecto surgi\u00f3 a ra\u00edz de una experiencia personal cuando atraves\u00e9 un tema de ansiedad. Ah\u00ed me di cuenta de la importancia de la salud mental y quise compartir con otras personas todo lo que aprend\u00ed durante ese proceso que marc\u00f3 mi vida. Por eso, e&amp;c es mucho m\u00e1s que una marca de ropa; es un proyecto integral que invita a las personas a encontrar su equilibrio interno a trav\u00e9s del ejercicio y complementando su cuidado personal en otras \u00e1reas fundamentales.<\/p>\n\n\n\n<p>Creo que la ropa que usamos refleja c\u00f3mo nos sentimos; de ah\u00ed mi deseo de ofrecer prendas que no solo realcen la belleza exterior, sino que tambi\u00e9n tengan prop\u00f3sito: que cada pieza sea una herramienta para empoderar a quien la usa.<\/p>\n\n\n\n<p><strong>\u00bfQu\u00e9 significa el nombre \u201cEco y Caos\u201d?<\/strong><\/p>\n\n\n<div class=\"wp-block-image\">\n<figure class=\"alignright size-large is-resized\"><a href=\"https:\/\/gdlfashion.com\/wp-content\/uploads\/2025\/10\/IMG_7548-1-scaled.jpg\"><img loading=\"lazy\" decoding=\"async\" width=\"683\" height=\"1024\" src=\"https:\/\/gdlfashion.com\/wp-content\/uploads\/2025\/10\/IMG_7548-1-683x1024.jpg\" alt=\"\" class=\"wp-image-22007\" style=\"width:340px;height:auto\" srcset=\"https:\/\/gdlfashion.com\/wp-content\/uploads\/2025\/10\/IMG_7548-1-683x1024.jpg 683w, https:\/\/gdlfashion.com\/wp-content\/uploads\/2025\/10\/IMG_7548-1-200x300.jpg 200w, https:\/\/gdlfashion.com\/wp-content\/uploads\/2025\/10\/IMG_7548-1-768x1152.jpg 768w, https:\/\/gdlfashion.com\/wp-content\/uploads\/2025\/10\/IMG_7548-1-1024x1536.jpg 1024w, https:\/\/gdlfashion.com\/wp-content\/uploads\/2025\/10\/IMG_7548-1-1365x2048.jpg 1365w, https:\/\/gdlfashion.com\/wp-content\/uploads\/2025\/10\/IMG_7548-1-scaled.jpg 1707w\" sizes=\"(max-width: 683px) 100vw, 683px\" \/><\/a><\/figure><\/div>\n\n\n<p>Representa la dualidad de la vida. Un \u201ceco\u201d es algo que resuena, con lo cual queremos referirnos a la parte interna de una persona \u00bfqu\u00e9 resuena contigo? Tus valores, virtudes, creencias limitantes, es decir, lo que ya habita en ti, y cuando tu esencia es recordada tambi\u00e9n dejamos un \u201ceco\u201d en los dem\u00e1s.&nbsp; El \u201ccaos\u201d hace referencia al mundo exterior. Representa el impulso que viene de afuera y que nos invita a movernos en busca de nuestra mejor versi\u00f3n. Como dicen por ah\u00ed \u201csin caos no hay cambio y sin cambio no hay evoluci\u00f3n\u201d. Entonces, el nombre es un balance entre lo que ya eres y lo que quieres ser.<\/p>\n\n\n\n<p><strong>\u00bfQu\u00e9 hace diferente a tu marca dentro del mercado de ropa deportiva?<\/strong><\/p>\n\n\n\n<p>Mas que una marca es un proyecto integral y con mucho prop\u00f3sito. Por un lado estamos formando una comunidad que crece d\u00eda con d\u00eda, por que muchas personas se sienten identificadas con la causa. Y por otro, la ropa habla por si sola; creamos prendas que adem\u00e1s de distinguirse por la calidad de nuestros textiles combinan est\u00e9tica, funcionalidad y versatilidad. Queremos que nuestras prendas acompa\u00f1en a quienes las usan en las diferentes actividades de su d\u00eda a d\u00eda y que se sientan con la seguridad de hacerlo sin importar la ocasi\u00f3n.<\/p>\n\n\n\n<p><strong>En un mercado tan competitivo, \u00bfc\u00f3mo logras mantener tu identidad?<\/strong><\/p>\n\n\n<div class=\"wp-block-image\">\n<figure class=\"alignleft size-large is-resized\"><a href=\"https:\/\/gdlfashion.com\/wp-content\/uploads\/2025\/10\/IMG_7483-scaled.jpg\"><img loading=\"lazy\" decoding=\"async\" width=\"683\" height=\"1024\" src=\"https:\/\/gdlfashion.com\/wp-content\/uploads\/2025\/10\/IMG_7483-683x1024.jpg\" alt=\"\" class=\"wp-image-22000\" style=\"width:359px;height:auto\" srcset=\"https:\/\/gdlfashion.com\/wp-content\/uploads\/2025\/10\/IMG_7483-683x1024.jpg 683w, https:\/\/gdlfashion.com\/wp-content\/uploads\/2025\/10\/IMG_7483-200x300.jpg 200w, https:\/\/gdlfashion.com\/wp-content\/uploads\/2025\/10\/IMG_7483-768x1152.jpg 768w, https:\/\/gdlfashion.com\/wp-content\/uploads\/2025\/10\/IMG_7483-1024x1536.jpg 1024w, https:\/\/gdlfashion.com\/wp-content\/uploads\/2025\/10\/IMG_7483-1365x2048.jpg 1365w, https:\/\/gdlfashion.com\/wp-content\/uploads\/2025\/10\/IMG_7483-scaled.jpg 1707w\" sizes=\"(max-width: 683px) 100vw, 683px\" \/><\/a><\/figure><\/div>\n\n\n<p>La marca tiene mucho sello personal, a veces pienso que mi coraz\u00f3n est\u00e1 expres\u00e1ndose a trav\u00e9s de la ropa. En cada colecci\u00f3n les comparto un mensaje de alg\u00fan aprendizaje personal. No har\u00eda nada que vaya en contra de mis valores o de lo que pienso y por eso todo es muy aut\u00e9ntico. Del mercado tomamos lo que nos puede servir, armonizamos las tendencias con nuestro prop\u00f3sito y as\u00ed creamos prendas que tengan sentido y valor a largo plazo. Eco y Caos m\u00e1s que ropa, es una filosof\u00eda de vida.<\/p>\n\n\n\n<p><strong>\u00bfQu\u00e9 mensaje te gustar\u00eda dejar a quienes a\u00fan no conocen Eco y Caos?<\/strong><\/p>\n\n\n\n<p>Antes que nada me gustar\u00eda enfatizar que es una marca mexicana; hay que darle una oportunidad a lo que est\u00e1 hecho en nuestro pa\u00eds.<\/p>\n\n\n\n<p>El ejercicio es una gran herramienta para ayudarnos a sentirnos mejor pero debo recordarles la importancia que tiene ver hacia nuestro interior y hacernos cargo de nuestros pensamientos y emociones para tomar mejores decisiones en nuestra vida. Cuando empezamos a vivir con m\u00e1s conciencia e intenci\u00f3n la historia es distinta. Ese es nuestro mensaje.<\/p>\n\n\n\n<p>Eco y Caos no es solo una marca de ropa deportiva, es una invitaci\u00f3n a vivir con intenci\u00f3n.<\/p>\n\n\n\n<p>\ud83d\udccd Descubre m\u00e1s en: @ecoycaos.mx<\/p>\n\n\n\n<figure class=\"wp-block-gallery has-nested-images columns-default is-cropped wp-block-gallery-1 is-layout-flex wp-block-gallery-is-layout-flex\">\n<figure class=\"wp-block-image size-large\"><a href=\"https:\/\/gdlfashion.com\/wp-content\/uploads\/2025\/10\/PHOTO-2025-09-15-10-09-38.jpg\"><img loading=\"lazy\" decoding=\"async\" width=\"682\" height=\"1024\" data-id=\"22001\" src=\"https:\/\/gdlfashion.com\/wp-content\/uploads\/2025\/10\/PHOTO-2025-09-15-10-09-38-682x1024.jpg\" alt=\"\" class=\"wp-image-22001\" srcset=\"https:\/\/gdlfashion.com\/wp-content\/uploads\/2025\/10\/PHOTO-2025-09-15-10-09-38-682x1024.jpg 682w, https:\/\/gdlfashion.com\/wp-content\/uploads\/2025\/10\/PHOTO-2025-09-15-10-09-38-200x300.jpg 200w, https:\/\/gdlfashion.com\/wp-content\/uploads\/2025\/10\/PHOTO-2025-09-15-10-09-38-768x1152.jpg 768w, https:\/\/gdlfashion.com\/wp-content\/uploads\/2025\/10\/PHOTO-2025-09-15-10-09-38.jpg 853w\" sizes=\"(max-width: 682px) 100vw, 682px\" \/><\/a><\/figure>\n\n\n\n<figure class=\"wp-block-image size-large\"><a href=\"https:\/\/gdlfashion.com\/wp-content\/uploads\/2025\/10\/PHOTO-2025-09-15-10-09-54.jpg\"><img loading=\"lazy\" decoding=\"async\" width=\"682\" height=\"1024\" data-id=\"22003\" src=\"https:\/\/gdlfashion.com\/wp-content\/uploads\/2025\/10\/PHOTO-2025-09-15-10-09-54-682x1024.jpg\" alt=\"\" class=\"wp-image-22003\" srcset=\"https:\/\/gdlfashion.com\/wp-content\/uploads\/2025\/10\/PHOTO-2025-09-15-10-09-54-682x1024.jpg 682w, https:\/\/gdlfashion.com\/wp-content\/uploads\/2025\/10\/PHOTO-2025-09-15-10-09-54-200x300.jpg 200w, https:\/\/gdlfashion.com\/wp-content\/uploads\/2025\/10\/PHOTO-2025-09-15-10-09-54-768x1152.jpg 768w, https:\/\/gdlfashion.com\/wp-content\/uploads\/2025\/10\/PHOTO-2025-09-15-10-09-54.jpg 853w\" sizes=\"(max-width: 682px) 100vw, 682px\" \/><\/a><\/figure>\n\n\n\n<figure class=\"wp-block-image size-large\"><a href=\"https:\/\/gdlfashion.com\/wp-content\/uploads\/2025\/10\/PHOTO-2025-09-15-10-10-21.jpg\"><img loading=\"lazy\" decoding=\"async\" width=\"682\" height=\"1024\" data-id=\"22002\" src=\"https:\/\/gdlfashion.com\/wp-content\/uploads\/2025\/10\/PHOTO-2025-09-15-10-10-21-682x1024.jpg\" alt=\"\" class=\"wp-image-22002\" srcset=\"https:\/\/gdlfashion.com\/wp-content\/uploads\/2025\/10\/PHOTO-2025-09-15-10-10-21-682x1024.jpg 682w, https:\/\/gdlfashion.com\/wp-content\/uploads\/2025\/10\/PHOTO-2025-09-15-10-10-21-200x300.jpg 200w, https:\/\/gdlfashion.com\/wp-content\/uploads\/2025\/10\/PHOTO-2025-09-15-10-10-21-768x1152.jpg 768w, https:\/\/gdlfashion.com\/wp-content\/uploads\/2025\/10\/PHOTO-2025-09-15-10-10-21.jpg 853w\" sizes=\"(max-width: 682px) 100vw, 682px\" \/><\/a><\/figure>\n<\/figure>\n\n\n\n<p><\/p>\n","protected":false},"excerpt":{"rendered":"<p>Belleza que se vive: Mar\u00eda Bermudez y el equilibrio de Eco y Caos \u00abHablar de salud mental no es moda,&hellip;<\/p>\n","protected":false},"author":2,"featured_media":22004,"comment_status":"open","ping_status":"closed","sticky":false,"template":"","format":"standard","meta":{"footnotes":""},"categories":[412,416,414,3],"tags":[],"_links":{"self":[{"href":"https:\/\/gdlfashion.com\/index.php?rest_route=\/wp\/v2\/posts\/21997"}],"collection":[{"href":"https:\/\/gdlfashion.com\/index.php?rest_route=\/wp\/v2\/posts"}],"about":[{"href":"https:\/\/gdlfashion.com\/index.php?rest_route=\/wp\/v2\/types\/post"}],"author":[{"embeddable":true,"href":"https:\/\/gdlfashion.com\/index.php?rest_route=\/wp\/v2\/users\/2"}],"replies":[{"embeddable":true,"href":"https:\/\/gdlfashion.com\/index.php?rest_route=%2Fwp%2Fv2%2Fcomments&post=21997"}],"version-history":[{"count":3,"href":"https:\/\/gdlfashion.com\/index.php?rest_route=\/wp\/v2\/posts\/21997\/revisions"}],"predecessor-version":[{"id":22008,"href":"https:\/\/gdlfashion.com\/index.php?rest_route=\/wp\/v2\/posts\/21997\/revisions\/22008"}],"wp:featuredmedia":[{"embeddable":true,"href":"https:\/\/gdlfashion.com\/index.php?rest_route=\/wp\/v2\/media\/22004"}],"wp:attachment":[{"href":"https:\/\/gdlfashion.com\/index.php?rest_route=%2Fwp%2Fv2%2Fmedia&parent=21997"}],"wp:term":[{"taxonomy":"category","embeddable":true,"href":"https:\/\/gdlfashion.com\/index.php?rest_route=%2Fwp%2Fv2%2Fcategories&post=21997"},{"taxonomy":"post_tag","embeddable":true,"href":"https:\/\/gdlfashion.com\/index.php?rest_route=%2Fwp%2Fv2%2Ftags&post=21997"}],"curies":[{"name":"wp","href":"https:\/\/api.w.org\/{rel}","templated":true}]}}