{"id":21993,"date":"2025-10-09T17:59:21","date_gmt":"2025-10-09T17:59:21","guid":{"rendered":"https:\/\/gdlfashion.com\/?p=21993"},"modified":"2025-10-09T17:59:21","modified_gmt":"2025-10-09T17:59:21","slug":"salud-mental-conecta-cuerpo-y-mente","status":"publish","type":"post","link":"https:\/\/gdlfashion.com\/?p=21993","title":{"rendered":"Salud mental: Conecta cuerpo y mente\u00a0"},"content":{"rendered":"\n<p>Octubre nos invita a mirar hacia adentro. En el marco del&nbsp;<em><strong>Mes de la Salud Mental<\/strong><\/em>, hablar de lo que sentimos ya no es un tab\u00fa, sino una necesidad urgente. En M\u00e9xico, m\u00e1s de 30 millones de personas enfrentan trastornos mentales a lo largo de su vida, mientras la ansiedad, el estr\u00e9s y la depresi\u00f3n contin\u00faan creciendo como problemas de salud p\u00fablica. Hoy, m\u00e1s que nunca, cuidar nuestra mente debe ir de la mano con cuidar nuestro cuerpo. Porque el bienestar no es un lujo, es una prioridad.<em><strong>[1]<\/strong><\/em>&nbsp;<\/p>\n\n\n\n<p>El impacto es claro: 3 de cada 10 mexicanos enfrentar\u00e1n trastornos de salud mental a lo largo de su vida, y el estr\u00e9s relacionado con el trabajo y la vida cotidiana afecta gravemente la productividad y el bienestar general de los individuos.&nbsp;<em><strong>[2]<\/strong><\/em>. Sin embargo, pocos se dan cuenta de que la soluci\u00f3n no est\u00e1 solo en los tratamientos m\u00e9dicos tradicionales, sino tambi\u00e9n en un enfoque integral que conecte cuerpo y mente.<\/p>\n\n\n\n<figure class=\"wp-block-image\" id=\"gallery-018f3ac1-3145-4ad6-9df8-644baf0a519e\"><a href=\"https:\/\/cdn.uc.assets.prezly.com\/84412775-2483-4822-9584-d8fa763816b7\/shutterstock_1817934905.jpg\"><img decoding=\"async\" src=\"https:\/\/cdn.uc.assets.prezly.com\/84412775-2483-4822-9584-d8fa763816b7\/-\/preview\/1500x1000\/-\/format\/auto\/shutterstock_1817934905.jpg\" alt=\"\"\/><\/a><\/figure>\n\n\n\n<p>Es aqu\u00ed donde&nbsp;<strong>TotalPass<\/strong>&nbsp;se posiciona como un beneficio clave para transformar el bienestar de los colaboradores. La plataforma va m\u00e1s all\u00e1 del ejercicio f\u00edsico tradicional, ofrece acceso a una variedad de actividades que permiten a los usuarios mejorar su salud f\u00edsica y mental de manera flexible y accesible.<\/p>\n\n\n\n<p>Con&nbsp;<strong>TotalPass<\/strong>, los usuarios pueden acceder a gimnasios, clases de yoga, pilates, meditaci\u00f3n y mindfulness, dise\u00f1adas espec\u00edficamente para fomentar un bienestar completo. Al integrar actividades f\u00edsicas que liberan endorfinas con herramientas para la relajaci\u00f3n y el manejo del estr\u00e9s, se convierte en el aliado perfecto para quienes buscan un equilibrio en sus vidas diarias.<\/p>\n\n\n\n<blockquote class=\"wp-block-quote\">\n<p><em>\u201cUna mente sana se fortalece con un cuerpo activo. Todo est\u00e1 conectado\u201d,<\/em>&nbsp;afirma Luis Carlos Chapa, Country Manager de TotalPass.<\/p>\n<\/blockquote>\n\n\n\n<figure class=\"wp-block-image\" id=\"gallery-65bcba35-53d3-44cf-90ed-f1f9545149bf\"><a href=\"https:\/\/cdn.uc.assets.prezly.com\/f6378eb2-1aca-43bc-b137-728deefec6b0\/shutterstock_660549094.jpg\"><img decoding=\"async\" src=\"https:\/\/cdn.uc.assets.prezly.com\/f6378eb2-1aca-43bc-b137-728deefec6b0\/-\/preview\/1000x500\/-\/format\/auto\/shutterstock_660549094.jpg\" alt=\"\"\/><\/a><\/figure>\n\n\n\n<p>En l\u00ednea con su compromiso con la salud mental en el entorno laboral, la plataforma tambi\u00e9n incluye el acceso a&nbsp;<strong>WeDoctors,<\/strong>&nbsp;una soluci\u00f3n de atenci\u00f3n m\u00e9dica virtual que permite a los usuarios agendar consultas psicol\u00f3gicas en l\u00ednea con especialistas certificados. Este servicio, que forma parte de los beneficios integrados en&nbsp;<strong>TotalPass,<\/strong>&nbsp;representa una herramienta esencial para cuidar el bienestar emocional de forma confidencial, r\u00e1pida y profesional.<\/p>\n\n\n\n<figure class=\"wp-block-image\"><a href=\"https:\/\/cdn.uc.assets.prezly.com\/227ca661-c36e-4f76-91ce-54c3decc9bba\/cropped-1.-Wedoctors-1.png\"><img decoding=\"async\" src=\"https:\/\/cdn.uc.assets.prezly.com\/227ca661-c36e-4f76-91ce-54c3decc9bba\/-\/format\/auto\/cropped-1.-Wedoctors-1.png\" alt=\"\"\/><\/a><\/figure>\n\n\n\n<p>Una de las principales ventajas de&nbsp;<strong>TotalPass<\/strong>&nbsp;es su flexibilidad. Los usuarios pueden elegir entre cientos de actividades y acceder tanto a clases presenciales como virtuales, adapt\u00e1ndose a sus horarios y preferencias.&nbsp;<\/p>\n\n\n\n<p>La plataforma apoya a empresas que buscan mejorar la salud mental y el bienestar de sus colaboradores, promoviendo ambientes laborales m\u00e1s saludables y productivos.<\/p>\n\n\n\n<p><em><strong>Referencias:&nbsp;<\/strong><\/em><\/p>\n\n\n\n<ol>\n<li><em><strong>Gobierno de M\u00e9xico. (2023). En 2023, Conasama atiende m\u00e1s de 339 mil personas en salud mental y consumo de sustancias.&nbsp;<\/strong><\/em><a href=\"https:\/\/www.gob.mx\/salud\/prensa\/011-en-2023-conasama-atiende-mas-de-339-mil-personas-en-salud-mental-y-consumo-de-sustancias\"><u><em><strong>https:\/\/www.gob.mx\/salud\/prensa\/011-en-2023-conasama-atiende-mas-de-339-mil-personas-en-salud-mental-y-consumo-de-sustancias<\/strong><\/em><\/u><\/a><em><strong>&nbsp;<\/strong><\/em><\/li>\n\n\n\n<li><em><strong>Centro de Investigaci\u00f3n Econ\u00f3mica y Presupuestaria (CIEP). (2023). Salud mental: presupuesto y pol\u00edtica nacional.&nbsp;<\/strong><\/em><a href=\"https:\/\/ciep.mx\/salud-mental-presupuesto-y-politica-nacional\/\"><u><em><strong>https:\/\/ciep.mx\/salud-mental-presupuesto-y-politica-nacional\/<\/strong><\/em><\/u><\/a><em><strong>&nbsp;<\/strong><\/em><\/li>\n<\/ol>\n\n\n\n<p>_____________<\/p>\n\n\n\n<p><strong>Sobre&nbsp;<\/strong><a href=\"https:\/\/www.totalpass.com\/mx\"><u><strong>TotalPass<\/strong><\/u><\/a><\/p>\n\n\n\n<p><strong>TotalPass<\/strong>&nbsp;es el beneficio corporativo l\u00edder en bienestar integral en M\u00e9xico. A trav\u00e9s de una sola&nbsp;<em>app<\/em>, brinda acceso a m\u00e1s de 7,000 gimnasios, estudios y clubes deportivos en todo el pa\u00eds, as\u00ed como a servicios especializados en salud mental y nutrici\u00f3n. Con presencia en M\u00e9xico desde 2020 y formando parte de un ecosistema internacional originado en Brasil, TotalPass promueve una visi\u00f3n donde el bienestar es clave para impulsar la productividad, fortalecer la retenci\u00f3n de talento y enriquecer la cultura organizacional. Su propuesta redefine la forma de vivir el trabajo: saludable, flexible y en movimiento. Para m\u00e1s informaci\u00f3n, visita:&nbsp;<a href=\"https:\/\/www.totalpass.com\/mx\"><u>www.totalpass.com\/mx<\/u><\/a><\/p>\n","protected":false},"excerpt":{"rendered":"<p>Octubre nos invita a mirar hacia adentro. En el marco del&nbsp;Mes de la Salud Mental, hablar de lo que sentimos&hellip;<\/p>\n","protected":false},"author":2,"featured_media":21995,"comment_status":"open","ping_status":"closed","sticky":false,"template":"","format":"standard","meta":{"footnotes":""},"categories":[9,3,413],"tags":[],"_links":{"self":[{"href":"https:\/\/gdlfashion.com\/index.php?rest_route=\/wp\/v2\/posts\/21993"}],"collection":[{"href":"https:\/\/gdlfashion.com\/index.php?rest_route=\/wp\/v2\/posts"}],"about":[{"href":"https:\/\/gdlfashion.com\/index.php?rest_route=\/wp\/v2\/types\/post"}],"author":[{"embeddable":true,"href":"https:\/\/gdlfashion.com\/index.php?rest_route=\/wp\/v2\/users\/2"}],"replies":[{"embeddable":true,"href":"https:\/\/gdlfashion.com\/index.php?rest_route=%2Fwp%2Fv2%2Fcomments&post=21993"}],"version-history":[{"count":1,"href":"https:\/\/gdlfashion.com\/index.php?rest_route=\/wp\/v2\/posts\/21993\/revisions"}],"predecessor-version":[{"id":21996,"href":"https:\/\/gdlfashion.com\/index.php?rest_route=\/wp\/v2\/posts\/21993\/revisions\/21996"}],"wp:featuredmedia":[{"embeddable":true,"href":"https:\/\/gdlfashion.com\/index.php?rest_route=\/wp\/v2\/media\/21995"}],"wp:attachment":[{"href":"https:\/\/gdlfashion.com\/index.php?rest_route=%2Fwp%2Fv2%2Fmedia&parent=21993"}],"wp:term":[{"taxonomy":"category","embeddable":true,"href":"https:\/\/gdlfashion.com\/index.php?rest_route=%2Fwp%2Fv2%2Fcategories&post=21993"},{"taxonomy":"post_tag","embeddable":true,"href":"https:\/\/gdlfashion.com\/index.php?rest_route=%2Fwp%2Fv2%2Ftags&post=21993"}],"curies":[{"name":"wp","href":"https:\/\/api.w.org\/{rel}","templated":true}]}}