{"id":21985,"date":"2025-10-03T17:53:00","date_gmt":"2025-10-03T17:53:00","guid":{"rendered":"https:\/\/gdlfashion.com\/?p=21985"},"modified":"2025-10-06T18:20:42","modified_gmt":"2025-10-06T18:20:42","slug":"la-60a-edicion-de-las-fiestas-de-octubre-2025","status":"publish","type":"post","link":"https:\/\/gdlfashion.com\/?p=21985","title":{"rendered":"la 60\u00aa\u00a0edici\u00f3n de las Fiestas de Octubre 2025\u00a0"},"content":{"rendered":"\n<h3 class=\"wp-block-heading\"><strong>Inaugura Pablo Lemus Navarro, Gobernador de Jalisc<\/strong>o<\/h3>\n\n\n\n<p><em>Se realiz\u00f3 la presentaci\u00f3n del Pabell\u00f3n \u2018El Alma del Mundial\u2019 y el lanzamiento del bal\u00f3n oficial del Mundial de F\u00fatbol 2026&nbsp;<\/em><\/p>\n\n\n\n<p><em>El Pabell\u00f3n \u2018El Alma del Mundial\u2019 es la primera actividad oficial rumbo a la fiesta futbolera m\u00e1s importante del mundo<\/em><\/p>\n\n\n\n<p><em>Las Fiestas de Octubre se realizar\u00e1n en el Auditorio Benito Ju\u00e1rez del 3 de octubre al 4 de noviembre, con un estimado de 1.1 millones de visitantes<\/em><\/p>\n\n\n<div class=\"wp-block-image\">\n<figure class=\"alignright size-large is-resized\"><a href=\"https:\/\/gdlfashion.com\/wp-content\/uploads\/2025\/10\/03-oct-2025-el-gobernador-del-estado-pablo-lemus-encabeza-inauguracin-de-las-fiestas-de-octubre-2025-al-estilo-jalisco_54830390803_o-scaled.jpg\"><img loading=\"lazy\" decoding=\"async\" width=\"1024\" height=\"683\" src=\"https:\/\/gdlfashion.com\/wp-content\/uploads\/2025\/10\/03-oct-2025-el-gobernador-del-estado-pablo-lemus-encabeza-inauguracin-de-las-fiestas-de-octubre-2025-al-estilo-jalisco_54830390803_o-1024x683.jpg\" alt=\"\" class=\"wp-image-21987\" style=\"width:519px;height:auto\" srcset=\"https:\/\/gdlfashion.com\/wp-content\/uploads\/2025\/10\/03-oct-2025-el-gobernador-del-estado-pablo-lemus-encabeza-inauguracin-de-las-fiestas-de-octubre-2025-al-estilo-jalisco_54830390803_o-1024x683.jpg 1024w, https:\/\/gdlfashion.com\/wp-content\/uploads\/2025\/10\/03-oct-2025-el-gobernador-del-estado-pablo-lemus-encabeza-inauguracin-de-las-fiestas-de-octubre-2025-al-estilo-jalisco_54830390803_o-300x200.jpg 300w, https:\/\/gdlfashion.com\/wp-content\/uploads\/2025\/10\/03-oct-2025-el-gobernador-del-estado-pablo-lemus-encabeza-inauguracin-de-las-fiestas-de-octubre-2025-al-estilo-jalisco_54830390803_o-768x512.jpg 768w, https:\/\/gdlfashion.com\/wp-content\/uploads\/2025\/10\/03-oct-2025-el-gobernador-del-estado-pablo-lemus-encabeza-inauguracin-de-las-fiestas-de-octubre-2025-al-estilo-jalisco_54830390803_o-1536x1024.jpg 1536w, https:\/\/gdlfashion.com\/wp-content\/uploads\/2025\/10\/03-oct-2025-el-gobernador-del-estado-pablo-lemus-encabeza-inauguracin-de-las-fiestas-de-octubre-2025-al-estilo-jalisco_54830390803_o-2048x1365.jpg 2048w\" sizes=\"(max-width: 1024px) 100vw, 1024px\" \/><\/a><\/figure><\/div>\n\n\n<p>Para celebrar al estilo Jalisco la identidad que caracteriza al estado m\u00e1s mexicano, Pablo Lemus Navarro, Gobernador de Jalisco, inaugur\u00f3 este viernes la 60\u00aa edici\u00f3n de las Fiestas de Octubre 2025, en el municipio de Zapopan.&nbsp;<\/p>\n\n\n\n<p>Se realiz\u00f3 la presentaci\u00f3n del Pabell\u00f3n \u201cEl Alma del Mundial\u201d, la primera actividad oficial rumbo a la fiesta futbolera m\u00e1s importante del mundo, y el lanzamiento del bal\u00f3n oficial del Mundial de F\u00fatbol 2026, poniendo a Jalisco, una vez m\u00e1s, en el contexto internacional.<\/p>\n\n\n\n<p>La edici\u00f3n 2025 de Fiestas de Octubre se llevar\u00e1 a cabo del 3 de octubre al 4 de noviembre en el Auditorio Benito Ju\u00e1rez en Zapopan, Jalisco, y se espera una afluencia de m\u00e1s de 1.1 millones de personas.<\/p>\n\n\n\n<p>El Gobernador, Pablo Lemus, dijo sentirse orgulloso de presentar una nueva cara de las Fiestas de Octubre al estilo Jalisco, con mejores atracciones, gastronom\u00eda, entretenimiento y artistas, quienes presentar\u00e1n conciertos de primer nivel en el Auditorio Benito Ju\u00e1rez.&nbsp;<\/p>\n\n\n\n<p>Destac\u00f3 las acciones de renovaci\u00f3n en el recinto, realizadas por la Secretar\u00eda de Infraestructura y Obra P\u00fablica (SIOP), con una inversi\u00f3n de 350 millones de pesos en dos etapas de ejecuci\u00f3n. La primera etapa, ya concluida, contempl\u00f3 la rehabilitaci\u00f3n de la explanada principal.&nbsp;<\/p>\n\n\n\n<p>\u201cQuer\u00eda que en estas Fiestas de Octubre se recuperara ese ambiente familiar (&#8230;), y quisimos regresar a ese sentido de familia, de ni\u00f1as, de ni\u00f1os y, sobre todo, de un gran orgullo y dignidad por Jalisco a las fiestas\u201d, afirm\u00f3 el mandatario estatal.&nbsp;<\/p>\n\n\n\n<p>\u201c\u00bfQu\u00e9 es lo que estamos buscando? Mejorar los ingresos, mejorar el auditorio, hacerlo m\u00e1s c\u00f3modo, mejorar la ac\u00fastica, cambiar el techo y cambiar la imagen\u201d, enfatiz\u00f3 el Gobernador.<\/p>\n\n\n\n<p>Lemus Navarro destac\u00f3 el trabajo coordinado con Jurgen Maika, Director de FIFA M\u00e9xico, para la instalaci\u00f3n del Pabell\u00f3n \u201cEl Alma del Mundial\u201d en estas Fiestas de Octubre 2025.<\/p>\n\n\n\n<p>Este pabell\u00f3n, de acceso gratuito, contar\u00e1 con un \u00e1rea de exposici\u00f3n, memorabilia de los Mundiales en M\u00e9xico, informaci\u00f3n sobre jugadores mexicanos y jaliscienses, as\u00ed como actividades para que las y los visitantes se emocionen con el esp\u00edritu mundialista.<\/p>\n\n\n\n<p>En este arranque de las Fiestas de Octubre tambi\u00e9n se realiz\u00f3 un homenaje a ex futbolistas jaliscienses que representaron a M\u00e9xico en un Mundial de F\u00fatbol, un hecho que llen\u00f3 de orgullo al mandatario jalisciense por poder hacer una distinci\u00f3n a deportistas que marcaron una generaci\u00f3n.&nbsp;<\/p>\n\n\n\n<p>Entre los jugadores homenajeados, estuvieron presentes los ex futbolistas Ignacio \u201cEl Cuate\u201d Calder\u00f3n, Javier Valdivia, Isidoro D\u00edaz, Javier \u201cCh\u00edcharo\u201d Hernandez Guti\u00e9rrez, Fernando Quirarte, as\u00ed como familiares de los ex jugadores Guillermo \u201cEl Campe\u00f3n\u201d Hern\u00e1ndez, quien no asisti\u00f3 por cuestiones de salud, y de Alberto Onofre, fallecido en enero pasado.&nbsp;<\/p>\n\n\n\n<p>\u201cEstoy emocionado de haber entregado estos reconocimientos a las leyendas del f\u00fatbol. Gente que admiro, gente que quiero, que conozco de toda mi vida\u201d, destac\u00f3 Pablo Lemus.&nbsp;<\/p>\n\n\n\n<p>El Gobernador reiter\u00f3 que junto con las Fiestas de Octubre, Jalisco se prepara para realizar m\u00e1s eventos de talla internacional que pondr\u00e1n muy en alto el nombre del estado.<\/p>\n\n\n\n<p>Se\u00f1al\u00f3 que realizan diversas obras en puntos importantes del \u00c1rea Metropolitana de Guadalajara, como la renovaci\u00f3n de la carretera a Chapala, las obras para la nueva L\u00ednea 5 del transporte p\u00fablico, con un sistema de electromovilidad que conectar\u00e1 el aeropuerto tapat\u00edo con el estadio Guadalajara.&nbsp;<\/p>\n\n\n\n<p>Tambi\u00e9n destac\u00f3 las obras de mejoramiento en el Centro Hist\u00f3rico que albergar\u00e1 el festival de esta fiesta mundialista, que ser\u00e1 polo de atracci\u00f3n de visitantes y derrama econ\u00f3mica.&nbsp;&nbsp;<\/p>\n\n\n<div class=\"wp-block-image\">\n<figure class=\"alignleft size-large is-resized\"><a href=\"https:\/\/gdlfashion.com\/wp-content\/uploads\/2025\/10\/03-oct-2025-el-gobernador-del-estado-pablo-lemus-encabeza-inauguracin-de-las-fiestas-de-octubre-2025-al-estilo-jalisco_54829285637_o-scaled.jpg\"><img loading=\"lazy\" decoding=\"async\" width=\"1024\" height=\"683\" src=\"https:\/\/gdlfashion.com\/wp-content\/uploads\/2025\/10\/03-oct-2025-el-gobernador-del-estado-pablo-lemus-encabeza-inauguracin-de-las-fiestas-de-octubre-2025-al-estilo-jalisco_54829285637_o-1024x683.jpg\" alt=\"\" class=\"wp-image-21988\" style=\"width:533px;height:auto\" srcset=\"https:\/\/gdlfashion.com\/wp-content\/uploads\/2025\/10\/03-oct-2025-el-gobernador-del-estado-pablo-lemus-encabeza-inauguracin-de-las-fiestas-de-octubre-2025-al-estilo-jalisco_54829285637_o-1024x683.jpg 1024w, https:\/\/gdlfashion.com\/wp-content\/uploads\/2025\/10\/03-oct-2025-el-gobernador-del-estado-pablo-lemus-encabeza-inauguracin-de-las-fiestas-de-octubre-2025-al-estilo-jalisco_54829285637_o-300x200.jpg 300w, https:\/\/gdlfashion.com\/wp-content\/uploads\/2025\/10\/03-oct-2025-el-gobernador-del-estado-pablo-lemus-encabeza-inauguracin-de-las-fiestas-de-octubre-2025-al-estilo-jalisco_54829285637_o-768x512.jpg 768w, https:\/\/gdlfashion.com\/wp-content\/uploads\/2025\/10\/03-oct-2025-el-gobernador-del-estado-pablo-lemus-encabeza-inauguracin-de-las-fiestas-de-octubre-2025-al-estilo-jalisco_54829285637_o-1536x1024.jpg 1536w, https:\/\/gdlfashion.com\/wp-content\/uploads\/2025\/10\/03-oct-2025-el-gobernador-del-estado-pablo-lemus-encabeza-inauguracin-de-las-fiestas-de-octubre-2025-al-estilo-jalisco_54829285637_o-2048x1365.jpg 2048w\" sizes=\"(max-width: 1024px) 100vw, 1024px\" \/><\/a><\/figure><\/div>\n\n\n<p>Lorena Mart\u00ednez Ram\u00edrez, Directora General de la Agencia Estatal de Entretenimiento de Jalisco, afirm\u00f3 que Fiestas de Octubre 2025 ofrecer\u00e1 la mejor experiencia que otras ediciones hayan podido ofrecer.<\/p>\n\n\n\n<p>Destac\u00f3 que se hizo una renovaci\u00f3n total de la Canica Azul, regresar\u00e1n stands de restaurantes tradicionales, y que habr\u00e1 m\u00e1s de 400 expositores.&nbsp;<\/p>\n\n\n\n<p>\u201cQueremos invitarlos todos los d\u00edas a partir del d\u00eda de hoy, del 3 de octubre al 4 de noviembre, a partir de las 10 de la ma\u00f1ana, vamos a estar abiertos para brindarle a la gente lo mejor\u201d, dijo Mart\u00ednez Ram\u00edrez.<\/p>\n\n\n\n<p>Jurgen Maika, Director de FIFA M\u00e9xico, resalt\u00f3 el amor y cari\u00f1o que FIFA tiene al pa\u00eds, y por ello decidi\u00f3 que fuera Jalisco, como una de las 3 sedes nacionales del Mundial de F\u00fatbol 2026, donde se presente este pabell\u00f3n y el bal\u00f3n oficial.<\/p>\n\n\n\n<p>\u201cEl f\u00fatbol no solo se juega en la cancha, tambi\u00e9n se vive en la memoria colectiva, en la cultura y la identidad de toda nuestra gente. Al igual que estas fiestas, el f\u00fatbol es pasi\u00f3n, alegr\u00eda, uni\u00f3n, orgullo que trasciende fronteras\u201d, dijo.&nbsp;<\/p>\n\n\n\n<p>Jurgen Maika record\u00f3 que tan solo faltan 36 semanas para que se vuelva a rotar el bal\u00f3n en una Copa Mundial.&nbsp;<\/p>\n\n\n\n<p>\u201cM\u00e9xico ser\u00e1 el primer pa\u00eds en la historia en albergar tres mundiales, y Jalisco, ser\u00e1 nuevamente protagonista en esta gran historia\u201d, agreg\u00f3.&nbsp;<\/p>\n\n\n\n<p>Mauro Garza Mar\u00edn, Coordinador de Crecimiento y Desarrollo Econ\u00f3mico, destac\u00f3 que las Fiestas de Octubre 2025 y el Pabell\u00f3n \u201cEl Alma del Mundial\u201d, son una muestra del nivel de crecimiento que est\u00e1 teniendo Jalisco en materia econ\u00f3mica vinculado con el desarrollo social.<\/p>\n\n\n\n<p>\u201cRealmente eso es lo que estamos trabajando, el entretenimiento como espacio de uni\u00f3n familiar, como espacio de diversi\u00f3n y tambi\u00e9n como un espacio de motor econ\u00f3mico para nuestro Estado\u201d, indic\u00f3 Garza Mar\u00edn.&nbsp;&nbsp;<\/p>\n\n\n\n<p>Las Fiestas de Octubre 2025 contar\u00e1n con 33 d\u00edas de actividades enfocadas en la diversi\u00f3n de toda la familia, con una experiencia gastron\u00f3mica que trae de vuelta los tradicionales platillos jaliscienses.&nbsp;<\/p>\n\n\n\n<p>La Canica Azul, espacio dedicado a las ni\u00f1as y los ni\u00f1os, tendr\u00e1 una tem\u00e1tica que honra los dulces t\u00edpicos de nuestro pa\u00eds.<\/p>\n\n\n\n<p>El escenario del Foro Principal ser\u00e1 el m\u00e1s grande de la historia de las fiestas, listo para una experiencia visual y sonora que dejar\u00e1 maravillados a las y los asistentes.<\/p>\n\n\n\n<p>Para celebrar al estilo Jalisco, esta edici\u00f3n recupera la&nbsp; esencia de Jalisco a trav\u00e9s de un concepto escenogr\u00e1fico en los pasillos del Auditorio Benito Ju\u00e1rez, destacando elementos identitarios de las 12 regiones del estado, creando un escenario perfecto para fotograf\u00edas.<\/p>\n\n\n\n<p>Las ni\u00f1as y los ni\u00f1os tienen un espacio especial en las Fiestas de Octubre, uno de los atractivos es la cartelera infantil, que incluir\u00e1 shows completamente gratis con el boleto de entrada en los fines de semana, para disfrutar un espect\u00e1culo en familia.&nbsp;<\/p>\n\n\n\n<p>En colaboraci\u00f3n con la Secretar\u00eda de Cultura de Jalisco, el d\u00eda 27 de octubre a las&nbsp; 19:00 horas en el Foro Principal se presentar\u00e1 el Homenaje al m\u00fasico tapat\u00edo, Marco Antonio Mu\u00f1\u00edz Vega, un espect\u00e1culo musical con la participaci\u00f3n de varios artistas en escena interpretando los \u00e9xitos del compositor.<\/p>\n\n\n\n<p>En el Pabell\u00f3n \u201cEl Alma del Mundial\u201d habr\u00e1 dos conferencias, tambi\u00e9n totalmente gratuitas con la admisi\u00f3n general, en las que los asistentes podr\u00e1n convivir con ex futbolistas que defendieron en la cancha la camiseta de la Selecci\u00f3n Mexicana.<\/p>\n\n\n\n<p><br>Dentro de la cartelera infantil destacan las obras de teatro musicales de Shrek y Frida Kahlo, as\u00ed como diferentes espect\u00e1culos en colaboraci\u00f3n con Cultura Zapopan.<\/p>\n\n\n\n<p>Los boletos de admisi\u00f3n general y los boletos para conciertos con zonas preferentes se podr\u00e1n adquirir en taquilla del Auditorio Benito Ju\u00e1rez. En la plataforma en l\u00ednea de Ticketmaster se podr\u00e1n adquirir boletos para conciertos con zonas preferentes y accesos generales a la feria (sujetos a disponibilidad).<br><br><strong>Para saber m\u00e1s:<\/strong><\/p>\n\n\n\n<ul>\n<li>La edici\u00f3n 2025 de las Fiestas de Octubre regresar\u00e1 a la identidad de las fiestas del pueblo jalisciense. Su primera edici\u00f3n se celebr\u00f3 en 1965.&nbsp;<\/li>\n<\/ul>\n\n\n\n<ul>\n<li>Se tendr\u00e1 un horario de 10:00 a 00:00 horas, con terrazas abiertas hasta las 3:00 horas.&nbsp;<\/li>\n<\/ul>\n\n\n\n<ul>\n<li>El costo de la entrada general ser\u00e1 de 60 pesos, mientras que el ingreso con descuento para personas adultas mayores y estudiantes, ni\u00f1as y ni\u00f1os menores de 12 a\u00f1os ser\u00e1 de 30 pesos. La venta de boletos iniciar\u00e1 el 18 de agosto, en Ticketmaster.<\/li>\n<\/ul>\n\n\n\n<ul>\n<li>La Canica Azul tendr\u00e1 un costo general de 50 pesos general, as\u00ed como 40 pesos para estudiantes, menores de edad tres a\u00f1os entrar\u00e1n gratis. Los boletos de acceso y para conciertos estar\u00e1n disponibles pr\u00f3ximamente.<\/li>\n<\/ul>\n\n\n\n<ul>\n<li>Las Fiestas de Octubre son organizadas por la Agencia Estatal de Entretenimiento de Jalisco (AEEJ), dependencia estatal que estar\u00e1 encargada de darle a las y los jaliscienses la mejor fiesta mexicana.<\/li>\n<\/ul>\n\n\n\n<ul>\n<li>Para m\u00e1s informaci\u00f3n, pueden consultarse en las redes sociales oficiales de la Agencia Estatal de Entretenimiento de Jalisco y Fiestas de Octubre, as\u00ed como el sitio web <a href=\"http:\/\/fiestasdeoctubre.jalisco.gob.mx\/\" target=\"_blank\" rel=\"noreferrer noopener\">fiestasdeoctubre.jalisco.gob.mx<\/a>&nbsp;<\/li>\n<\/ul>\n","protected":false},"excerpt":{"rendered":"<p>Inaugura Pablo Lemus Navarro, Gobernador de Jalisco Se realiz\u00f3 la presentaci\u00f3n del Pabell\u00f3n \u2018El Alma del Mundial\u2019 y el lanzamiento&hellip;<\/p>\n","protected":false},"author":2,"featured_media":21986,"comment_status":"open","ping_status":"closed","sticky":false,"template":"","format":"standard","meta":{"footnotes":""},"categories":[418,417,9,415,414,3],"tags":[],"_links":{"self":[{"href":"https:\/\/gdlfashion.com\/index.php?rest_route=\/wp\/v2\/posts\/21985"}],"collection":[{"href":"https:\/\/gdlfashion.com\/index.php?rest_route=\/wp\/v2\/posts"}],"about":[{"href":"https:\/\/gdlfashion.com\/index.php?rest_route=\/wp\/v2\/types\/post"}],"author":[{"embeddable":true,"href":"https:\/\/gdlfashion.com\/index.php?rest_route=\/wp\/v2\/users\/2"}],"replies":[{"embeddable":true,"href":"https:\/\/gdlfashion.com\/index.php?rest_route=%2Fwp%2Fv2%2Fcomments&post=21985"}],"version-history":[{"count":1,"href":"https:\/\/gdlfashion.com\/index.php?rest_route=\/wp\/v2\/posts\/21985\/revisions"}],"predecessor-version":[{"id":21989,"href":"https:\/\/gdlfashion.com\/index.php?rest_route=\/wp\/v2\/posts\/21985\/revisions\/21989"}],"wp:featuredmedia":[{"embeddable":true,"href":"https:\/\/gdlfashion.com\/index.php?rest_route=\/wp\/v2\/media\/21986"}],"wp:attachment":[{"href":"https:\/\/gdlfashion.com\/index.php?rest_route=%2Fwp%2Fv2%2Fmedia&parent=21985"}],"wp:term":[{"taxonomy":"category","embeddable":true,"href":"https:\/\/gdlfashion.com\/index.php?rest_route=%2Fwp%2Fv2%2Fcategories&post=21985"},{"taxonomy":"post_tag","embeddable":true,"href":"https:\/\/gdlfashion.com\/index.php?rest_route=%2Fwp%2Fv2%2Ftags&post=21985"}],"curies":[{"name":"wp","href":"https:\/\/api.w.org\/{rel}","templated":true}]}}