{"id":21970,"date":"2025-10-06T16:15:16","date_gmt":"2025-10-06T16:15:16","guid":{"rendered":"https:\/\/gdlfashion.com\/?p=21970"},"modified":"2025-10-06T16:15:16","modified_gmt":"2025-10-06T16:15:16","slug":"la-madre-de-todas-las-bandas","status":"publish","type":"post","link":"https:\/\/gdlfashion.com\/?p=21970","title":{"rendered":"\u201cLa madre de todas las bandas\u201d"},"content":{"rendered":"\n<h3 class=\"wp-block-heading\">Conquist\u00f3 la feria m\u00e1s Mexicana<\/h3>\n\n\n\n<figure class=\"wp-block-video\"><video autoplay controls src=\"https:\/\/gdlfashion.com\/wp-content\/uploads\/2025\/10\/IMG_7923480.mov\"><\/video><\/figure>\n\n\n\n<p>La Banda El Recodo de Don Cruz Liz\u00e1rraga se sum\u00f3 este domingo a los festejos del 60 Aniversario de Fiestas de Octubre con una espectacular noche llena de \u00e9xitos donde la legendaria agrupaci\u00f3n originaria de Mazatl\u00e1n, Sinaloa, convirti\u00f3 en una aut\u00e9ntica pista de baile el Foro Principal del Auditorio Benito Ju\u00e1rez en Zapopan.&nbsp;<\/p>\n\n\n\n<p>La agrupaci\u00f3n que durante las seis d\u00e9cadas de historia de nuestra feria se ha consolidado como una de las favoritas de los jaliscienses arranc\u00f3 puntualmente su presentaci\u00f3n en medio de una imponente producci\u00f3n audiovisual e interpretando \u00e9xitos como \u201cTe presumo\u201d, \u201cAc\u00e1bame de matar\u201d, \u201cY llegaste t\u00fa\u201d y \u201cQue te ruegue quien te quiera\u201d.&nbsp;<\/p>\n\n\n\n<p>\u201cEs maravilloso para Banda El Recodo de Don Cruz Liz\u00e1rraga estar aqu\u00ed para poder celebrar el 60 Aniversario de las Fiestas de Octubre \u00a1Muchas felicidades! Consideramos que Guadalajara es un lugar estrat\u00e9gico para Banda El Recodo, aqu\u00ed tenemos much\u00edsimos amigos y familia que queremos mucho\u201d, expres\u00f3 emocionado Ricky Yocupicio, vocalista del Recodo, ante el grito ensordecedor de poco m\u00e1s de 8 mil asistentes en su mayor\u00eda mujeres.<\/p>\n\n\n\n<p>La noche apenas comenzaba y El Recodo ya hab\u00eda elevado al m\u00e1ximo nivel la emoci\u00f3n del p\u00fablico con una inagotable descarga de canciones que no permit\u00edan que sus seguidores regresaran a sus asientos, sino todo lo contrario, todos buscaban pareja con quien practicar hasta sus pasos m\u00e1s prohibidos.&nbsp;<\/p>\n\n\n\n<p>Los \u00e9xitos siguieron llegando uno tras otro hasta que se escucharon los primeros acordes de \u201cEl sinaloense\u201d, uno de los m\u00e1s emblem\u00e1ticos temas de El Recodo con la que se arm\u00f3 el coro monumental, sin faltar \u201cPena tras pena\u201d y \u201cSeis pies abajo\u201d que tambi\u00e9n fueron cantadas a todo pulm\u00f3n.&nbsp;<\/p>\n\n\n\n<p>Despu\u00e9s de casi tres horas de concierto lleg\u00f3 el momento de la despedida y El Recodo no se fue sin antes prometer volver a la pr\u00f3xima edici\u00f3n de las fiestas.<\/p>\n\n\n\n<p><\/p>\n","protected":false},"excerpt":{"rendered":"<p>Conquist\u00f3 la feria m\u00e1s Mexicana La Banda El Recodo de Don Cruz Liz\u00e1rraga se sum\u00f3 este domingo a los festejos&hellip;<\/p>\n","protected":false},"author":2,"featured_media":21972,"comment_status":"open","ping_status":"closed","sticky":false,"template":"","format":"standard","meta":{"footnotes":""},"categories":[418,417,9,415,3],"tags":[],"_links":{"self":[{"href":"https:\/\/gdlfashion.com\/index.php?rest_route=\/wp\/v2\/posts\/21970"}],"collection":[{"href":"https:\/\/gdlfashion.com\/index.php?rest_route=\/wp\/v2\/posts"}],"about":[{"href":"https:\/\/gdlfashion.com\/index.php?rest_route=\/wp\/v2\/types\/post"}],"author":[{"embeddable":true,"href":"https:\/\/gdlfashion.com\/index.php?rest_route=\/wp\/v2\/users\/2"}],"replies":[{"embeddable":true,"href":"https:\/\/gdlfashion.com\/index.php?rest_route=%2Fwp%2Fv2%2Fcomments&post=21970"}],"version-history":[{"count":1,"href":"https:\/\/gdlfashion.com\/index.php?rest_route=\/wp\/v2\/posts\/21970\/revisions"}],"predecessor-version":[{"id":21973,"href":"https:\/\/gdlfashion.com\/index.php?rest_route=\/wp\/v2\/posts\/21970\/revisions\/21973"}],"wp:featuredmedia":[{"embeddable":true,"href":"https:\/\/gdlfashion.com\/index.php?rest_route=\/wp\/v2\/media\/21972"}],"wp:attachment":[{"href":"https:\/\/gdlfashion.com\/index.php?rest_route=%2Fwp%2Fv2%2Fmedia&parent=21970"}],"wp:term":[{"taxonomy":"category","embeddable":true,"href":"https:\/\/gdlfashion.com\/index.php?rest_route=%2Fwp%2Fv2%2Fcategories&post=21970"},{"taxonomy":"post_tag","embeddable":true,"href":"https:\/\/gdlfashion.com\/index.php?rest_route=%2Fwp%2Fv2%2Ftags&post=21970"}],"curies":[{"name":"wp","href":"https:\/\/api.w.org\/{rel}","templated":true}]}}