{"id":21881,"date":"2025-09-01T16:17:48","date_gmt":"2025-09-01T16:17:48","guid":{"rendered":"https:\/\/gdlfashion.com\/?p=21881"},"modified":"2025-09-02T16:24:04","modified_gmt":"2025-09-02T16:24:04","slug":"ahualulco-de-mercado-anuncia","status":"publish","type":"post","link":"https:\/\/gdlfashion.com\/?p=21881","title":{"rendered":"Ahualulco de Mercado anuncia"},"content":{"rendered":"\n<p><strong>Su participaci\u00f3n como sede del Encuentro Internacional del Mariachi 2025 y la programaci\u00f3n de sus Fiestas Patrias<\/strong><\/p>\n\n\n\n<p><br><strong>Ahualulco de Mercado, Jalisco, 29 de agosto de 2025-<\/strong>. En rueda de prensa realizada en el <strong>Portal Ju\u00e1rez del Centro Hist\u00f3rico<\/strong>, se dio a conocer que Ahualulco de Mercado ser\u00e1 sede del <strong>XXXII Encuentro Internacional del Mariachi y la Charrer\u00eda 2025<\/strong>, con un magno evento el pr\u00f3ximo <strong>mi\u00e9rcoles 3 de septiembre a las 19:30 horas en la Plaza Principal<\/strong>, donde se contar\u00e1 con la participaci\u00f3n de mariachis internacionales de Estados Unidos y Per\u00fa.<\/p>\n\n\n\n<p>Asimismo, se presentaron las actividades oficiales de las <strong>Fiestas Patrias 2025<\/strong>, que se llevar\u00e1n a cabo en el municipio para conmemorar la Independencia de M\u00e9xico, destacando una programaci\u00f3n cultural, c\u00edvica y art\u00edstica que busca resaltar las tradiciones locales y fortalecer la identidad comunitaria.<\/p>\n\n\n\n<h3 class=\"wp-block-heading\"><strong>Principales actividades de las Fiestas Patrias 2025 en Ahualulco de Mercado<\/strong><\/h3>\n\n\n\n<ul>\n<li><strong>Viernes 12 de septiembre<\/strong><strong><br><\/strong>\n<ul>\n<li>Encuentros deportivos.<br><\/li>\n\n\n\n<li><em>Noche de Talentos Locales<\/em> en la Plaza Principal bajo el lema <em>\u201cVoces y ra\u00edces de Ahualulco\u201d<\/em>.<br><\/li>\n<\/ul>\n<\/li>\n\n\n\n<li><strong>S\u00e1bado 13 de septiembre<\/strong><strong><br><\/strong>\n<ul>\n<li>Certamen <em>Se\u00f1orita Fiestas Patrias<\/em>, con pasarela de traje t\u00edpico, gala y preguntas de reflexi\u00f3n.<br><\/li>\n\n\n\n<li>Baile popular con agrupaci\u00f3n musical en vivo.<br><\/li>\n<\/ul>\n<\/li>\n\n\n\n<li><strong>Domingo 14 de septiembre<\/strong><strong><br><\/strong>\n<ul>\n<li>Tradicional <em>D\u00eda del Charro<\/em>: misa para asociaciones charras, desfile, exhibiciones ecuestres y charreadas.<br><\/li>\n\n\n\n<li>Presentaci\u00f3n de ballet folcl\u00f3rico y evento cultural.<br><\/li>\n<\/ul>\n<\/li>\n\n\n\n<li><strong>Lunes 15 de septiembre<\/strong><strong><br><\/strong>\n<ul>\n<li>Verbena popular con antojitos mexicanos.<br><\/li>\n\n\n\n<li>Ceremonia oficial del <strong>Grito de Independencia<\/strong> en la Plaza Principal.<br><\/li>\n\n\n\n<li>Espect\u00e1culo de fuegos artificiales y presentaci\u00f3n estelar musical.<br><\/li>\n<\/ul>\n<\/li>\n\n\n\n<li><strong>Martes 16 de septiembre<\/strong><strong><br><\/strong>\n<ul>\n<li>Desfile c\u00edvico con la participaci\u00f3n de escuelas, agrupaciones y asociaciones locales.<br><\/li>\n\n\n\n<li>Presentaci\u00f3n de m\u00fasica norte\u00f1a en el kiosko para toda la comunidad.<br><\/li>\n<\/ul>\n<\/li>\n<\/ul>\n\n\n\n<p>El presidente municipal de Ahualulco de Mercado, Ing. Jos\u00e9 Bladimir Arreola \u00c1lvarez, destac\u00f3 que el Primer Festival Internacional del Mariachi y la Charrer\u00eda ser\u00e1 un evento de gran impacto cultural y econ\u00f3mico para la regi\u00f3n, con la expectativa de recibir a m\u00e1s de cinco mil visitantes. Subray\u00f3 que la derrama econ\u00f3mica beneficiar\u00e1 no solo al municipio, sino tambi\u00e9n a localidades cercanas gracias a la necesidad de m\u00e1s de 200 habitaciones y a la integraci\u00f3n con la Ruta del Tequila y el corredor agavero.<\/p>\n\n\n\n<p>Asimismo, se\u00f1al\u00f3 que este festival representa una oportunidad para mostrar al mundo la riqueza cultural, hist\u00f3rica y natural de Ahualulco de Mercado. Invit\u00f3 a los asistentes a descubrir sus atractivos tur\u00edsticos, como la zona arqueol\u00f3gica de Guachimontones, las emblem\u00e1ticas Piedras Bola, el Centro Hist\u00f3rico, la gastronom\u00eda tradicional y la calidez de su gente. \u201cAhualulco se viste de luz y color para recibir a M\u00e9xico y al mundo\u201d, afirm\u00f3.<\/p>\n\n\n\n<p>Con estas actividades, Ahualulco de Mercado se consolida como un municipio que celebra con orgullo sus tradiciones, fomentando la cultura y ofreciendo experiencias \u00fanicas para visitantes y habitantes.<\/p>\n","protected":false},"excerpt":{"rendered":"<p>Su participaci\u00f3n como sede del Encuentro Internacional del Mariachi 2025 y la programaci\u00f3n de sus Fiestas Patrias Ahualulco de Mercado,&hellip;<\/p>\n","protected":false},"author":2,"featured_media":21882,"comment_status":"open","ping_status":"closed","sticky":false,"template":"","format":"standard","meta":{"footnotes":""},"categories":[418,416,417,9,415,3],"tags":[],"_links":{"self":[{"href":"https:\/\/gdlfashion.com\/index.php?rest_route=\/wp\/v2\/posts\/21881"}],"collection":[{"href":"https:\/\/gdlfashion.com\/index.php?rest_route=\/wp\/v2\/posts"}],"about":[{"href":"https:\/\/gdlfashion.com\/index.php?rest_route=\/wp\/v2\/types\/post"}],"author":[{"embeddable":true,"href":"https:\/\/gdlfashion.com\/index.php?rest_route=\/wp\/v2\/users\/2"}],"replies":[{"embeddable":true,"href":"https:\/\/gdlfashion.com\/index.php?rest_route=%2Fwp%2Fv2%2Fcomments&post=21881"}],"version-history":[{"count":1,"href":"https:\/\/gdlfashion.com\/index.php?rest_route=\/wp\/v2\/posts\/21881\/revisions"}],"predecessor-version":[{"id":21883,"href":"https:\/\/gdlfashion.com\/index.php?rest_route=\/wp\/v2\/posts\/21881\/revisions\/21883"}],"wp:featuredmedia":[{"embeddable":true,"href":"https:\/\/gdlfashion.com\/index.php?rest_route=\/wp\/v2\/media\/21882"}],"wp:attachment":[{"href":"https:\/\/gdlfashion.com\/index.php?rest_route=%2Fwp%2Fv2%2Fmedia&parent=21881"}],"wp:term":[{"taxonomy":"category","embeddable":true,"href":"https:\/\/gdlfashion.com\/index.php?rest_route=%2Fwp%2Fv2%2Fcategories&post=21881"},{"taxonomy":"post_tag","embeddable":true,"href":"https:\/\/gdlfashion.com\/index.php?rest_route=%2Fwp%2Fv2%2Ftags&post=21881"}],"curies":[{"name":"wp","href":"https:\/\/api.w.org\/{rel}","templated":true}]}}