{"id":21876,"date":"2025-08-27T14:37:59","date_gmt":"2025-08-27T14:37:59","guid":{"rendered":"https:\/\/gdlfashion.com\/?p=21876"},"modified":"2025-08-27T14:37:59","modified_gmt":"2025-08-27T14:37:59","slug":"canta-jalisco-canta","status":"publish","type":"post","link":"https:\/\/gdlfashion.com\/?p=21876","title":{"rendered":"Canta Jalisco Canta"},"content":{"rendered":"\n<h3 class=\"wp-block-heading\">\u00a0<strong>Arranca la gira del concurso, en el marco de las Fiestas de Octubre\u00a0<\/strong><\/h3>\n\n\n\n<p>&nbsp;<em>El Tr\u00e1iler Concert visitar\u00e1 11 municipios para descubrir nuevas voces jaliscienses&nbsp;<\/em><\/p>\n\n\n\n<p><em>La gira comienza este martes 26 de agosto y finaliza el 7 de octubre en el Foro Principal de las Fiestas de Octubre.&nbsp;<\/em><\/p>\n\n\n<div class=\"wp-block-image\">\n<figure class=\"alignright size-large is-resized\"><a href=\"https:\/\/gdlfashion.com\/wp-content\/uploads\/2025\/08\/IMG_7327-scaled.jpg\"><img loading=\"lazy\" decoding=\"async\" width=\"1024\" height=\"768\" src=\"https:\/\/gdlfashion.com\/wp-content\/uploads\/2025\/08\/IMG_7327-1024x768.jpg\" alt=\"\" class=\"wp-image-21877\" style=\"width:493px;height:auto\" srcset=\"https:\/\/gdlfashion.com\/wp-content\/uploads\/2025\/08\/IMG_7327-1024x768.jpg 1024w, https:\/\/gdlfashion.com\/wp-content\/uploads\/2025\/08\/IMG_7327-300x225.jpg 300w, https:\/\/gdlfashion.com\/wp-content\/uploads\/2025\/08\/IMG_7327-768x576.jpg 768w, https:\/\/gdlfashion.com\/wp-content\/uploads\/2025\/08\/IMG_7327-1536x1152.jpg 1536w, https:\/\/gdlfashion.com\/wp-content\/uploads\/2025\/08\/IMG_7327-2048x1536.jpg 2048w, https:\/\/gdlfashion.com\/wp-content\/uploads\/2025\/08\/IMG_7327-160x120.jpg 160w\" sizes=\"(max-width: 1024px) 100vw, 1024px\" \/><\/a><\/figure><\/div>\n\n\n<p>Para descentralizar las Fiestas de Octubre y llevar la celebraci\u00f3n del 60 aniversario de la feria m\u00e1s mexicana a las regiones del Estado, el Gobierno de Jalisco a trav\u00e9s de la Agencia Estatal de Entretenimiento, en conjunto con Grupo Promomedios, se realizar\u00e1 el concurso estatal de talento musical: \u201cCanta, Jalisco, Canta\u201d.&nbsp;<\/p>\n\n\n\n<p>El tr\u00e1iler concert visitar\u00e1 11 municipios de Jalisco para buscar la nueva revelaci\u00f3n musical, convocando a j\u00f3venes solistas o agrupaciones mayores de 18 a\u00f1os a participar interpretando canciones del g\u00e9nero regional mexicano, quienes podr\u00e1n presentar un m\u00e1ximo de 3 canciones.&nbsp;<\/p>\n\n\n\n<p>Las eliminatorias del concurso se llevar\u00e1n a cabo en las plazas municipales de Ocotl\u00e1n, Tlajomulco de Z\u00fa\u00f1iga, Tapalpa, Zapotlanejo, Tepatitl\u00e1n de Morelos, Villa Corona, Guadalajara, Mazamitla, Chapala, Zapotl\u00e1n El Grande y Zapopan.&nbsp;<\/p>\n\n\n\n<p>En cada sede participar\u00e1n hasta 6 concursantes que ser\u00e1n evaluados por voz, interpretaci\u00f3n, vestuario y desenvolvimiento, quienes adem\u00e1s compartir\u00e1n escenario con agrupaciones consolidadas del regional mexicano, para ofrecer un espect\u00e1culo familiar para todas y todos los asistentes.&nbsp;<\/p>\n\n\n\n<p>La convocatoria est\u00e1 abierta y para participar, las y los concursantes deber\u00e1n enviar tres fotograf\u00edas y un video demostrando su talento al correo electr\u00f3nico eventos.trailerconcert@gmail.com o v\u00eda WhatsApp al 33 1573 6252. Las bases completas se pueden consultar en la p\u00e1gina https:\/\/aentretenimiento.jalisco.gob.mx\u00a0<\/p>\n\n\n<div class=\"wp-block-image\">\n<figure class=\"alignleft size-large is-resized\"><a href=\"https:\/\/gdlfashion.com\/wp-content\/uploads\/2025\/08\/IMG_7321-scaled.jpg\"><img loading=\"lazy\" decoding=\"async\" width=\"1024\" height=\"768\" src=\"https:\/\/gdlfashion.com\/wp-content\/uploads\/2025\/08\/IMG_7321-1024x768.jpg\" alt=\"\" class=\"wp-image-21878\" style=\"width:492px;height:auto\" srcset=\"https:\/\/gdlfashion.com\/wp-content\/uploads\/2025\/08\/IMG_7321-1024x768.jpg 1024w, https:\/\/gdlfashion.com\/wp-content\/uploads\/2025\/08\/IMG_7321-300x225.jpg 300w, https:\/\/gdlfashion.com\/wp-content\/uploads\/2025\/08\/IMG_7321-768x576.jpg 768w, https:\/\/gdlfashion.com\/wp-content\/uploads\/2025\/08\/IMG_7321-1536x1152.jpg 1536w, https:\/\/gdlfashion.com\/wp-content\/uploads\/2025\/08\/IMG_7321-2048x1536.jpg 2048w, https:\/\/gdlfashion.com\/wp-content\/uploads\/2025\/08\/IMG_7321-160x120.jpg 160w\" sizes=\"(max-width: 1024px) 100vw, 1024px\" \/><\/a><\/figure><\/div>\n\n\n<p>La gran final se llevar\u00e1 a cabo el martes 7 de octubre a las 20:00 hrs. en el Foro Principal de las Fiestas de Octubre, los accesos a todas las localidades ser\u00e1n gratuitos con el boleto de entrada a la feria.&nbsp;<\/p>\n\n\n\n<p>La persona ganadora del concurso se llevar\u00e1 un premio de $100,000 pesos y la oportunidad de grabar un proyecto discogr\u00e1fico de un tema a elegir, as\u00ed como promoci\u00f3n radiof\u00f3nica del tema durante 1 a\u00f1o en Fiesta Mexicana 92.3 FM.&nbsp;<\/p>\n\n\n\n<p>La edici\u00f3n 2025 de Fiestas de Octubre se llevar\u00e1 a cabo del 3 de octubre al 4 de noviembre, y se espera una afluencia de m\u00e1s de 1.1 millones de personas.&nbsp;<\/p>\n\n\n\n<p><strong>Para saber m\u00e1s:&nbsp;<\/strong><\/p>\n\n\n\n<p>\u25cf La fechas de los concursos municipales son las siguientes:<\/p>\n\n\n\n<p>\u25cb <strong>28 de agosto &#8211; <\/strong>Ocotl\u00e1n\u00a0<\/p>\n\n\n\n<p>\u25cb <strong>2 de septiembre <\/strong>&#8211; Tlajomulco de Z\u00fa\u00f1iga&nbsp;<\/p>\n\n\n\n<p>\u25cb <strong>4 de septiembre <\/strong>&#8211; Tapalpa&nbsp;<\/p>\n\n\n\n<p>\u25cb <strong>9 de septiembre <\/strong>&#8211; Zapotlanejo&nbsp;<\/p>\n\n\n\n<p>\u25cb <strong>11 de septiembre <\/strong>&#8211; Tepatitl\u00e1n de Morelos&nbsp;<\/p>\n\n\n\n<p>\u25cb <strong>17 de septiembre <\/strong>&#8211; Villa Corona&nbsp;<\/p>\n\n\n\n<p>\u25cb <strong>18 de septiembre <\/strong>&#8211; Guadalajara&nbsp;<\/p>\n\n\n\n<p>\u25cb <strong>23 de septiembre <\/strong>&#8211; Mazamitla&nbsp;<\/p>\n\n\n\n<p>\u25cb <strong>25 de septiembre <\/strong>&#8211; Chapala&nbsp;<\/p>\n\n\n\n<p>\u25cb <strong>30 de septiembre <\/strong>&#8211; Zapotl\u00e1n El Grande&nbsp;<\/p>\n\n\n\n<p>\u25cb <strong>2 de octubre <\/strong>&#8211; Zapopan&nbsp;<\/p>\n\n\n\n<p>\u25cb <strong>7 de octubre <\/strong>&#8211; Gran Final: Fiestas de Octubre (Auditorio Benito Ju\u00e1rez)&nbsp;<\/p>\n\n\n\n<p>\u25cf Para m\u00e1s informaci\u00f3n, pueden consultarse en las redes sociales oficiales de la Agencia Estatal de Entretenimiento de Jalisco y Fiestas de Octubre, as\u00ed como el sitio web aentretenimiento.jalisco.gob.mx&nbsp;<\/p>\n","protected":false},"excerpt":{"rendered":"<p>\u00a0Arranca la gira del concurso, en el marco de las Fiestas de Octubre\u00a0 &nbsp;El Tr\u00e1iler Concert visitar\u00e1 11 municipios para&hellip;<\/p>\n","protected":false},"author":2,"featured_media":21879,"comment_status":"open","ping_status":"closed","sticky":false,"template":"","format":"standard","meta":{"footnotes":""},"categories":[412,418,417,9,415,414,3],"tags":[],"_links":{"self":[{"href":"https:\/\/gdlfashion.com\/index.php?rest_route=\/wp\/v2\/posts\/21876"}],"collection":[{"href":"https:\/\/gdlfashion.com\/index.php?rest_route=\/wp\/v2\/posts"}],"about":[{"href":"https:\/\/gdlfashion.com\/index.php?rest_route=\/wp\/v2\/types\/post"}],"author":[{"embeddable":true,"href":"https:\/\/gdlfashion.com\/index.php?rest_route=\/wp\/v2\/users\/2"}],"replies":[{"embeddable":true,"href":"https:\/\/gdlfashion.com\/index.php?rest_route=%2Fwp%2Fv2%2Fcomments&post=21876"}],"version-history":[{"count":1,"href":"https:\/\/gdlfashion.com\/index.php?rest_route=\/wp\/v2\/posts\/21876\/revisions"}],"predecessor-version":[{"id":21880,"href":"https:\/\/gdlfashion.com\/index.php?rest_route=\/wp\/v2\/posts\/21876\/revisions\/21880"}],"wp:featuredmedia":[{"embeddable":true,"href":"https:\/\/gdlfashion.com\/index.php?rest_route=\/wp\/v2\/media\/21879"}],"wp:attachment":[{"href":"https:\/\/gdlfashion.com\/index.php?rest_route=%2Fwp%2Fv2%2Fmedia&parent=21876"}],"wp:term":[{"taxonomy":"category","embeddable":true,"href":"https:\/\/gdlfashion.com\/index.php?rest_route=%2Fwp%2Fv2%2Fcategories&post=21876"},{"taxonomy":"post_tag","embeddable":true,"href":"https:\/\/gdlfashion.com\/index.php?rest_route=%2Fwp%2Fv2%2Ftags&post=21876"}],"curies":[{"name":"wp","href":"https:\/\/api.w.org\/{rel}","templated":true}]}}