{"id":21811,"date":"2025-07-12T20:20:53","date_gmt":"2025-07-12T20:20:53","guid":{"rendered":"https:\/\/gdlfashion.com\/?p=21811"},"modified":"2025-07-29T20:23:33","modified_gmt":"2025-07-29T20:23:33","slug":"la-vida-secreta-de-tu-mente","status":"publish","type":"post","link":"https:\/\/gdlfashion.com\/?p=21811","title":{"rendered":"La vida secreta de tu mente"},"content":{"rendered":"\n<h3 class=\"wp-block-heading\"><strong>Primera serie animada mexicana ganadora de un Emmy<\/strong><\/h3>\n\n\n\n<p>Pictoline lanza la segunda temporada de \u2018La vida secreta de tu mente\u2019 el 3 de julio de 2025, en colaboraci\u00f3n con Capital Digital, en Casa Paladar.<\/p>\n\n\n\n<p>Basada en el best-seller del neurocient\u00edfico Mariano Sigman, la miniserie mezcla ciencia y animaci\u00f3n para acercarse al p\u00fablico infantil y juvenil.<\/p>\n\n\n\n<p>La Vida Secreta de tu Mente es una serie que explora, de forma accesible y visualmente impactante, la forma en que se comporta el cuerpo humano.<\/p>\n\n\n\n<p>Su dise\u00f1o, narrativa y enfoque cient\u00edfico accesible, la llevaron en noviembre de 2024 ser la primera serie 100% mexicana en ganar un Emmy Internacional en la categor\u00eda Kids: Factual &amp; Entertainment.<\/p>\n\n\n\n<p>Se trata de peque\u00f1os shorts que profundizan en ese mismo esp\u00edritu, ahora con un enfoque renovado y nuevos personajes tras su reconocimiento.<\/p>\n\n\n\n<p><strong>\u00bfQu\u00e9 ofrecen los nuevos shorts?<\/strong><\/p>\n\n\n\n<ul>\n<li>El formato est\u00e1 pensado especialmente para redes sociales como Instagram, TikTok y otras plataformas sociales.<\/li>\n\n\n\n<li>Incorporan nuevos personajes (Tripas, Piel, Ojos, M\u00fasculo y Ceri) interpretados por diferentes marcas, cada uno explica fen\u00f3menos del cuerpo humano mediante curiosidades diarias como el funcionamiento de la microbiota, la visi\u00f3n, por que tenemos calambres y como se sientes las emociones en la adolescencia.<\/li>\n\n\n\n<li>Buscan responder preguntas cotidianas de forma entretenida y visualmente atractiva, manteniendo el esp\u00edritu educativo de la serie.<\/li>\n<\/ul>\n\n\n\n<p><strong>\u00bfD\u00f3nde verlos?<\/strong><strong>\u202f<\/strong><\/p>\n\n\n\n<p>En redes sociales oficiales de Pictoline a partir del 4 de julio de 2025.<\/p>\n\n\n\n<figure class=\"wp-block-gallery has-nested-images columns-default is-cropped wp-block-gallery-1 is-layout-flex wp-block-gallery-is-layout-flex\">\n<figure class=\"wp-block-image size-large\"><a href=\"https:\/\/gdlfashion.com\/wp-content\/uploads\/2025\/07\/WhatsApp-Image-2025-07-17-at-11.19.37-AM-6-scaled.jpeg\"><img loading=\"lazy\" decoding=\"async\" width=\"758\" height=\"1024\" data-id=\"21813\" src=\"https:\/\/gdlfashion.com\/wp-content\/uploads\/2025\/07\/WhatsApp-Image-2025-07-17-at-11.19.37-AM-6-758x1024.jpeg\" alt=\"\" class=\"wp-image-21813\" srcset=\"https:\/\/gdlfashion.com\/wp-content\/uploads\/2025\/07\/WhatsApp-Image-2025-07-17-at-11.19.37-AM-6-758x1024.jpeg 758w, https:\/\/gdlfashion.com\/wp-content\/uploads\/2025\/07\/WhatsApp-Image-2025-07-17-at-11.19.37-AM-6-222x300.jpeg 222w, https:\/\/gdlfashion.com\/wp-content\/uploads\/2025\/07\/WhatsApp-Image-2025-07-17-at-11.19.37-AM-6-768x1038.jpeg 768w, https:\/\/gdlfashion.com\/wp-content\/uploads\/2025\/07\/WhatsApp-Image-2025-07-17-at-11.19.37-AM-6-1137x1536.jpeg 1137w, https:\/\/gdlfashion.com\/wp-content\/uploads\/2025\/07\/WhatsApp-Image-2025-07-17-at-11.19.37-AM-6-1516x2048.jpeg 1516w, https:\/\/gdlfashion.com\/wp-content\/uploads\/2025\/07\/WhatsApp-Image-2025-07-17-at-11.19.37-AM-6-scaled.jpeg 1895w\" sizes=\"(max-width: 758px) 100vw, 758px\" \/><\/a><\/figure>\n\n\n\n<figure class=\"wp-block-image size-large\"><a href=\"https:\/\/gdlfashion.com\/wp-content\/uploads\/2025\/07\/WhatsApp-Image-2025-07-17-at-11.19.37-AM-8-scaled.jpeg\"><img loading=\"lazy\" decoding=\"async\" width=\"768\" height=\"1024\" data-id=\"21814\" src=\"https:\/\/gdlfashion.com\/wp-content\/uploads\/2025\/07\/WhatsApp-Image-2025-07-17-at-11.19.37-AM-8-768x1024.jpeg\" alt=\"\" class=\"wp-image-21814\" srcset=\"https:\/\/gdlfashion.com\/wp-content\/uploads\/2025\/07\/WhatsApp-Image-2025-07-17-at-11.19.37-AM-8-768x1024.jpeg 768w, https:\/\/gdlfashion.com\/wp-content\/uploads\/2025\/07\/WhatsApp-Image-2025-07-17-at-11.19.37-AM-8-225x300.jpeg 225w, https:\/\/gdlfashion.com\/wp-content\/uploads\/2025\/07\/WhatsApp-Image-2025-07-17-at-11.19.37-AM-8-1152x1536.jpeg 1152w, https:\/\/gdlfashion.com\/wp-content\/uploads\/2025\/07\/WhatsApp-Image-2025-07-17-at-11.19.37-AM-8-1536x2048.jpeg 1536w, https:\/\/gdlfashion.com\/wp-content\/uploads\/2025\/07\/WhatsApp-Image-2025-07-17-at-11.19.37-AM-8-scaled.jpeg 1920w\" sizes=\"(max-width: 768px) 100vw, 768px\" \/><\/a><\/figure>\n<\/figure>\n","protected":false},"excerpt":{"rendered":"<p>Primera serie animada mexicana ganadora de un Emmy Pictoline lanza la segunda temporada de \u2018La vida secreta de tu mente\u2019&hellip;<\/p>\n","protected":false},"author":2,"featured_media":21812,"comment_status":"open","ping_status":"closed","sticky":false,"template":"","format":"standard","meta":{"footnotes":""},"categories":[417,9,3],"tags":[],"_links":{"self":[{"href":"https:\/\/gdlfashion.com\/index.php?rest_route=\/wp\/v2\/posts\/21811"}],"collection":[{"href":"https:\/\/gdlfashion.com\/index.php?rest_route=\/wp\/v2\/posts"}],"about":[{"href":"https:\/\/gdlfashion.com\/index.php?rest_route=\/wp\/v2\/types\/post"}],"author":[{"embeddable":true,"href":"https:\/\/gdlfashion.com\/index.php?rest_route=\/wp\/v2\/users\/2"}],"replies":[{"embeddable":true,"href":"https:\/\/gdlfashion.com\/index.php?rest_route=%2Fwp%2Fv2%2Fcomments&post=21811"}],"version-history":[{"count":1,"href":"https:\/\/gdlfashion.com\/index.php?rest_route=\/wp\/v2\/posts\/21811\/revisions"}],"predecessor-version":[{"id":21815,"href":"https:\/\/gdlfashion.com\/index.php?rest_route=\/wp\/v2\/posts\/21811\/revisions\/21815"}],"wp:featuredmedia":[{"embeddable":true,"href":"https:\/\/gdlfashion.com\/index.php?rest_route=\/wp\/v2\/media\/21812"}],"wp:attachment":[{"href":"https:\/\/gdlfashion.com\/index.php?rest_route=%2Fwp%2Fv2%2Fmedia&parent=21811"}],"wp:term":[{"taxonomy":"category","embeddable":true,"href":"https:\/\/gdlfashion.com\/index.php?rest_route=%2Fwp%2Fv2%2Fcategories&post=21811"},{"taxonomy":"post_tag","embeddable":true,"href":"https:\/\/gdlfashion.com\/index.php?rest_route=%2Fwp%2Fv2%2Ftags&post=21811"}],"curies":[{"name":"wp","href":"https:\/\/api.w.org\/{rel}","templated":true}]}}