{"id":21789,"date":"2025-07-02T19:29:52","date_gmt":"2025-07-02T19:29:52","guid":{"rendered":"https:\/\/gdlfashion.com\/?p=21789"},"modified":"2025-07-18T19:33:21","modified_gmt":"2025-07-18T19:33:21","slug":"san-miguel-el-alto-presenta-su-vi-feria-turistica-artesanal-2025","status":"publish","type":"post","link":"https:\/\/gdlfashion.com\/?p=21789","title":{"rendered":"San Miguel el Alto presenta su VI Feria Tur\u00edstica Artesanal 2025"},"content":{"rendered":"\n<h3 class=\"wp-block-heading\"><strong>Tradici\u00f3n, arte y hospitalidad alte\u00f1a en una sola experiencia<\/strong><\/h3>\n\n\n\n<p>Entre paisajes majestuosos, arquitectura colonial y una historia que inspira, <strong>San Miguel el Alto<\/strong> \u2014la \u201cJoya Arquitect\u00f3nica de los Altos de Jalisco\u201d\u2014 se alista para celebrar la <strong>VI Feria Tur\u00edstica Artesanal 2025<\/strong>, del <strong>6 al 13 de julio<\/strong>, una fiesta que entrelaza lo mejor del arte popular, la cultura y la identidad alte\u00f1a.<\/p>\n\n\n<div class=\"wp-block-image\">\n<figure class=\"alignright size-large is-resized\"><a href=\"https:\/\/gdlfashion.com\/wp-content\/uploads\/2025\/07\/WhatsApp-Image-2025-07-04-at-9.22.30-AM-1.jpeg\"><img loading=\"lazy\" decoding=\"async\" width=\"1024\" height=\"685\" src=\"https:\/\/gdlfashion.com\/wp-content\/uploads\/2025\/07\/WhatsApp-Image-2025-07-04-at-9.22.30-AM-1-1024x685.jpeg\" alt=\"\" class=\"wp-image-21791\" style=\"width:468px;height:auto\" srcset=\"https:\/\/gdlfashion.com\/wp-content\/uploads\/2025\/07\/WhatsApp-Image-2025-07-04-at-9.22.30-AM-1-1024x685.jpeg 1024w, https:\/\/gdlfashion.com\/wp-content\/uploads\/2025\/07\/WhatsApp-Image-2025-07-04-at-9.22.30-AM-1-300x201.jpeg 300w, https:\/\/gdlfashion.com\/wp-content\/uploads\/2025\/07\/WhatsApp-Image-2025-07-04-at-9.22.30-AM-1-768x514.jpeg 768w, https:\/\/gdlfashion.com\/wp-content\/uploads\/2025\/07\/WhatsApp-Image-2025-07-04-at-9.22.30-AM-1-1536x1028.jpeg 1536w, https:\/\/gdlfashion.com\/wp-content\/uploads\/2025\/07\/WhatsApp-Image-2025-07-04-at-9.22.30-AM-1.jpeg 1600w\" sizes=\"(max-width: 1024px) 100vw, 1024px\" \/><\/a><\/figure><\/div>\n\n\n<p>Este evento emblem\u00e1tico busca proyectar al municipio como un destino tur\u00edstico \u00fanico, lleno de tradici\u00f3n, creatividad y calidez. A trav\u00e9s de una semana llena de actividades culturales, exhibiciones artesanales, espect\u00e1culos art\u00edsticos y recorridos vivenciales, los visitantes podr\u00e1n redescubrir el alma de los Altos de Jalisco.<\/p>\n\n\n\n<p>La feria no solo es una celebraci\u00f3n, sino una estrategia que impulsa a la industria local, la producci\u00f3n l\u00e1ctea y las artesan\u00edas regionales. Con ello, se fomenta una derrama econ\u00f3mica sostenible y se promueve el talento de San Miguel el Alto ante un p\u00fablico m\u00e1s amplio.<\/p>\n\n\n\n<p>Entre los imperdibles de esta edici\u00f3n se encuentran las <strong>Rutas Cristera y del Vino<\/strong>, recorridos guiados por la riqueza hist\u00f3rica del municipio; las tradicionales <strong>carreras parejeras \u201cPa\u2019 Caballos San Miguel\u201d<\/strong>; y la visita a sitios ic\u00f3nicos como la Plaza de Armas, considerada una de las m\u00e1s hermosas de Jalisco, o la legendaria plaza de toros <strong>\u201cCarmelo P\u00e9rez\u201d<\/strong>.<\/p>\n\n\n<div class=\"wp-block-image\">\n<figure class=\"alignleft size-large is-resized\"><a href=\"https:\/\/gdlfashion.com\/wp-content\/uploads\/2025\/07\/WhatsApp-Image-2025-07-04-at-9.22.30-AM-2.jpeg\"><img loading=\"lazy\" decoding=\"async\" width=\"1024\" height=\"685\" src=\"https:\/\/gdlfashion.com\/wp-content\/uploads\/2025\/07\/WhatsApp-Image-2025-07-04-at-9.22.30-AM-2-1024x685.jpeg\" alt=\"\" class=\"wp-image-21792\" style=\"width:456px;height:auto\" srcset=\"https:\/\/gdlfashion.com\/wp-content\/uploads\/2025\/07\/WhatsApp-Image-2025-07-04-at-9.22.30-AM-2-1024x685.jpeg 1024w, https:\/\/gdlfashion.com\/wp-content\/uploads\/2025\/07\/WhatsApp-Image-2025-07-04-at-9.22.30-AM-2-300x201.jpeg 300w, https:\/\/gdlfashion.com\/wp-content\/uploads\/2025\/07\/WhatsApp-Image-2025-07-04-at-9.22.30-AM-2-768x514.jpeg 768w, https:\/\/gdlfashion.com\/wp-content\/uploads\/2025\/07\/WhatsApp-Image-2025-07-04-at-9.22.30-AM-2-1536x1028.jpeg 1536w, https:\/\/gdlfashion.com\/wp-content\/uploads\/2025\/07\/WhatsApp-Image-2025-07-04-at-9.22.30-AM-2-2048x1370.jpeg 2048w\" sizes=\"(max-width: 1024px) 100vw, 1024px\" \/><\/a><\/figure><\/div>\n\n\n<p>Adem\u00e1s, San Miguel el Alto honra con orgullo su legado: cuna de Victoriano Ram\u00edrez \u201cEl Catorce\u201d y capital del fuste mexicano, este municipio respira historia y autenticidad. Su identidad se vive en cada rinc\u00f3n y se celebra con cada visitante.<\/p>\n\n\n\n<p>La <strong>VI Feria Tur\u00edstica Artesanal 2025<\/strong> es una invitaci\u00f3n abierta a vivir el orgullo alte\u00f1o, a disfrutar de su hospitalidad y a dejarse sorprender por el arte y la pasi\u00f3n de su gente.<\/p>\n\n\n\n<p><strong>M\u00e1s informaci\u00f3n:<\/strong><\/p>\n\n\n\n<p><a href=\"https:\/\/www.instagram.com\/jalisco.esmexico?igsh=NWJxMWp2ZHN5eHVl\">https:\/\/www.instagram.com\/jalisco.esmexico?igsh=NWJxMWp2ZHN5eHVl<\/a><\/p>\n\n\n\n<p><a href=\"https:\/\/www.instagram.com\/explorajal?igsh=MXVocWlzaHp3cHU4OA==\">https:\/\/www.instagram.com\/explorajal?igsh=MXVocWlzaHp3cHU4OA==<\/a><\/p>\n","protected":false},"excerpt":{"rendered":"<p>Tradici\u00f3n, arte y hospitalidad alte\u00f1a en una sola experiencia Entre paisajes majestuosos, arquitectura colonial y una historia que inspira, San&hellip;<\/p>\n","protected":false},"author":2,"featured_media":21790,"comment_status":"open","ping_status":"closed","sticky":false,"template":"","format":"standard","meta":{"footnotes":""},"categories":[418,417,9,3],"tags":[],"_links":{"self":[{"href":"https:\/\/gdlfashion.com\/index.php?rest_route=\/wp\/v2\/posts\/21789"}],"collection":[{"href":"https:\/\/gdlfashion.com\/index.php?rest_route=\/wp\/v2\/posts"}],"about":[{"href":"https:\/\/gdlfashion.com\/index.php?rest_route=\/wp\/v2\/types\/post"}],"author":[{"embeddable":true,"href":"https:\/\/gdlfashion.com\/index.php?rest_route=\/wp\/v2\/users\/2"}],"replies":[{"embeddable":true,"href":"https:\/\/gdlfashion.com\/index.php?rest_route=%2Fwp%2Fv2%2Fcomments&post=21789"}],"version-history":[{"count":1,"href":"https:\/\/gdlfashion.com\/index.php?rest_route=\/wp\/v2\/posts\/21789\/revisions"}],"predecessor-version":[{"id":21793,"href":"https:\/\/gdlfashion.com\/index.php?rest_route=\/wp\/v2\/posts\/21789\/revisions\/21793"}],"wp:featuredmedia":[{"embeddable":true,"href":"https:\/\/gdlfashion.com\/index.php?rest_route=\/wp\/v2\/media\/21790"}],"wp:attachment":[{"href":"https:\/\/gdlfashion.com\/index.php?rest_route=%2Fwp%2Fv2%2Fmedia&parent=21789"}],"wp:term":[{"taxonomy":"category","embeddable":true,"href":"https:\/\/gdlfashion.com\/index.php?rest_route=%2Fwp%2Fv2%2Fcategories&post=21789"},{"taxonomy":"post_tag","embeddable":true,"href":"https:\/\/gdlfashion.com\/index.php?rest_route=%2Fwp%2Fv2%2Ftags&post=21789"}],"curies":[{"name":"wp","href":"https:\/\/api.w.org\/{rel}","templated":true}]}}