{"id":21774,"date":"2025-07-18T19:18:50","date_gmt":"2025-07-18T19:18:50","guid":{"rendered":"https:\/\/gdlfashion.com\/?p=21774"},"modified":"2025-07-18T19:18:50","modified_gmt":"2025-07-18T19:18:50","slug":"tres-fiestas-imperdibles-este-verano-en-jalisco","status":"publish","type":"post","link":"https:\/\/gdlfashion.com\/?p=21774","title":{"rendered":"Tres fiestas imperdibles este verano en Jalisco"},"content":{"rendered":"\n<h3 class=\"wp-block-heading\"><strong>Tradici\u00f3n, Naturaleza y Cultura en su m\u00e1xima expresi\u00f3n<\/strong><\/h3>\n\n\n\n<p>Este verano, los pueblos de Jalisco se llenan de color, sabor y tradici\u00f3n con tres celebraciones que invitan a reconectar con nuestras ra\u00edces, disfrutar de la gastronom\u00eda local y vivir experiencias \u00fanicas en comunidad. Desde la recolecci\u00f3n ancestral de hongos en la sierra, hasta las danzas tradicionales y ferias llenas de m\u00fasica y cultura, te presentamos <strong>tres fiestas imperdibles<\/strong> para quienes buscan un verano aut\u00e9ntico:<\/p>\n\n\n\n<hr class=\"wp-block-separator has-alpha-channel-opacity\"\/>\n\n\n\n<h3 class=\"wp-block-heading\"><a><\/a><strong>Feria del Hongo en Mixtl\u00e1n: Naturaleza, ciencia y cultura<\/strong><\/h3>\n\n\n\n<p><strong>25 al 27 de julio | Mixtl\u00e1n, Jalisco<\/strong><\/p>\n\n\n\n<figure class=\"wp-block-image size-large is-resized\"><a href=\"https:\/\/gdlfashion.com\/wp-content\/uploads\/2025\/07\/PHOTO-2025-07-17-15-01-33-3.jpg\"><img loading=\"lazy\" decoding=\"async\" width=\"1024\" height=\"450\" src=\"https:\/\/gdlfashion.com\/wp-content\/uploads\/2025\/07\/PHOTO-2025-07-17-15-01-33-3-1024x450.jpg\" alt=\"\" class=\"wp-image-21776\" style=\"width:576px;height:auto\" srcset=\"https:\/\/gdlfashion.com\/wp-content\/uploads\/2025\/07\/PHOTO-2025-07-17-15-01-33-3-1024x450.jpg 1024w, https:\/\/gdlfashion.com\/wp-content\/uploads\/2025\/07\/PHOTO-2025-07-17-15-01-33-3-300x132.jpg 300w, https:\/\/gdlfashion.com\/wp-content\/uploads\/2025\/07\/PHOTO-2025-07-17-15-01-33-3-768x337.jpg 768w, https:\/\/gdlfashion.com\/wp-content\/uploads\/2025\/07\/PHOTO-2025-07-17-15-01-33-3-1536x675.jpg 1536w, https:\/\/gdlfashion.com\/wp-content\/uploads\/2025\/07\/PHOTO-2025-07-17-15-01-33-3.jpg 1600w\" sizes=\"(max-width: 1024px) 100vw, 1024px\" \/><\/a><\/figure>\n\n\n\n<p>La Sierra Occidental de Jalisco se convierte en escenario de la <em>d\u00e9cima edici\u00f3n<\/em> de la <strong>Feria del Hongo<\/strong>, un evento reconocido por la <strong>UNESCO<\/strong> por su valor cient\u00edfico y cultural. Este encuentro celebra la riqueza micol\u00f3gica de la regi\u00f3n con:<\/p>\n\n\n\n<ul>\n<li>Degustaciones de platillos elaborados con hongos silvestres<br><br><\/li>\n\n\n\n<li>Recorridos guiados por la naturaleza y petroglifos<br><br><\/li>\n\n\n\n<li>Actividades culturales y art\u00edsticas<br><br><\/li>\n\n\n\n<li>Charlas con expertos y concursos<br><br><\/li>\n\n\n\n<li>M\u00e1s de <strong>140 especies de hongos<\/strong> documentadas, algunas \u00fanicas de la regi\u00f3n<br><br><\/li>\n<\/ul>\n\n\n\n<p>Un evento que une ciencia, tradici\u00f3n y comunidad, ideal para los amantes del ecoturismo, la gastronom\u00eda y la cultura.<\/p>\n\n\n\n<hr class=\"wp-block-separator has-alpha-channel-opacity\"\/>\n\n\n\n<h3 class=\"wp-block-heading\"><a><\/a><strong>Feria de Lagos de Moreno: M\u00fasica, tradici\u00f3n y diversi\u00f3n para toda la familia<\/strong><\/h3>\n\n\n\n<p><strong>24 de julio al 10 de agosto | Lagos de Moreno, Jalisco<\/strong><\/p>\n\n\n<div class=\"wp-block-image\">\n<figure class=\"alignright size-full is-resized\"><a href=\"https:\/\/gdlfashion.com\/wp-content\/uploads\/2025\/07\/images-1.jpeg\"><img loading=\"lazy\" decoding=\"async\" width=\"205\" height=\"246\" src=\"https:\/\/gdlfashion.com\/wp-content\/uploads\/2025\/07\/images-1.jpeg\" alt=\"\" class=\"wp-image-21778\" style=\"width:396px;height:auto\"\/><\/a><\/figure><\/div>\n\n\n<p>Con 18 d\u00edas de fiesta, esta feria regional celebra a lo grande con actividades religiosas, culturales y recreativas:<\/p>\n\n\n\n<ul>\n<li>Juegos mec\u00e1nicos, bares, antros y zona gastron\u00f3mica<br><br><\/li>\n\n\n\n<li>Exposici\u00f3n ganadera y jaripeos<br><br><\/li>\n\n\n\n<li>Presentaciones musicales gratuitas (zona general) en el Lienzo Charro Santa Mar\u00eda<br><br><\/li>\n\n\n\n<li>Artesan\u00edas, concursos, eventos deportivos y muestras de arte local<br><br><\/li>\n\n\n\n<li>La ic\u00f3nica bajada del Se\u00f1or del Calvario, una de las tradiciones m\u00e1s emblem\u00e1ticas<br><br><\/li>\n<\/ul>\n\n\n\n<p>Adem\u00e1s, Lagos de Moreno es uno de los <strong>Pueblos M\u00e1gicos<\/strong> de Jalisco, con un <strong>Centro Hist\u00f3rico declarado Patrimonio Mundial por la UNESCO<\/strong>, ideal para paseos culturales, visitas a vi\u00f1edos y experiencias culinarias inolvidables.<\/p>\n\n\n\n<hr class=\"wp-block-separator has-alpha-channel-opacity\"\/>\n\n\n\n<h3 class=\"wp-block-heading\"><a><\/a><strong>Fiestas de San Juan de Ocot\u00e1n: La danza de los Tastoanes, orgullo jalisciense<\/strong><\/h3>\n\n\n\n<p><strong>17 al 27 de julio | San Juan de Ocot\u00e1n, Jalisco<\/strong><\/p>\n\n\n\n<figure class=\"wp-block-image size-large is-resized\"><a href=\"https:\/\/gdlfashion.com\/wp-content\/uploads\/2025\/07\/PHOTO-2025-07-17-15-01-33.jpg\"><img loading=\"lazy\" decoding=\"async\" width=\"1024\" height=\"710\" src=\"https:\/\/gdlfashion.com\/wp-content\/uploads\/2025\/07\/PHOTO-2025-07-17-15-01-33-1024x710.jpg\" alt=\"\" class=\"wp-image-21777\" style=\"width:473px;height:auto\" srcset=\"https:\/\/gdlfashion.com\/wp-content\/uploads\/2025\/07\/PHOTO-2025-07-17-15-01-33-1024x710.jpg 1024w, https:\/\/gdlfashion.com\/wp-content\/uploads\/2025\/07\/PHOTO-2025-07-17-15-01-33-300x208.jpg 300w, https:\/\/gdlfashion.com\/wp-content\/uploads\/2025\/07\/PHOTO-2025-07-17-15-01-33-768x532.jpg 768w, https:\/\/gdlfashion.com\/wp-content\/uploads\/2025\/07\/PHOTO-2025-07-17-15-01-33.jpg 1200w\" sizes=\"(max-width: 1024px) 100vw, 1024px\" \/><\/a><\/figure>\n\n\n\n<p>En honor a Santiago Ap\u00f3stol, estas fiestas rescatan una de las danzas m\u00e1s representativas de la tradici\u00f3n popular: <strong>los Tastoanes<\/strong>, personajes enmascarados que representan la lucha entre el bien y el mal.<\/p>\n\n\n\n<ul>\n<li>Presentaciones de la danza ancestral de los Tastoanes<br><br><\/li>\n\n\n\n<li>M\u00fasica en vivo y bailes en la plaza principal<br><br><\/li>\n\n\n\n<li>Participaci\u00f3n de bandas locales y agrupaciones como <strong>Banda Machos<br><br><\/strong><\/li>\n\n\n\n<li>Actividades culturales que celebran la identidad del pueblo<br><br><\/li>\n<\/ul>\n\n\n\n<p>Una festividad profundamente arraigada en la historia de Jalisco, con un ambiente alegre, familiar y lleno de significado.<\/p>\n\n\n\n<hr class=\"wp-block-separator has-alpha-channel-opacity\"\/>\n\n\n\n<p><strong>Este verano, Jalisco te invita a vivir sus pueblos desde el coraz\u00f3n: con sabor, m\u00fasica, tradiciones vivas y paisajes que cuentan historias.<br><\/strong>&nbsp;\u00a1Agenda estas fechas y s\u00e9 parte de la magia que solo las ferias y fiestas populares pueden ofrecer!<\/p>\n\n\n\n<p><strong>M\u00e1s informaci\u00f3n:<\/strong><\/p>\n\n\n\n<p><a href=\"https:\/\/www.instagram.com\/jalisco.esmexico?igsh=NWJxMWp2ZHN5eHVl\">https:\/\/www.instagram.com\/jalisco.esmexico?igsh=NWJxMWp2ZHN5eHVl<\/a><\/p>\n\n\n\n<p><a href=\"https:\/\/www.instagram.com\/explorajal?igsh=MXVocWlzaHp3cHU4OA==\">https:\/\/www.instagram.com\/explorajal?igsh=MXVocWlzaHp3cHU4OA==<\/a><\/p>\n","protected":false},"excerpt":{"rendered":"<p>Tradici\u00f3n, Naturaleza y Cultura en su m\u00e1xima expresi\u00f3n Este verano, los pueblos de Jalisco se llenan de color, sabor y&hellip;<\/p>\n","protected":false},"author":2,"featured_media":21775,"comment_status":"open","ping_status":"closed","sticky":false,"template":"","format":"standard","meta":{"footnotes":""},"categories":[418,417,9,415,3],"tags":[],"_links":{"self":[{"href":"https:\/\/gdlfashion.com\/index.php?rest_route=\/wp\/v2\/posts\/21774"}],"collection":[{"href":"https:\/\/gdlfashion.com\/index.php?rest_route=\/wp\/v2\/posts"}],"about":[{"href":"https:\/\/gdlfashion.com\/index.php?rest_route=\/wp\/v2\/types\/post"}],"author":[{"embeddable":true,"href":"https:\/\/gdlfashion.com\/index.php?rest_route=\/wp\/v2\/users\/2"}],"replies":[{"embeddable":true,"href":"https:\/\/gdlfashion.com\/index.php?rest_route=%2Fwp%2Fv2%2Fcomments&post=21774"}],"version-history":[{"count":1,"href":"https:\/\/gdlfashion.com\/index.php?rest_route=\/wp\/v2\/posts\/21774\/revisions"}],"predecessor-version":[{"id":21779,"href":"https:\/\/gdlfashion.com\/index.php?rest_route=\/wp\/v2\/posts\/21774\/revisions\/21779"}],"wp:featuredmedia":[{"embeddable":true,"href":"https:\/\/gdlfashion.com\/index.php?rest_route=\/wp\/v2\/media\/21775"}],"wp:attachment":[{"href":"https:\/\/gdlfashion.com\/index.php?rest_route=%2Fwp%2Fv2%2Fmedia&parent=21774"}],"wp:term":[{"taxonomy":"category","embeddable":true,"href":"https:\/\/gdlfashion.com\/index.php?rest_route=%2Fwp%2Fv2%2Fcategories&post=21774"},{"taxonomy":"post_tag","embeddable":true,"href":"https:\/\/gdlfashion.com\/index.php?rest_route=%2Fwp%2Fv2%2Ftags&post=21774"}],"curies":[{"name":"wp","href":"https:\/\/api.w.org\/{rel}","templated":true}]}}