{"id":21766,"date":"2025-07-17T18:13:55","date_gmt":"2025-07-17T18:13:55","guid":{"rendered":"https:\/\/gdlfashion.com\/?p=21766"},"modified":"2025-07-17T18:13:55","modified_gmt":"2025-07-17T18:13:55","slug":"celebridades-y-moda-con-proposito","status":"publish","type":"post","link":"https:\/\/gdlfashion.com\/?p=21766","title":{"rendered":"\u00a0Celebridades y moda con prop\u00f3sito\u00a0"},"content":{"rendered":"\n<h3 class=\"wp-block-heading\">\u00a0Marcan el segundo d\u00eda de Intermoda 83\u00a0<\/h3>\n\n\n\n<p>\u00a0El <strong>segundo d\u00eda de actividades en Intermoda 83 <\/strong>estuvo marcado por momentos vibrantes, encuentros inspiradores y experiencias que reafirman este evento como el punto de encuentro m\u00e1s importante de la industria de la moda en Am\u00e9rica Latina. La jornada comenz\u00f3 con la presencia destacada de representantes de <strong>Miss Universo provenientes de Guanajuato, Tamaulipas, San Luis Potos\u00ed, Michoac\u00e1n, Oaxaca, Aguascalientes, Baja California y Jalisco<\/strong>, quienes desfilaron por la Red Carpet de Intermoda atrayendo las miradas del p\u00fablico. Durante su recorrido, se convirtieron en el foco de atenci\u00f3n del stand de DECORARTE, una de las marcas mexicanas m\u00e1s representativas por su propuesta contempor\u00e1nea y su identidad 100% nacional.\u00a0<\/p>\n\n\n<div class=\"wp-block-image\">\n<figure class=\"alignleft size-large is-resized\"><a href=\"https:\/\/gdlfashion.com\/wp-content\/uploads\/2025\/07\/PASARELA-LEONARDO-AGGELOX-_6-scaled.jpg\"><img loading=\"lazy\" decoding=\"async\" width=\"819\" height=\"1024\" src=\"https:\/\/gdlfashion.com\/wp-content\/uploads\/2025\/07\/PASARELA-LEONARDO-AGGELOX-_6-819x1024.jpg\" alt=\"\" class=\"wp-image-21768\" style=\"width:369px;height:auto\" srcset=\"https:\/\/gdlfashion.com\/wp-content\/uploads\/2025\/07\/PASARELA-LEONARDO-AGGELOX-_6-819x1024.jpg 819w, https:\/\/gdlfashion.com\/wp-content\/uploads\/2025\/07\/PASARELA-LEONARDO-AGGELOX-_6-240x300.jpg 240w, https:\/\/gdlfashion.com\/wp-content\/uploads\/2025\/07\/PASARELA-LEONARDO-AGGELOX-_6-768x960.jpg 768w, https:\/\/gdlfashion.com\/wp-content\/uploads\/2025\/07\/PASARELA-LEONARDO-AGGELOX-_6-1229x1536.jpg 1229w, https:\/\/gdlfashion.com\/wp-content\/uploads\/2025\/07\/PASARELA-LEONARDO-AGGELOX-_6-1638x2048.jpg 1638w, https:\/\/gdlfashion.com\/wp-content\/uploads\/2025\/07\/PASARELA-LEONARDO-AGGELOX-_6-scaled.jpg 2048w\" sizes=\"(max-width: 819px) 100vw, 819px\" \/><\/a><\/figure><\/div>\n\n\n<p>Entre las propuestas con enfoque social y empresarial, destac\u00f3 la participaci\u00f3n de Hilando Sue\u00f1os, un colectivo respaldado por <strong>CANAIVE Guanajuato <\/strong>que impulsa el trabajo de dise\u00f1adores emergentes con identidad local y visi\u00f3n de negocio. Esta plataforma se ha convertido en un semillero de talento que apuesta por el fortalecimiento de la moda <strong>hecha en M\u00e9xico, promoviendo el desarrollo de un ecosistema de dise\u00f1o s\u00f3lido, colaborativo y competitivo.&nbsp;<\/strong><\/p>\n\n\n\n<p>En el foro <strong>IM Talks, Mariana Madriz, abogada y consultora especializada en comercio exterior, imparti\u00f3 una conferencia esencial titulada <em>\u201cC\u00f3mo cumplir con la normativa para importar y exportar sin perder estilo\u201d<\/em>. <\/strong>Ante un p\u00fablico de empresarios y emprendedores, comparti\u00f3 estrategias clave para formalizar las operaciones de moda en mercados internacionales, abordando temas como la correcta clasificaci\u00f3n arancelaria, <strong>la diferencia entre padr\u00f3n general y sectorial, la NOM-004 de etiquetado textil, <\/strong>y otros requisitos normativos que permiten a las marcas mexicanas expandirse con seguridad y cumplimiento legal.&nbsp;<\/p>\n\n\n\n<p>Su mensaje fue contundente: <strong>el \u00e9xito en la internacionalizaci\u00f3n no depende solo del dise\u00f1o, sino de procesos bien estructurados <\/strong>y una estrategia comercial sustentada en el conocimiento legal.\u00a0<\/p>\n\n\n<div class=\"wp-block-image\">\n<figure class=\"alignright size-large is-resized\"><a href=\"https:\/\/gdlfashion.com\/wp-content\/uploads\/2025\/07\/SV_3719-scaled.jpg\"><img loading=\"lazy\" decoding=\"async\" width=\"1024\" height=\"683\" src=\"https:\/\/gdlfashion.com\/wp-content\/uploads\/2025\/07\/SV_3719-1024x683.jpg\" alt=\"\" class=\"wp-image-21769\" style=\"width:513px;height:auto\" srcset=\"https:\/\/gdlfashion.com\/wp-content\/uploads\/2025\/07\/SV_3719-1024x683.jpg 1024w, https:\/\/gdlfashion.com\/wp-content\/uploads\/2025\/07\/SV_3719-300x200.jpg 300w, https:\/\/gdlfashion.com\/wp-content\/uploads\/2025\/07\/SV_3719-768x512.jpg 768w, https:\/\/gdlfashion.com\/wp-content\/uploads\/2025\/07\/SV_3719-1536x1024.jpg 1536w, https:\/\/gdlfashion.com\/wp-content\/uploads\/2025\/07\/SV_3719-2048x1365.jpg 2048w\" sizes=\"(max-width: 1024px) 100vw, 1024px\" \/><\/a><\/figure><\/div>\n\n\n<p>Uno de los espacios m\u00e1s visitados del d\u00eda fue Trend Zone, una instalaci\u00f3n curada que fusiona inspiraci\u00f3n y an\u00e1lisis de tendencias, ubicada en el Sal\u00f3n M\u00e9xico de Expo Guadalajara. <strong>Este laboratorio de ideas re\u00fane materiales, colores, texturas y propuestas de m\u00e1s de 40 aliados nacionales e internacionales<\/strong>, y presenta una lectura clara de lo que marcar\u00e1 la temporada oto\u00f1o-invierno 2025-2026.&nbsp;<\/p>\n\n\n\n<p>De acuerdo con su coordinadora, Elena Alonso, <strong>Trend Zone busca empoderar a dise\u00f1adores, compradores y marcas con herramientas visuales y t\u00e1ctiles q<\/strong>ue permitan tomar decisiones informadas, detectar oportunidades y alinear sus colecciones con los gustos de consumidores contempor\u00e1neos. <strong>Con tem\u00e1ticas diferenciadas seg\u00fan perfil de usuario, el espacio representa una s\u00edntesis innovadora entre creatividad, tecnolog\u00eda y sustentabilidad.&nbsp;<\/strong><\/p>\n\n\n\n<p>La creadora de contenido y empresaria <strong>Yeri Mua <\/strong>fue otra de las figuras que marc\u00f3 el pulso del d\u00eda al presentarse en el stand de la marca <strong>That\u2019s Hot<\/strong>, generando gran expectativa entre los asistentes y medios. Su visita fusion\u00f3 moda, influencia digital y cultura pop, a<strong>trayendo a un p\u00fablico joven que la reconoce como una voz fresca dentro del universo de la moda.\u00a0<\/strong><\/p>\n\n\n<div class=\"wp-block-image\">\n<figure class=\"alignleft size-large is-resized\"><a href=\"https:\/\/gdlfashion.com\/wp-content\/uploads\/2025\/07\/IMG_20250716_140350-scaled.jpg\"><img loading=\"lazy\" decoding=\"async\" width=\"768\" height=\"1024\" src=\"https:\/\/gdlfashion.com\/wp-content\/uploads\/2025\/07\/IMG_20250716_140350-768x1024.jpg\" alt=\"\" class=\"wp-image-21770\" style=\"width:350px;height:auto\" srcset=\"https:\/\/gdlfashion.com\/wp-content\/uploads\/2025\/07\/IMG_20250716_140350-768x1024.jpg 768w, https:\/\/gdlfashion.com\/wp-content\/uploads\/2025\/07\/IMG_20250716_140350-225x300.jpg 225w, https:\/\/gdlfashion.com\/wp-content\/uploads\/2025\/07\/IMG_20250716_140350-1152x1536.jpg 1152w, https:\/\/gdlfashion.com\/wp-content\/uploads\/2025\/07\/IMG_20250716_140350-1536x2048.jpg 1536w, https:\/\/gdlfashion.com\/wp-content\/uploads\/2025\/07\/IMG_20250716_140350-scaled.jpg 1920w\" sizes=\"(max-width: 768px) 100vw, 768px\" \/><\/a><\/figure><\/div>\n\n\n<p>En un ambiente de entusiasmo y conexi\u00f3n, comparti\u00f3 su experiencia como emprendedora, fortaleciendo la presencia de propuestas emergentes que dialogan con una nueva generaci\u00f3n de consumidores. <strong>Su participaci\u00f3n demostr\u00f3 la apertura de Intermoda hacia formatos no tradicionales, impulsando narrativas donde la autenticidad <\/strong>y la comunidad son clave.&nbsp;<\/p>\n\n\n\n<p>Otro de los momentos <strong>m\u00e1s enriquecedores fue el panel <em>\u201cLa moda en el mundo con acento mexicano\u201d<\/em>, <\/strong>moderado por el especialista en relaciones p\u00fablicas Azahel Marmolejo. Los <strong>dise\u00f1adores Jes\u00fas de la Garsa, Edher Gin y Jonathan Morales compartieron su experiencia en mercados internacionales, <\/strong>destacando c\u00f3mo han logrado posicionar sus marcas a trav\u00e9s de identidad, disciplina y propuesta est\u00e9tica.&nbsp;<\/p>\n\n\n\n<p>La conversaci\u00f3n permiti\u00f3 visibilizar tanto los retos como las oportunidades que enfrentan los creativos mexicanos para trascender fronteras, consolidando el discurso de que la moda nacional tiene voz propia y una mirada global.&nbsp;<\/p>\n\n\n\n<p>Desde <strong>el enfoque t\u00e9cnico y textil, Nissim Betesh, representante de la empresa VICUNHA, ofreci\u00f3 una conferencia bajo el t\u00edtulo <em>\u201cDel algod\u00f3n al tejido: <\/em><\/strong><em>Origen, composici\u00f3n y evoluci\u00f3n del denim\u201d<\/em>. A trav\u00e9s de una narrativa que combin\u00f3 historia,&nbsp;<\/p>\n\n\n\n<p>tecnolog\u00eda y responsabilidad ambiental, explic\u00f3 la transformaci\u00f3n del denim desde sus ra\u00edces utilitarias <strong>hasta su papel protag\u00f3nico en el mundo de la moda. Con cifras contundentes \u2014como el hecho de que M\u00e9xico es el pa\u00eds con m\u00e1s jeans por persona en su guardarropa\u2014<\/strong>, Betesh subray\u00f3 la necesidad de adoptar procesos m\u00e1s sustentables y eficientes, apelando a la innovaci\u00f3n como eje de cambio.\u00a0<\/p>\n\n\n<div class=\"wp-block-image\">\n<figure class=\"alignright size-large is-resized\"><a href=\"https:\/\/gdlfashion.com\/wp-content\/uploads\/2025\/07\/IMG_E95AA13493A5-1.jpeg\"><img loading=\"lazy\" decoding=\"async\" width=\"582\" height=\"1024\" src=\"https:\/\/gdlfashion.com\/wp-content\/uploads\/2025\/07\/IMG_E95AA13493A5-1-582x1024.jpeg\" alt=\"\" class=\"wp-image-21767\" style=\"width:330px;height:auto\" srcset=\"https:\/\/gdlfashion.com\/wp-content\/uploads\/2025\/07\/IMG_E95AA13493A5-1-582x1024.jpeg 582w, https:\/\/gdlfashion.com\/wp-content\/uploads\/2025\/07\/IMG_E95AA13493A5-1-171x300.jpeg 171w, https:\/\/gdlfashion.com\/wp-content\/uploads\/2025\/07\/IMG_E95AA13493A5-1-768x1350.jpeg 768w, https:\/\/gdlfashion.com\/wp-content\/uploads\/2025\/07\/IMG_E95AA13493A5-1-874x1536.jpeg 874w, https:\/\/gdlfashion.com\/wp-content\/uploads\/2025\/07\/IMG_E95AA13493A5-1.jpeg 1125w\" sizes=\"(max-width: 582px) 100vw, 582px\" \/><\/a><\/figure><\/div>\n\n\n<p>La jornada tambi\u00e9n cont\u00f3 con la presencia de la influencer <strong>Brenda Zambrano, quien particip\u00f3 como invitada especial en el stand que agrupa a las marcas Hippie &amp; Rock Jeans y Evolution Jeans M\u00e9xico. Durante su recorrido, expres\u00f3 su entusiasmo por las propuestas exhibidas, <\/strong>destacando la autenticidad y frescura de las colecciones presentadas.&nbsp;<\/p>\n\n\n\n<p>Por su parte, <strong>N\u00e9stor Vargas Guzm\u00e1n, representante de ambas marcas, comparti\u00f3 que sus dise\u00f1os est\u00e1n pensados para un p\u00fablico joven que busca piezas con car\u00e1cter, incluyendo bordados<\/strong>, lavados especiales y estampados de alto impacto visual. <strong>Con m\u00e1s de 450 piezas desarrolladas en un periodo <\/strong>de cuatro a cinco meses, reiteraron su compromiso con la creatividad, el dinamismo y la calidad.&nbsp;<\/p>\n\n\n\n<p>El <strong>segundo d\u00eda de Intermoda 83 dej\u00f3 claro que la moda mexicana no solo evoluciona en est\u00e9tica y negocio, sino tambi\u00e9n en diversidad de voces, formatos y perspectivas<\/strong>. La feria contin\u00faa consolid\u00e1ndose como un espacio integral donde el talento, la innovaci\u00f3n y la identidad convergen para marcar el futuro del sector.&nbsp;<\/p>\n","protected":false},"excerpt":{"rendered":"<p>\u00a0Marcan el segundo d\u00eda de Intermoda 83\u00a0 \u00a0El segundo d\u00eda de actividades en Intermoda 83 estuvo marcado por momentos vibrantes,&hellip;<\/p>\n","protected":false},"author":2,"featured_media":21771,"comment_status":"open","ping_status":"closed","sticky":false,"template":"","format":"standard","meta":{"footnotes":""},"categories":[412,417,9,414,3],"tags":[],"_links":{"self":[{"href":"https:\/\/gdlfashion.com\/index.php?rest_route=\/wp\/v2\/posts\/21766"}],"collection":[{"href":"https:\/\/gdlfashion.com\/index.php?rest_route=\/wp\/v2\/posts"}],"about":[{"href":"https:\/\/gdlfashion.com\/index.php?rest_route=\/wp\/v2\/types\/post"}],"author":[{"embeddable":true,"href":"https:\/\/gdlfashion.com\/index.php?rest_route=\/wp\/v2\/users\/2"}],"replies":[{"embeddable":true,"href":"https:\/\/gdlfashion.com\/index.php?rest_route=%2Fwp%2Fv2%2Fcomments&post=21766"}],"version-history":[{"count":1,"href":"https:\/\/gdlfashion.com\/index.php?rest_route=\/wp\/v2\/posts\/21766\/revisions"}],"predecessor-version":[{"id":21772,"href":"https:\/\/gdlfashion.com\/index.php?rest_route=\/wp\/v2\/posts\/21766\/revisions\/21772"}],"wp:featuredmedia":[{"embeddable":true,"href":"https:\/\/gdlfashion.com\/index.php?rest_route=\/wp\/v2\/media\/21771"}],"wp:attachment":[{"href":"https:\/\/gdlfashion.com\/index.php?rest_route=%2Fwp%2Fv2%2Fmedia&parent=21766"}],"wp:term":[{"taxonomy":"category","embeddable":true,"href":"https:\/\/gdlfashion.com\/index.php?rest_route=%2Fwp%2Fv2%2Fcategories&post=21766"},{"taxonomy":"post_tag","embeddable":true,"href":"https:\/\/gdlfashion.com\/index.php?rest_route=%2Fwp%2Fv2%2Ftags&post=21766"}],"curies":[{"name":"wp","href":"https:\/\/api.w.org\/{rel}","templated":true}]}}