{"id":21733,"date":"2025-07-16T00:09:17","date_gmt":"2025-07-16T00:09:17","guid":{"rendered":"https:\/\/gdlfashion.com\/?p=21733"},"modified":"2025-07-16T00:10:29","modified_gmt":"2025-07-16T00:10:29","slug":"intermoda-inaugura-su-edicion-83-en-expo-guadalajara","status":"publish","type":"post","link":"https:\/\/gdlfashion.com\/?p=21733","title":{"rendered":"Intermoda inaugura su Edici\u00f3n 83 en Expo Guadalajara\u00a0"},"content":{"rendered":"\n<p>Este martes se inaugur\u00f3 la edici\u00f3n n\u00famero 83 de Intermoda, el evento de negocios de moda m\u00e1s importante de Latinoam\u00e9rica, en las instalaciones de Expo Guadalajara, consolidando a Jalisco como epicentro de innovaci\u00f3n, dise\u00f1o y emprendimiento.&nbsp;<\/p>\n\n\n\n<p>Con m\u00e1s de <strong>40 a\u00f1os de historia y dos ediciones anuales<\/strong>, Intermoda reafirma su liderazgo como una plataforma estrat\u00e9gica que <strong>impulsa la innovaci\u00f3n, la conexi\u00f3n comercial y la profesionalizaci\u00f3n <\/strong>de toda la cadena de valor de la industria de la moda, bajo el lema: <strong>\u201cSabemos de moda, hacemos negocios\u201d<\/strong>.&nbsp;<\/p>\n\n\n\n<figure class=\"wp-block-video\"><video autoplay controls loop src=\"https:\/\/gdlfashion.com\/wp-content\/uploads\/2025\/07\/IMG_6754.mov\"><\/video><\/figure>\n\n\n\n<p>En el evento, <strong>Michelle Fridman Hirsch, <\/strong>Secretar\u00eda de Turismo en Jalisco, <strong>anunci\u00f3 la apertura de 39 nuevos hoteles, as\u00ed como 20 nuevos vuelos directos al extranjero. Mencion\u00f3 que Jalisco es el tercer lugar en recaudaci\u00f3n tur\u00edstica por encima de destinos como Quintana Roo esto debido al servicio, la infraestructura y la diversidad de Estado. Celebr\u00f3 que eventos como Intermoda aporten y sean generadores de la derrama econ\u00f3mica de Jalisco.&nbsp;<\/strong><\/p>\n\n\n\n<p><strong>Por su parte, Laura Romero<\/strong>, encargada de la Direcci\u00f3n General de Comercio Exterior de SEDECO, indic\u00f3 que el sector de la moda representa uno de los ejes estrat\u00e9gicos por su impacto en el empleo, innovaci\u00f3n y posici\u00f3n de Jalisco en M\u00e9xico y a nivel nacional.&nbsp;<\/p>\n\n\n\n<p>Durante su participaci\u00f3n, <strong>Mireille Acquart, Directora fundadora de Ethical Fashion Space, <\/strong>destac\u00f3 la decisi\u00f3n de Intermoda de integrar la sostenibilidad de manera estrat\u00e9gica y con aliados que reflejan su liderazgo y compromiso con una transformaci\u00f3n profunda en la industria.&nbsp;<\/p>\n\n\n\n<p><strong>Elena Hurtado, Directora General de Expo Guadalajara, <\/strong>apoya las acciones a favor del medio ambiente, es por eso que se congratula de que eventos como Intermoda formen parte del movimiento global sostenible. Resalt\u00f3 que <strong>Expo Guadalajara tambi\u00e9n pone la sustentabilidad como una de sus prioridades, es por eso que es el primer recinto de M\u00e9xico en contar con una Estrategia de Sustentabilidad<\/strong>, con 20 objetivos claves que gu\u00edan todas las acciones e impulsan proyectos fundamentales.&nbsp;<\/p>\n\n\n\n<figure class=\"wp-block-gallery has-nested-images columns-default is-cropped wp-block-gallery-1 is-layout-flex wp-block-gallery-is-layout-flex\">\n<figure class=\"wp-block-image size-large\"><a href=\"https:\/\/gdlfashion.com\/wp-content\/uploads\/2025\/07\/IMG_5632-scaled.jpg\"><img loading=\"lazy\" decoding=\"async\" width=\"683\" height=\"1024\" data-id=\"21746\" src=\"https:\/\/gdlfashion.com\/wp-content\/uploads\/2025\/07\/IMG_5632-683x1024.jpg\" alt=\"\" class=\"wp-image-21746\" srcset=\"https:\/\/gdlfashion.com\/wp-content\/uploads\/2025\/07\/IMG_5632-683x1024.jpg 683w, https:\/\/gdlfashion.com\/wp-content\/uploads\/2025\/07\/IMG_5632-200x300.jpg 200w, https:\/\/gdlfashion.com\/wp-content\/uploads\/2025\/07\/IMG_5632-768x1152.jpg 768w, https:\/\/gdlfashion.com\/wp-content\/uploads\/2025\/07\/IMG_5632-1024x1536.jpg 1024w, https:\/\/gdlfashion.com\/wp-content\/uploads\/2025\/07\/IMG_5632-1365x2048.jpg 1365w, https:\/\/gdlfashion.com\/wp-content\/uploads\/2025\/07\/IMG_5632-scaled.jpg 1707w\" sizes=\"(max-width: 683px) 100vw, 683px\" \/><\/a><\/figure>\n\n\n\n<figure class=\"wp-block-image size-large\"><a href=\"https:\/\/gdlfashion.com\/wp-content\/uploads\/2025\/07\/IMG_5643-scaled.jpg\"><img loading=\"lazy\" decoding=\"async\" width=\"683\" height=\"1024\" data-id=\"21745\" src=\"https:\/\/gdlfashion.com\/wp-content\/uploads\/2025\/07\/IMG_5643-683x1024.jpg\" alt=\"\" class=\"wp-image-21745\" srcset=\"https:\/\/gdlfashion.com\/wp-content\/uploads\/2025\/07\/IMG_5643-683x1024.jpg 683w, https:\/\/gdlfashion.com\/wp-content\/uploads\/2025\/07\/IMG_5643-200x300.jpg 200w, https:\/\/gdlfashion.com\/wp-content\/uploads\/2025\/07\/IMG_5643-768x1152.jpg 768w, https:\/\/gdlfashion.com\/wp-content\/uploads\/2025\/07\/IMG_5643-1024x1536.jpg 1024w, https:\/\/gdlfashion.com\/wp-content\/uploads\/2025\/07\/IMG_5643-1365x2048.jpg 1365w, https:\/\/gdlfashion.com\/wp-content\/uploads\/2025\/07\/IMG_5643-scaled.jpg 1707w\" sizes=\"(max-width: 683px) 100vw, 683px\" \/><\/a><\/figure>\n\n\n\n<figure class=\"wp-block-image size-large\"><a href=\"https:\/\/gdlfashion.com\/wp-content\/uploads\/2025\/07\/IMG_5644-scaled.jpg\"><img loading=\"lazy\" decoding=\"async\" width=\"683\" height=\"1024\" data-id=\"21743\" src=\"https:\/\/gdlfashion.com\/wp-content\/uploads\/2025\/07\/IMG_5644-683x1024.jpg\" alt=\"\" class=\"wp-image-21743\" srcset=\"https:\/\/gdlfashion.com\/wp-content\/uploads\/2025\/07\/IMG_5644-683x1024.jpg 683w, https:\/\/gdlfashion.com\/wp-content\/uploads\/2025\/07\/IMG_5644-200x300.jpg 200w, https:\/\/gdlfashion.com\/wp-content\/uploads\/2025\/07\/IMG_5644-768x1152.jpg 768w, https:\/\/gdlfashion.com\/wp-content\/uploads\/2025\/07\/IMG_5644-1024x1536.jpg 1024w, https:\/\/gdlfashion.com\/wp-content\/uploads\/2025\/07\/IMG_5644-1365x2048.jpg 1365w, https:\/\/gdlfashion.com\/wp-content\/uploads\/2025\/07\/IMG_5644-scaled.jpg 1707w\" sizes=\"(max-width: 683px) 100vw, 683px\" \/><\/a><\/figure>\n<\/figure>\n\n\n\n<p><strong>Jaime Pedroza, Presidente de la CANAIVE Jalisco, <\/strong>asegur\u00f3 que la moda no solo debe ser atractiva y funcional, <strong>tambi\u00e9n debe ser responsable<\/strong>. Destac\u00f3 que desde la CANAIVE, trabajar\u00e1n para que sus empresas sean cada vez <strong>m\u00e1s competitivas, m\u00e1s innovadoras y m\u00e1s sostenibles.&nbsp;<\/strong><\/p>\n\n\n\n<p>Por su parte, <strong>Antonio Lancaster-Jones Gonz\u00e1lez, Coordinador de Industriales Jalisco, <\/strong>destac\u00f3 el papel estrat\u00e9gico de la industria de la moda en el estado, donde convergen <strong>la C\u00e1mara del Vestido, la C\u00e1mara Textil, la C\u00e1mara del Calzado y la C\u00e1mara del Mueble, <\/strong>formando un s\u00f3lido <strong>cl\u00faster de la moda.&nbsp;<\/strong><\/p>\n\n\n\n<p>Agreg\u00f3 que <strong>esta sinergia entre sectores convierte a Intermoda en una experiencia inolvidable para todas y todos los participantes, <\/strong>y en un ejemplo de articulaci\u00f3n productiva con impacto nacional e internacional.&nbsp;<\/p>\n\n\n\n<p><strong>Durante su participaci\u00f3n, Abraham Daniel Zaga<\/strong>, Vicepresidente <strong>Nacional de CANAIVE, <\/strong>comparti\u00f3 que pese al contexto de incertidumbre que enfrentan los mercados globales, M\u00e9xico muestra se\u00f1ales de resiliencia. Se\u00f1al\u00f3 que, seg\u00fan <strong>cifras preliminares de la International Trade Commission<\/strong>, la <strong>inversi\u00f3n extranjera directa <\/strong>ha registrado un <strong>crecimiento anual del 5%<\/strong>, mientras que las <strong>exportaciones hacia Estados Unidos <\/strong>han aumentado en un <strong>12% <\/strong>respecto al mismo periodo del a\u00f1o anterior.&nbsp;<\/p>\n\n\n\n<p>En este escenario, subray\u00f3 el <strong>papel fundamental de Intermoda <\/strong>como <strong>catalizador de la actividad econ\u00f3mica<\/strong>, al fortalecer el posicionamiento internacional del sector y generar condiciones propicias para <strong>el comercio, la innovaci\u00f3n y el desarrollo de talento nacional.&nbsp;<\/strong><\/p>\n\n\n\n<figure class=\"wp-block-gallery has-nested-images columns-default is-cropped wp-block-gallery-2 is-layout-flex wp-block-gallery-is-layout-flex\">\n<figure class=\"wp-block-image size-large\"><a href=\"https:\/\/gdlfashion.com\/wp-content\/uploads\/2025\/07\/IMG_5645-scaled.jpg\"><img loading=\"lazy\" decoding=\"async\" width=\"683\" height=\"1024\" data-id=\"21748\" src=\"https:\/\/gdlfashion.com\/wp-content\/uploads\/2025\/07\/IMG_5645-683x1024.jpg\" alt=\"\" class=\"wp-image-21748\" srcset=\"https:\/\/gdlfashion.com\/wp-content\/uploads\/2025\/07\/IMG_5645-683x1024.jpg 683w, https:\/\/gdlfashion.com\/wp-content\/uploads\/2025\/07\/IMG_5645-200x300.jpg 200w, https:\/\/gdlfashion.com\/wp-content\/uploads\/2025\/07\/IMG_5645-768x1152.jpg 768w, https:\/\/gdlfashion.com\/wp-content\/uploads\/2025\/07\/IMG_5645-1024x1536.jpg 1024w, https:\/\/gdlfashion.com\/wp-content\/uploads\/2025\/07\/IMG_5645-1365x2048.jpg 1365w, https:\/\/gdlfashion.com\/wp-content\/uploads\/2025\/07\/IMG_5645-scaled.jpg 1707w\" sizes=\"(max-width: 683px) 100vw, 683px\" \/><\/a><\/figure>\n\n\n\n<figure class=\"wp-block-image size-large\"><a href=\"https:\/\/gdlfashion.com\/wp-content\/uploads\/2025\/07\/IMG_5655-scaled.jpg\"><img loading=\"lazy\" decoding=\"async\" width=\"683\" height=\"1024\" data-id=\"21749\" src=\"https:\/\/gdlfashion.com\/wp-content\/uploads\/2025\/07\/IMG_5655-683x1024.jpg\" alt=\"\" class=\"wp-image-21749\" srcset=\"https:\/\/gdlfashion.com\/wp-content\/uploads\/2025\/07\/IMG_5655-683x1024.jpg 683w, https:\/\/gdlfashion.com\/wp-content\/uploads\/2025\/07\/IMG_5655-200x300.jpg 200w, https:\/\/gdlfashion.com\/wp-content\/uploads\/2025\/07\/IMG_5655-768x1152.jpg 768w, https:\/\/gdlfashion.com\/wp-content\/uploads\/2025\/07\/IMG_5655-1024x1536.jpg 1024w, https:\/\/gdlfashion.com\/wp-content\/uploads\/2025\/07\/IMG_5655-1365x2048.jpg 1365w, https:\/\/gdlfashion.com\/wp-content\/uploads\/2025\/07\/IMG_5655-scaled.jpg 1707w\" sizes=\"(max-width: 683px) 100vw, 683px\" \/><\/a><\/figure>\n\n\n\n<figure class=\"wp-block-image size-large\"><a href=\"https:\/\/gdlfashion.com\/wp-content\/uploads\/2025\/07\/IMG_5660-scaled.jpg\"><img loading=\"lazy\" decoding=\"async\" width=\"683\" height=\"1024\" data-id=\"21747\" src=\"https:\/\/gdlfashion.com\/wp-content\/uploads\/2025\/07\/IMG_5660-683x1024.jpg\" alt=\"\" class=\"wp-image-21747\" srcset=\"https:\/\/gdlfashion.com\/wp-content\/uploads\/2025\/07\/IMG_5660-683x1024.jpg 683w, https:\/\/gdlfashion.com\/wp-content\/uploads\/2025\/07\/IMG_5660-200x300.jpg 200w, https:\/\/gdlfashion.com\/wp-content\/uploads\/2025\/07\/IMG_5660-768x1152.jpg 768w, https:\/\/gdlfashion.com\/wp-content\/uploads\/2025\/07\/IMG_5660-1024x1536.jpg 1024w, https:\/\/gdlfashion.com\/wp-content\/uploads\/2025\/07\/IMG_5660-1365x2048.jpg 1365w, https:\/\/gdlfashion.com\/wp-content\/uploads\/2025\/07\/IMG_5660-scaled.jpg 1707w\" sizes=\"(max-width: 683px) 100vw, 683px\" \/><\/a><\/figure>\n<\/figure>\n\n\n\n<p><strong>Jorge Castellanos, Presidente de Intermoda, <\/strong>dio la bienvenida a los asistentes y reafirm\u00f3 el compromiso del evento con el desarrollo econ\u00f3mico de Jalisco y la proyecci\u00f3n del talento local a nivel global. Mencion\u00f3 que la moda es mucho m\u00e1s que prendas: <strong>es una expresi\u00f3n cultural, un motor econ\u00f3mico y una muestra del talento mexicano<\/strong>, especialmente de las marcas emergentes.&nbsp;<\/p>\n\n\n\n<p>En esta l\u00ednea, anunci\u00f3 la <strong>exposici\u00f3n especial Hecho en Jalisco<\/strong>, ubicada en el segundo piso de la feria y curada por la <strong>reconocida dise\u00f1adora Mar\u00eda Rosario Mendoza, fundadora de la firma Takasami<\/strong>, como un homenaje a la creatividad, la industria y la tradici\u00f3n de la moda nacida en nuestro estado.&nbsp;<\/p>\n\n\n\n<p>Durante sus intervenciones, destacaron el impacto que Intermoda genera en la <strong>econom\u00eda del estado, as\u00ed como su compromiso con la sustentabilidad, el comercio justo y la promoci\u00f3n del talento hecho en Jalisco.&nbsp;<\/strong><\/p>\n\n\n\n<p>Despu\u00e9s del corte de list\u00f3n oficial y la foto del pres\u00eddium, los invitados recorrieron <strong>\u00e1reas clave como IM Impulsa y Trend Zone, <\/strong>y presenciaron la pasarela inaugural, a cargo de <strong>Exclusivo B\u00e1ez<\/strong>, que marc\u00f3 el arranque de una edici\u00f3n sin precedentes. Bajo el liderazgo de Federico B\u00e1ez, la firma ha vestido a <strong>celebridades internacionales <\/strong>como <strong>Sa\u00fal \u00abCanelo\u00bb \u00c1lvarez y Maluma<\/strong>, y ha desfilado en pasarelas de renombre como <strong>New York Fashion Week (NYFW) y Los Angeles Fashion Week (LAFW).&nbsp;<\/strong><\/p>\n\n\n\n<p>La colecci\u00f3n presentada en Intermoda 83 equilibr\u00f3 magistralmente la <strong>tradici\u00f3n con la modernidad, mostrando piezas que enaltecen el talento mexicano <\/strong>con una visi\u00f3n sofisticada y aut\u00e9ntica. Su participaci\u00f3n dio un arranque de alto nivel al programa de moda de esta edici\u00f3n.<\/p>\n\n\n\n<figure class=\"wp-block-gallery has-nested-images columns-default is-cropped wp-block-gallery-3 is-layout-flex wp-block-gallery-is-layout-flex\">\n<figure class=\"wp-block-image size-large\"><a href=\"https:\/\/gdlfashion.com\/wp-content\/uploads\/2025\/07\/PASARELA-BAEZ_3-scaled.jpg\"><img loading=\"lazy\" decoding=\"async\" width=\"683\" height=\"1024\" data-id=\"21738\" src=\"https:\/\/gdlfashion.com\/wp-content\/uploads\/2025\/07\/PASARELA-BAEZ_3-683x1024.jpg\" alt=\"\" class=\"wp-image-21738\" srcset=\"https:\/\/gdlfashion.com\/wp-content\/uploads\/2025\/07\/PASARELA-BAEZ_3-683x1024.jpg 683w, https:\/\/gdlfashion.com\/wp-content\/uploads\/2025\/07\/PASARELA-BAEZ_3-200x300.jpg 200w, https:\/\/gdlfashion.com\/wp-content\/uploads\/2025\/07\/PASARELA-BAEZ_3-768x1152.jpg 768w, https:\/\/gdlfashion.com\/wp-content\/uploads\/2025\/07\/PASARELA-BAEZ_3-1024x1536.jpg 1024w, https:\/\/gdlfashion.com\/wp-content\/uploads\/2025\/07\/PASARELA-BAEZ_3-1365x2048.jpg 1365w, https:\/\/gdlfashion.com\/wp-content\/uploads\/2025\/07\/PASARELA-BAEZ_3-scaled.jpg 1707w\" sizes=\"(max-width: 683px) 100vw, 683px\" \/><\/a><\/figure>\n\n\n\n<figure class=\"wp-block-image size-large\"><a href=\"https:\/\/gdlfashion.com\/wp-content\/uploads\/2025\/07\/PASARELA-BAEZ-scaled.jpg\"><img loading=\"lazy\" decoding=\"async\" width=\"683\" height=\"1024\" data-id=\"21737\" src=\"https:\/\/gdlfashion.com\/wp-content\/uploads\/2025\/07\/PASARELA-BAEZ-683x1024.jpg\" alt=\"\" class=\"wp-image-21737\" srcset=\"https:\/\/gdlfashion.com\/wp-content\/uploads\/2025\/07\/PASARELA-BAEZ-683x1024.jpg 683w, https:\/\/gdlfashion.com\/wp-content\/uploads\/2025\/07\/PASARELA-BAEZ-200x300.jpg 200w, https:\/\/gdlfashion.com\/wp-content\/uploads\/2025\/07\/PASARELA-BAEZ-768x1152.jpg 768w, https:\/\/gdlfashion.com\/wp-content\/uploads\/2025\/07\/PASARELA-BAEZ-1024x1536.jpg 1024w, https:\/\/gdlfashion.com\/wp-content\/uploads\/2025\/07\/PASARELA-BAEZ-1365x2048.jpg 1365w, https:\/\/gdlfashion.com\/wp-content\/uploads\/2025\/07\/PASARELA-BAEZ-scaled.jpg 1707w\" sizes=\"(max-width: 683px) 100vw, 683px\" \/><\/a><\/figure>\n\n\n\n<figure class=\"wp-block-image size-large\"><a href=\"https:\/\/gdlfashion.com\/wp-content\/uploads\/2025\/07\/PASARELA-EXCLUSIVOS-BAEZ-4-scaled.jpg\"><img loading=\"lazy\" decoding=\"async\" width=\"683\" height=\"1024\" data-id=\"21742\" src=\"https:\/\/gdlfashion.com\/wp-content\/uploads\/2025\/07\/PASARELA-EXCLUSIVOS-BAEZ-4-683x1024.jpg\" alt=\"\" class=\"wp-image-21742\" srcset=\"https:\/\/gdlfashion.com\/wp-content\/uploads\/2025\/07\/PASARELA-EXCLUSIVOS-BAEZ-4-683x1024.jpg 683w, https:\/\/gdlfashion.com\/wp-content\/uploads\/2025\/07\/PASARELA-EXCLUSIVOS-BAEZ-4-200x300.jpg 200w, https:\/\/gdlfashion.com\/wp-content\/uploads\/2025\/07\/PASARELA-EXCLUSIVOS-BAEZ-4-768x1152.jpg 768w, https:\/\/gdlfashion.com\/wp-content\/uploads\/2025\/07\/PASARELA-EXCLUSIVOS-BAEZ-4-1024x1536.jpg 1024w, https:\/\/gdlfashion.com\/wp-content\/uploads\/2025\/07\/PASARELA-EXCLUSIVOS-BAEZ-4-1365x2048.jpg 1365w, https:\/\/gdlfashion.com\/wp-content\/uploads\/2025\/07\/PASARELA-EXCLUSIVOS-BAEZ-4-scaled.jpg 1706w\" sizes=\"(max-width: 683px) 100vw, 683px\" \/><\/a><\/figure>\n\n\n\n<figure class=\"wp-block-image size-large\"><a href=\"https:\/\/gdlfashion.com\/wp-content\/uploads\/2025\/07\/PASARELA-EXCLUSIVOS-BAEZ-8-scaled.jpg\"><img loading=\"lazy\" decoding=\"async\" width=\"683\" height=\"1024\" data-id=\"21739\" src=\"https:\/\/gdlfashion.com\/wp-content\/uploads\/2025\/07\/PASARELA-EXCLUSIVOS-BAEZ-8-683x1024.jpg\" alt=\"\" class=\"wp-image-21739\" srcset=\"https:\/\/gdlfashion.com\/wp-content\/uploads\/2025\/07\/PASARELA-EXCLUSIVOS-BAEZ-8-683x1024.jpg 683w, https:\/\/gdlfashion.com\/wp-content\/uploads\/2025\/07\/PASARELA-EXCLUSIVOS-BAEZ-8-200x300.jpg 200w, https:\/\/gdlfashion.com\/wp-content\/uploads\/2025\/07\/PASARELA-EXCLUSIVOS-BAEZ-8-768x1152.jpg 768w, https:\/\/gdlfashion.com\/wp-content\/uploads\/2025\/07\/PASARELA-EXCLUSIVOS-BAEZ-8-1024x1536.jpg 1024w, https:\/\/gdlfashion.com\/wp-content\/uploads\/2025\/07\/PASARELA-EXCLUSIVOS-BAEZ-8-1365x2048.jpg 1365w, https:\/\/gdlfashion.com\/wp-content\/uploads\/2025\/07\/PASARELA-EXCLUSIVOS-BAEZ-8-scaled.jpg 1707w\" sizes=\"(max-width: 683px) 100vw, 683px\" \/><\/a><\/figure>\n\n\n\n<figure class=\"wp-block-image size-large\"><a href=\"https:\/\/gdlfashion.com\/wp-content\/uploads\/2025\/07\/PASARELA-EXCLUSIVOS-BAEZ-9-scaled.jpg\"><img loading=\"lazy\" decoding=\"async\" width=\"683\" height=\"1024\" data-id=\"21741\" src=\"https:\/\/gdlfashion.com\/wp-content\/uploads\/2025\/07\/PASARELA-EXCLUSIVOS-BAEZ-9-683x1024.jpg\" alt=\"\" class=\"wp-image-21741\" srcset=\"https:\/\/gdlfashion.com\/wp-content\/uploads\/2025\/07\/PASARELA-EXCLUSIVOS-BAEZ-9-683x1024.jpg 683w, https:\/\/gdlfashion.com\/wp-content\/uploads\/2025\/07\/PASARELA-EXCLUSIVOS-BAEZ-9-200x300.jpg 200w, https:\/\/gdlfashion.com\/wp-content\/uploads\/2025\/07\/PASARELA-EXCLUSIVOS-BAEZ-9-768x1152.jpg 768w, https:\/\/gdlfashion.com\/wp-content\/uploads\/2025\/07\/PASARELA-EXCLUSIVOS-BAEZ-9-1024x1536.jpg 1024w, https:\/\/gdlfashion.com\/wp-content\/uploads\/2025\/07\/PASARELA-EXCLUSIVOS-BAEZ-9-1365x2048.jpg 1365w, https:\/\/gdlfashion.com\/wp-content\/uploads\/2025\/07\/PASARELA-EXCLUSIVOS-BAEZ-9-scaled.jpg 1706w\" sizes=\"(max-width: 683px) 100vw, 683px\" \/><\/a><\/figure>\n\n\n\n<figure class=\"wp-block-image size-large\"><a href=\"https:\/\/gdlfashion.com\/wp-content\/uploads\/2025\/07\/PASARELA-EXCLUSIVOS-BAEZ-19-scaled.jpg\"><img loading=\"lazy\" decoding=\"async\" width=\"683\" height=\"1024\" data-id=\"21740\" src=\"https:\/\/gdlfashion.com\/wp-content\/uploads\/2025\/07\/PASARELA-EXCLUSIVOS-BAEZ-19-683x1024.jpg\" alt=\"\" class=\"wp-image-21740\" srcset=\"https:\/\/gdlfashion.com\/wp-content\/uploads\/2025\/07\/PASARELA-EXCLUSIVOS-BAEZ-19-683x1024.jpg 683w, https:\/\/gdlfashion.com\/wp-content\/uploads\/2025\/07\/PASARELA-EXCLUSIVOS-BAEZ-19-200x300.jpg 200w, https:\/\/gdlfashion.com\/wp-content\/uploads\/2025\/07\/PASARELA-EXCLUSIVOS-BAEZ-19-768x1152.jpg 768w, https:\/\/gdlfashion.com\/wp-content\/uploads\/2025\/07\/PASARELA-EXCLUSIVOS-BAEZ-19-1024x1536.jpg 1024w, https:\/\/gdlfashion.com\/wp-content\/uploads\/2025\/07\/PASARELA-EXCLUSIVOS-BAEZ-19-1365x2048.jpg 1365w, https:\/\/gdlfashion.com\/wp-content\/uploads\/2025\/07\/PASARELA-EXCLUSIVOS-BAEZ-19-scaled.jpg 1706w\" sizes=\"(max-width: 683px) 100vw, 683px\" \/><\/a><\/figure>\n\n\n\n<figure class=\"wp-block-image size-large\"><a href=\"https:\/\/gdlfashion.com\/wp-content\/uploads\/2025\/07\/PASARELA-EXCLUSIVOS-BAEZ-20-scaled.jpg\"><img loading=\"lazy\" decoding=\"async\" width=\"683\" height=\"1024\" data-id=\"21736\" src=\"https:\/\/gdlfashion.com\/wp-content\/uploads\/2025\/07\/PASARELA-EXCLUSIVOS-BAEZ-20-683x1024.jpg\" alt=\"\" class=\"wp-image-21736\" srcset=\"https:\/\/gdlfashion.com\/wp-content\/uploads\/2025\/07\/PASARELA-EXCLUSIVOS-BAEZ-20-683x1024.jpg 683w, https:\/\/gdlfashion.com\/wp-content\/uploads\/2025\/07\/PASARELA-EXCLUSIVOS-BAEZ-20-200x300.jpg 200w, https:\/\/gdlfashion.com\/wp-content\/uploads\/2025\/07\/PASARELA-EXCLUSIVOS-BAEZ-20-768x1152.jpg 768w, https:\/\/gdlfashion.com\/wp-content\/uploads\/2025\/07\/PASARELA-EXCLUSIVOS-BAEZ-20-1024x1536.jpg 1024w, https:\/\/gdlfashion.com\/wp-content\/uploads\/2025\/07\/PASARELA-EXCLUSIVOS-BAEZ-20-1366x2048.jpg 1366w, https:\/\/gdlfashion.com\/wp-content\/uploads\/2025\/07\/PASARELA-EXCLUSIVOS-BAEZ-20-scaled.jpg 1707w\" sizes=\"(max-width: 683px) 100vw, 683px\" \/><\/a><\/figure>\n<\/figure>\n","protected":false},"excerpt":{"rendered":"<p>Este martes se inaugur\u00f3 la edici\u00f3n n\u00famero 83 de Intermoda, el evento de negocios de moda m\u00e1s importante de Latinoam\u00e9rica,&hellip;<\/p>\n","protected":false},"author":2,"featured_media":21734,"comment_status":"open","ping_status":"closed","sticky":false,"template":"","format":"standard","meta":{"footnotes":""},"categories":[412,417,9,415,414,3],"tags":[],"_links":{"self":[{"href":"https:\/\/gdlfashion.com\/index.php?rest_route=\/wp\/v2\/posts\/21733"}],"collection":[{"href":"https:\/\/gdlfashion.com\/index.php?rest_route=\/wp\/v2\/posts"}],"about":[{"href":"https:\/\/gdlfashion.com\/index.php?rest_route=\/wp\/v2\/types\/post"}],"author":[{"embeddable":true,"href":"https:\/\/gdlfashion.com\/index.php?rest_route=\/wp\/v2\/users\/2"}],"replies":[{"embeddable":true,"href":"https:\/\/gdlfashion.com\/index.php?rest_route=%2Fwp%2Fv2%2Fcomments&post=21733"}],"version-history":[{"count":2,"href":"https:\/\/gdlfashion.com\/index.php?rest_route=\/wp\/v2\/posts\/21733\/revisions"}],"predecessor-version":[{"id":21751,"href":"https:\/\/gdlfashion.com\/index.php?rest_route=\/wp\/v2\/posts\/21733\/revisions\/21751"}],"wp:featuredmedia":[{"embeddable":true,"href":"https:\/\/gdlfashion.com\/index.php?rest_route=\/wp\/v2\/media\/21734"}],"wp:attachment":[{"href":"https:\/\/gdlfashion.com\/index.php?rest_route=%2Fwp%2Fv2%2Fmedia&parent=21733"}],"wp:term":[{"taxonomy":"category","embeddable":true,"href":"https:\/\/gdlfashion.com\/index.php?rest_route=%2Fwp%2Fv2%2Fcategories&post=21733"},{"taxonomy":"post_tag","embeddable":true,"href":"https:\/\/gdlfashion.com\/index.php?rest_route=%2Fwp%2Fv2%2Ftags&post=21733"}],"curies":[{"name":"wp","href":"https:\/\/api.w.org\/{rel}","templated":true}]}}