{"id":21701,"date":"2025-07-20T01:20:37","date_gmt":"2025-07-20T01:20:37","guid":{"rendered":"http:\/\/gdlfashion.com\/?p=21701"},"modified":"2025-07-11T01:26:20","modified_gmt":"2025-07-11T01:26:20","slug":"sal-e-brasa-llega-a-la-roma-nueva-sucursal-mismo-fuego","status":"publish","type":"post","link":"https:\/\/gdlfashion.com\/?p=21701","title":{"rendered":"Sal E Brasa llega a la Roma: nueva sucursal, mismo fuego"},"content":{"rendered":"\n<p>El sabor del sur de Brasil cruza Insurgentes y se instala en la Roma. <strong>Sal E Brasa<\/strong>, la reconocida casa de carnes al estilo rodizio, abre las puertas de su nueva sucursal en <strong>San Luis Potos\u00ed 134<\/strong>, en pleno coraz\u00f3n de una de las colonias m\u00e1s vibrantes de la ciudad.<\/p>\n\n\n\n<p>Luego del \u00e9xito de sus primeras dos sucursales y con cientos de miles de comensales satisfechos, Sal E Brasa mantiene en esta nueva sede su f\u00f3rmula distintiva: cortes servidos al espeto, guarniciones caseras y un ambiente c\u00e1lido que prioriza el apetito por encima de la pose.<\/p>\n\n\n\n<figure class=\"wp-block-gallery has-nested-images columns-default is-cropped wp-block-gallery-1 is-layout-flex wp-block-gallery-is-layout-flex\">\n<figure class=\"wp-block-image size-large\"><a href=\"http:\/\/gdlfashion.com\/wp-content\/uploads\/2025\/07\/Sal-e-Brasa-Roma_002.jpg\"><img loading=\"lazy\" decoding=\"async\" width=\"400\" height=\"267\" data-id=\"21702\" src=\"http:\/\/gdlfashion.com\/wp-content\/uploads\/2025\/07\/Sal-e-Brasa-Roma_002.jpg\" alt=\"\" class=\"wp-image-21702\" srcset=\"https:\/\/gdlfashion.com\/wp-content\/uploads\/2025\/07\/Sal-e-Brasa-Roma_002.jpg 400w, https:\/\/gdlfashion.com\/wp-content\/uploads\/2025\/07\/Sal-e-Brasa-Roma_002-300x200.jpg 300w\" sizes=\"(max-width: 400px) 100vw, 400px\" \/><\/a><\/figure>\n\n\n\n<figure class=\"wp-block-image size-large\"><a href=\"http:\/\/gdlfashion.com\/wp-content\/uploads\/2025\/07\/Sal-e-Brasa-Roma_003.jpg\"><img loading=\"lazy\" decoding=\"async\" width=\"400\" height=\"267\" data-id=\"21704\" src=\"http:\/\/gdlfashion.com\/wp-content\/uploads\/2025\/07\/Sal-e-Brasa-Roma_003.jpg\" alt=\"\" class=\"wp-image-21704\" srcset=\"https:\/\/gdlfashion.com\/wp-content\/uploads\/2025\/07\/Sal-e-Brasa-Roma_003.jpg 400w, https:\/\/gdlfashion.com\/wp-content\/uploads\/2025\/07\/Sal-e-Brasa-Roma_003-300x200.jpg 300w\" sizes=\"(max-width: 400px) 100vw, 400px\" \/><\/a><\/figure>\n\n\n\n<figure class=\"wp-block-image size-large\"><a href=\"http:\/\/gdlfashion.com\/wp-content\/uploads\/2025\/07\/Sal-e-Brasa-Roma_004.jpg\"><img loading=\"lazy\" decoding=\"async\" width=\"400\" height=\"267\" data-id=\"21703\" src=\"http:\/\/gdlfashion.com\/wp-content\/uploads\/2025\/07\/Sal-e-Brasa-Roma_004.jpg\" alt=\"\" class=\"wp-image-21703\" srcset=\"https:\/\/gdlfashion.com\/wp-content\/uploads\/2025\/07\/Sal-e-Brasa-Roma_004.jpg 400w, https:\/\/gdlfashion.com\/wp-content\/uploads\/2025\/07\/Sal-e-Brasa-Roma_004-300x200.jpg 300w\" sizes=\"(max-width: 400px) 100vw, 400px\" \/><\/a><\/figure>\n<\/figure>\n\n\n\n<p><strong>\u201cEsta apertura en la Roma es una evoluci\u00f3n natural\u00bb, comenta<\/strong> <strong>Pedro Cotto, director general del Grupo<\/strong>. <strong>\u201cQuer\u00edamos acercarnos a una zona que valora lo aut\u00e9ntico, pero que tambi\u00e9n exige calidad y narrativa.\u201d<\/strong> El men\u00fa se conserva fiel al concepto original, con algunos gui\u00f1os al interiorismo en tendencia en la zona y un servicio afinado al ritmo de la colonia.<\/p>\n\n\n\n<figure class=\"wp-block-gallery has-nested-images columns-default is-cropped wp-block-gallery-2 is-layout-flex wp-block-gallery-is-layout-flex\">\n<figure class=\"wp-block-image size-large\"><a href=\"http:\/\/gdlfashion.com\/wp-content\/uploads\/2025\/07\/Sal-e-Brasa-Roma_020.jpg\"><img loading=\"lazy\" decoding=\"async\" width=\"400\" height=\"267\" data-id=\"21705\" src=\"http:\/\/gdlfashion.com\/wp-content\/uploads\/2025\/07\/Sal-e-Brasa-Roma_020.jpg\" alt=\"\" class=\"wp-image-21705\" srcset=\"https:\/\/gdlfashion.com\/wp-content\/uploads\/2025\/07\/Sal-e-Brasa-Roma_020.jpg 400w, https:\/\/gdlfashion.com\/wp-content\/uploads\/2025\/07\/Sal-e-Brasa-Roma_020-300x200.jpg 300w\" sizes=\"(max-width: 400px) 100vw, 400px\" \/><\/a><\/figure>\n\n\n\n<figure class=\"wp-block-image size-large\"><a href=\"http:\/\/gdlfashion.com\/wp-content\/uploads\/2025\/07\/Sal-e-Brasa-Roma_021.jpg\"><img loading=\"lazy\" decoding=\"async\" width=\"400\" height=\"267\" data-id=\"21707\" src=\"http:\/\/gdlfashion.com\/wp-content\/uploads\/2025\/07\/Sal-e-Brasa-Roma_021.jpg\" alt=\"\" class=\"wp-image-21707\" srcset=\"https:\/\/gdlfashion.com\/wp-content\/uploads\/2025\/07\/Sal-e-Brasa-Roma_021.jpg 400w, https:\/\/gdlfashion.com\/wp-content\/uploads\/2025\/07\/Sal-e-Brasa-Roma_021-300x200.jpg 300w\" sizes=\"(max-width: 400px) 100vw, 400px\" \/><\/a><\/figure>\n\n\n\n<figure class=\"wp-block-image size-large\"><a href=\"http:\/\/gdlfashion.com\/wp-content\/uploads\/2025\/07\/Sal-e-Brasa-Roma_022.jpg\"><img loading=\"lazy\" decoding=\"async\" width=\"400\" height=\"267\" data-id=\"21706\" src=\"http:\/\/gdlfashion.com\/wp-content\/uploads\/2025\/07\/Sal-e-Brasa-Roma_022.jpg\" alt=\"\" class=\"wp-image-21706\" srcset=\"https:\/\/gdlfashion.com\/wp-content\/uploads\/2025\/07\/Sal-e-Brasa-Roma_022.jpg 400w, https:\/\/gdlfashion.com\/wp-content\/uploads\/2025\/07\/Sal-e-Brasa-Roma_022-300x200.jpg 300w\" sizes=\"(max-width: 400px) 100vw, 400px\" \/><\/a><\/figure>\n<\/figure>\n\n\n\n<p>La llegada a la Roma representa tambi\u00e9n una nueva etapa para la marca, que busca consolidarse no s\u00f3lo como restaurante, sino como una <strong>experiencia cultural brasile\u00f1a<\/strong> en di\u00e1logo constante con el paladar chilango.<\/p>\n\n\n\n<p><strong>Direcci\u00f3n:<\/strong> San Luis Potos\u00ed 134, Roma Norte, CDMX<br><strong>Instagram:<\/strong> @salebrasa_oficial<\/p>\n","protected":false},"excerpt":{"rendered":"<p>El sabor del sur de Brasil cruza Insurgentes y se instala en la Roma. Sal E Brasa, la reconocida casa&hellip;<\/p>\n","protected":false},"author":2,"featured_media":21708,"comment_status":"open","ping_status":"closed","sticky":false,"template":"","format":"standard","meta":{"footnotes":""},"categories":[9,415],"tags":[],"_links":{"self":[{"href":"https:\/\/gdlfashion.com\/index.php?rest_route=\/wp\/v2\/posts\/21701"}],"collection":[{"href":"https:\/\/gdlfashion.com\/index.php?rest_route=\/wp\/v2\/posts"}],"about":[{"href":"https:\/\/gdlfashion.com\/index.php?rest_route=\/wp\/v2\/types\/post"}],"author":[{"embeddable":true,"href":"https:\/\/gdlfashion.com\/index.php?rest_route=\/wp\/v2\/users\/2"}],"replies":[{"embeddable":true,"href":"https:\/\/gdlfashion.com\/index.php?rest_route=%2Fwp%2Fv2%2Fcomments&post=21701"}],"version-history":[{"count":1,"href":"https:\/\/gdlfashion.com\/index.php?rest_route=\/wp\/v2\/posts\/21701\/revisions"}],"predecessor-version":[{"id":21709,"href":"https:\/\/gdlfashion.com\/index.php?rest_route=\/wp\/v2\/posts\/21701\/revisions\/21709"}],"wp:featuredmedia":[{"embeddable":true,"href":"https:\/\/gdlfashion.com\/index.php?rest_route=\/wp\/v2\/media\/21708"}],"wp:attachment":[{"href":"https:\/\/gdlfashion.com\/index.php?rest_route=%2Fwp%2Fv2%2Fmedia&parent=21701"}],"wp:term":[{"taxonomy":"category","embeddable":true,"href":"https:\/\/gdlfashion.com\/index.php?rest_route=%2Fwp%2Fv2%2Fcategories&post=21701"},{"taxonomy":"post_tag","embeddable":true,"href":"https:\/\/gdlfashion.com\/index.php?rest_route=%2Fwp%2Fv2%2Ftags&post=21701"}],"curies":[{"name":"wp","href":"https:\/\/api.w.org\/{rel}","templated":true}]}}