{"id":21694,"date":"2025-07-19T13:15:00","date_gmt":"2025-07-19T13:15:00","guid":{"rendered":"http:\/\/gdlfashion.com\/?p=21694"},"modified":"2025-07-11T01:20:35","modified_gmt":"2025-07-11T01:20:35","slug":"amomoxtli-el-destino-ideal-para-conectar-cuerpo-mente-y-espiritu-2","status":"publish","type":"post","link":"https:\/\/gdlfashion.com\/?p=21694","title":{"rendered":"\u00a0Amomoxtli: el destino ideal para conectar cuerpo, mente y esp\u00edritu\u00a0"},"content":{"rendered":"\n<p>&nbsp;<em>Este verano, el hotel boutique de Tepoztl\u00e1n invita a los viajeros a emprender un viaje hacia el interior&nbsp;<\/em><\/p>\n\n\n\n<p><em>Tepoztl\u00e1n, Morelos &#8211; Junio 2025. <\/em>Enclavado en uno de los pueblos m\u00e1s simb\u00f3licos de M\u00e9xico, <strong>Amomoxtli <\/strong>es un hotel boutique dise\u00f1ado para quienes buscan algo m\u00e1s que descanso: una experiencia de transformaci\u00f3n profunda que renueve cuerpo, mente y esp\u00edritu. Este verano, el hotel invita a viajeros conscientes, parejas, exploradores solitarios y amantes del bienestar a descubrir un espacio donde el tiempo se desacelera y el equilibrio se vuelve tangible.&nbsp;<\/p>\n\n\n\n<p>Rodeado por las monta\u00f1as sagradas de Tepoztl\u00e1n y envuelto en jardines exuberantes, Amomoxtli ofrece una vivencia sensorial, cultural y profundamente restauradora, inspirada en las ra\u00edces y energ\u00eda del lugar.&nbsp;<\/p>\n\n\n\n<figure class=\"wp-block-gallery has-nested-images columns-default is-cropped wp-block-gallery-1 is-layout-flex wp-block-gallery-is-layout-flex\">\n<figure class=\"wp-block-image size-large\"><a href=\"http:\/\/gdlfashion.com\/wp-content\/uploads\/2025\/07\/Amomoxtli-Alberca-Iris-Concept-Media-1-1.jpg\"><img loading=\"lazy\" decoding=\"async\" width=\"1024\" height=\"683\" data-id=\"21695\" src=\"http:\/\/gdlfashion.com\/wp-content\/uploads\/2025\/07\/Amomoxtli-Alberca-Iris-Concept-Media-1-1-1024x683.jpg\" alt=\"\" class=\"wp-image-21695\" srcset=\"https:\/\/gdlfashion.com\/wp-content\/uploads\/2025\/07\/Amomoxtli-Alberca-Iris-Concept-Media-1-1-1024x683.jpg 1024w, https:\/\/gdlfashion.com\/wp-content\/uploads\/2025\/07\/Amomoxtli-Alberca-Iris-Concept-Media-1-1-300x200.jpg 300w, https:\/\/gdlfashion.com\/wp-content\/uploads\/2025\/07\/Amomoxtli-Alberca-Iris-Concept-Media-1-1-768x512.jpg 768w, https:\/\/gdlfashion.com\/wp-content\/uploads\/2025\/07\/Amomoxtli-Alberca-Iris-Concept-Media-1-1-1536x1024.jpg 1536w, https:\/\/gdlfashion.com\/wp-content\/uploads\/2025\/07\/Amomoxtli-Alberca-Iris-Concept-Media-1-1.jpg 1551w\" sizes=\"(max-width: 1024px) 100vw, 1024px\" \/><\/a><\/figure>\n\n\n\n<figure class=\"wp-block-image size-large\"><a href=\"http:\/\/gdlfashion.com\/wp-content\/uploads\/2025\/07\/Amomoxtli-Drone-Aerial-Iris-Concept-Media-1.jpg\"><img loading=\"lazy\" decoding=\"async\" width=\"527\" height=\"395\" data-id=\"21696\" src=\"http:\/\/gdlfashion.com\/wp-content\/uploads\/2025\/07\/Amomoxtli-Drone-Aerial-Iris-Concept-Media-1.jpg\" alt=\"\" class=\"wp-image-21696\" srcset=\"https:\/\/gdlfashion.com\/wp-content\/uploads\/2025\/07\/Amomoxtli-Drone-Aerial-Iris-Concept-Media-1.jpg 527w, https:\/\/gdlfashion.com\/wp-content\/uploads\/2025\/07\/Amomoxtli-Drone-Aerial-Iris-Concept-Media-1-300x225.jpg 300w, https:\/\/gdlfashion.com\/wp-content\/uploads\/2025\/07\/Amomoxtli-Drone-Aerial-Iris-Concept-Media-1-160x120.jpg 160w\" sizes=\"(max-width: 527px) 100vw, 527px\" \/><\/a><\/figure>\n\n\n\n<figure class=\"wp-block-image size-large\"><a href=\"http:\/\/gdlfashion.com\/wp-content\/uploads\/2025\/07\/Amomoxtli-Hab-Standard-Iris-Concept-Media-4.jpg\"><img loading=\"lazy\" decoding=\"async\" width=\"1024\" height=\"683\" data-id=\"21697\" src=\"http:\/\/gdlfashion.com\/wp-content\/uploads\/2025\/07\/Amomoxtli-Hab-Standard-Iris-Concept-Media-4-1024x683.jpg\" alt=\"\" class=\"wp-image-21697\" srcset=\"https:\/\/gdlfashion.com\/wp-content\/uploads\/2025\/07\/Amomoxtli-Hab-Standard-Iris-Concept-Media-4-1024x683.jpg 1024w, https:\/\/gdlfashion.com\/wp-content\/uploads\/2025\/07\/Amomoxtli-Hab-Standard-Iris-Concept-Media-4-300x200.jpg 300w, https:\/\/gdlfashion.com\/wp-content\/uploads\/2025\/07\/Amomoxtli-Hab-Standard-Iris-Concept-Media-4-768x512.jpg 768w, https:\/\/gdlfashion.com\/wp-content\/uploads\/2025\/07\/Amomoxtli-Hab-Standard-Iris-Concept-Media-4-1536x1025.jpg 1536w, https:\/\/gdlfashion.com\/wp-content\/uploads\/2025\/07\/Amomoxtli-Hab-Standard-Iris-Concept-Media-4.jpg 1590w\" sizes=\"(max-width: 1024px) 100vw, 1024px\" \/><\/a><\/figure>\n<\/figure>\n\n\n\n<p><strong>Cinco razones para visitar Amomoxtli este verano:&nbsp;<\/strong><\/p>\n\n\n\n<p>\u25cf <strong>Spa con tratamientos de origen ancestral<\/strong>, como el <em>Ritual Tonatiuh<\/em>, que honra la energ\u00eda del sol con ingredientes naturales como el magnesio y los betacarotenos&nbsp;<\/p>\n\n\n\n<p>\u25cf <strong>Cocina con identidad <\/strong>en el restaurante <em>Mesa de Origen<\/em>, basada en ingredientes locales y recetas con ra\u00edces mexicanas&nbsp;<\/p>\n\n\n\n<p>\u25cf <strong>Piscina templada con vista a la monta\u00f1a<\/strong>, terrazas privadas y espacios dise\u00f1ados para el descanso profundo&nbsp;<\/p>\n\n\n\n<p>\u25cf <strong>Ambiente exclusivo para adultos<\/strong>, ideal para reconectar consigo mismo en total tranquilidad&nbsp;<\/p>\n\n\n\n<p>\u25cf <strong>Actividades inmersivas<\/strong>, como caminatas culturales, senderismo, cabalgatas y ciclismo en la naturaleza&nbsp;<\/p>\n\n\n<div class=\"wp-block-image\">\n<figure class=\"aligncenter size-large is-resized\"><a href=\"http:\/\/gdlfashion.com\/wp-content\/uploads\/2025\/07\/Copy-of-Copy-of-Amomoxtli-May2025-Leica-23.jpg\"><img loading=\"lazy\" decoding=\"async\" width=\"1024\" height=\"681\" src=\"http:\/\/gdlfashion.com\/wp-content\/uploads\/2025\/07\/Copy-of-Copy-of-Amomoxtli-May2025-Leica-23-1024x681.jpg\" alt=\"\" class=\"wp-image-21698\" style=\"width:426px;height:auto\" srcset=\"https:\/\/gdlfashion.com\/wp-content\/uploads\/2025\/07\/Copy-of-Copy-of-Amomoxtli-May2025-Leica-23-1024x681.jpg 1024w, https:\/\/gdlfashion.com\/wp-content\/uploads\/2025\/07\/Copy-of-Copy-of-Amomoxtli-May2025-Leica-23-300x200.jpg 300w, https:\/\/gdlfashion.com\/wp-content\/uploads\/2025\/07\/Copy-of-Copy-of-Amomoxtli-May2025-Leica-23-768x511.jpg 768w, https:\/\/gdlfashion.com\/wp-content\/uploads\/2025\/07\/Copy-of-Copy-of-Amomoxtli-May2025-Leica-23-1536x1022.jpg 1536w, https:\/\/gdlfashion.com\/wp-content\/uploads\/2025\/07\/Copy-of-Copy-of-Amomoxtli-May2025-Leica-23.jpg 1904w\" sizes=\"(max-width: 1024px) 100vw, 1024px\" \/><\/a><\/figure><\/div>\n\n\n<p><strong>Un verano de tradiciones vivas&nbsp;<\/strong><\/p>\n\n\n\n<p><strong>Cada verano, Tepoztl\u00e1n <\/strong>se convierte en un escenario de celebraciones ancestrales que conectan al visitante con el alma del pueblo. Entre ellas destacan:&nbsp;<\/p>\n\n\n\n<p>\u25cf <strong>La Fiesta de Santa Mar\u00eda Magdalena <\/strong>(22 de julio) en Amatl\u00e1n&nbsp;<\/p>\n\n\n\n<p>\u25cf <strong>La celebraci\u00f3n del Santo Santiago Ap\u00f3stol, <\/strong>el tercer domingo de julio&nbsp;<\/p>\n\n\n\n<p>\u25cf <strong>Retiros espirituales y experiencias hol\u00edsticas <\/strong>en diversos espacios del pueblo y alrededores&nbsp;<\/p>\n\n\n\n<p>Amomoxtli es el punto de partida para vivir estas festividades en un entorno que equilibra el descanso, la introspecci\u00f3n y el contacto aut\u00e9ntico con la cultura local.&nbsp;<\/p>\n\n\n\n<p><strong>Un viaje hacia el interior&nbsp;<\/strong><\/p>\n\n\n\n<p>\u201cCada espacio, aroma y sabor en Amomoxtli est\u00e1 pensado para generar una reconexi\u00f3n con lo esencial. Es el destino perfecto para cerrar un ciclo de viaje por M\u00e9xico y comenzar uno personal, desde adentro \u00ab.\u2014 <em>Maritere Zaballa Gerente General.&nbsp;<\/em><\/p>\n\n\n\n<p>Este posicionamiento como <strong>destino final para el viajero internacional <\/strong>responde tambi\u00e9n al creciente inter\u00e9s del turismo europeo por experiencias de bienestar consciente, dise\u00f1o con identidad local y la gastronom\u00eda con historia.&nbsp;<\/p>\n","protected":false},"excerpt":{"rendered":"<p>&nbsp;Este verano, el hotel boutique de Tepoztl\u00e1n invita a los viajeros a emprender un viaje hacia el interior&nbsp; Tepoztl\u00e1n, Morelos&hellip;<\/p>\n","protected":false},"author":2,"featured_media":21699,"comment_status":"open","ping_status":"closed","sticky":false,"template":"","format":"standard","meta":{"footnotes":""},"categories":[418,417,3,413],"tags":[],"_links":{"self":[{"href":"https:\/\/gdlfashion.com\/index.php?rest_route=\/wp\/v2\/posts\/21694"}],"collection":[{"href":"https:\/\/gdlfashion.com\/index.php?rest_route=\/wp\/v2\/posts"}],"about":[{"href":"https:\/\/gdlfashion.com\/index.php?rest_route=\/wp\/v2\/types\/post"}],"author":[{"embeddable":true,"href":"https:\/\/gdlfashion.com\/index.php?rest_route=\/wp\/v2\/users\/2"}],"replies":[{"embeddable":true,"href":"https:\/\/gdlfashion.com\/index.php?rest_route=%2Fwp%2Fv2%2Fcomments&post=21694"}],"version-history":[{"count":1,"href":"https:\/\/gdlfashion.com\/index.php?rest_route=\/wp\/v2\/posts\/21694\/revisions"}],"predecessor-version":[{"id":21700,"href":"https:\/\/gdlfashion.com\/index.php?rest_route=\/wp\/v2\/posts\/21694\/revisions\/21700"}],"wp:featuredmedia":[{"embeddable":true,"href":"https:\/\/gdlfashion.com\/index.php?rest_route=\/wp\/v2\/media\/21699"}],"wp:attachment":[{"href":"https:\/\/gdlfashion.com\/index.php?rest_route=%2Fwp%2Fv2%2Fmedia&parent=21694"}],"wp:term":[{"taxonomy":"category","embeddable":true,"href":"https:\/\/gdlfashion.com\/index.php?rest_route=%2Fwp%2Fv2%2Fcategories&post=21694"},{"taxonomy":"post_tag","embeddable":true,"href":"https:\/\/gdlfashion.com\/index.php?rest_route=%2Fwp%2Fv2%2Ftags&post=21694"}],"curies":[{"name":"wp","href":"https:\/\/api.w.org\/{rel}","templated":true}]}}