{"id":21690,"date":"2025-07-18T13:09:00","date_gmt":"2025-07-18T13:09:00","guid":{"rendered":"http:\/\/gdlfashion.com\/?p=21690"},"modified":"2025-07-11T01:15:32","modified_gmt":"2025-07-11T01:15:32","slug":"getty-images-apuesta-por-another-para-liderar-su-estrategia-de-relaciones-publicas-en-latinoamerica","status":"publish","type":"post","link":"https:\/\/gdlfashion.com\/?p=21690","title":{"rendered":"Getty Images apuesta por another para liderar su estrategia de relaciones p\u00fablicas en Latinoam\u00e9rica"},"content":{"rendered":"\n<ul>\n<li><em>Una colaboraci\u00f3n para amplificar historias visuales con impacto, innovaci\u00f3n y prop\u00f3sito en los mercados clave de la regi\u00f3n.<\/em><em><\/em><\/li>\n<\/ul>\n\n\n\n<p><strong>Getty Images<\/strong>, plataforma global l\u00edder en contenidos visuales y video, eligi\u00f3 a <strong>another <\/strong>como su nueva agencia de relaciones p\u00fablicas para Am\u00e9rica Latina. Esta alianza estrat\u00e9gica cubrir\u00e1 cinco mercados clave: M\u00e9xico, Brasil, Colombia, Chile y Argentina, con el objetivo de elevar la visibilidad de Getty Images e <strong>iStock<\/strong> y fortalecer su conexi\u00f3n con audiencias creativas, corporativas y medi\u00e1ticas en toda la regi\u00f3n.<\/p>\n\n\n\n<p>Desde sus inicios, Getty Images no solo redefini\u00f3 el concepto de banco de im\u00e1genes: se consolid\u00f3 como un motor global de transformaci\u00f3n en la narrativa visual. Hoy, con un archivo de m\u00e1s de 593 millones de activos y una apuesta pionera por la inteligencia artificial generativa entrenada en contenido licenciado, contin\u00faa liderando la evoluci\u00f3n de la creatividad, la tecnolog\u00eda y la representaci\u00f3n diversa.<\/p>\n\n\n<div class=\"wp-block-image\">\n<figure class=\"aligncenter size-large is-resized\"><a href=\"http:\/\/gdlfashion.com\/wp-content\/uploads\/2025\/07\/Alianza-entre-Getty-Images-y-another-en-Latinoamerica-2.jpg\"><img loading=\"lazy\" decoding=\"async\" width=\"683\" height=\"1024\" src=\"http:\/\/gdlfashion.com\/wp-content\/uploads\/2025\/07\/Alianza-entre-Getty-Images-y-another-en-Latinoamerica-2-683x1024.jpg\" alt=\"\" class=\"wp-image-21691\" style=\"width:239px;height:auto\" srcset=\"https:\/\/gdlfashion.com\/wp-content\/uploads\/2025\/07\/Alianza-entre-Getty-Images-y-another-en-Latinoamerica-2-683x1024.jpg 683w, https:\/\/gdlfashion.com\/wp-content\/uploads\/2025\/07\/Alianza-entre-Getty-Images-y-another-en-Latinoamerica-2-200x300.jpg 200w, https:\/\/gdlfashion.com\/wp-content\/uploads\/2025\/07\/Alianza-entre-Getty-Images-y-another-en-Latinoamerica-2-768x1152.jpg 768w, https:\/\/gdlfashion.com\/wp-content\/uploads\/2025\/07\/Alianza-entre-Getty-Images-y-another-en-Latinoamerica-2.jpg 800w\" sizes=\"(max-width: 683px) 100vw, 683px\" \/><\/a><\/figure><\/div>\n\n\n<p><em>\u201cGetty Images es un referente global en contenido visual y un actor clave en la evoluci\u00f3n de la narrativa visual en todo el mundo. Nos emociona colaborar con una marca tan ic\u00f3nica, uniendo nuestras fortalezas para potenciar su presencia en Latinoam\u00e9rica. Esta uni\u00f3n refleja el compromiso mutuo de innovar, comunicar con prop\u00f3sito y liderar juntos el futuro de la industria creativa en la regi\u00f3n,\u201d<\/em> comparti\u00f3 <strong>Yusuf Laroussi, Chief of Staff LATAM en <em>another<\/em><\/strong>, agencia de comunicaci\u00f3n estrat\u00e9gica con fuerte presencia regional.<\/p>\n\n\n\n<p>another ser\u00e1 responsable de dise\u00f1ar e implementar una estrategia de comunicaci\u00f3n integral enfocada en medios de habla hispana y portuguesa. El reto: amplificar los hitos de Getty Images, su liderazgo tecnol\u00f3gico, y su misi\u00f3n de ofrecer contenido seguro, legal y de alta calidad en una industria que evoluciona a pasos acelerados.<\/p>\n\n\n\n<p>La historia de Getty Images incluye momentos que han definido generaciones. Desde hitos deportivos hasta movimientos sociales, desde la cultura pop hasta la pol\u00edtica internacional, sus fot\u00f3grafos \u2014galardonados con m\u00e1s de 1,500 premios\u2014 han estado ah\u00ed para capturarlo todo. Su archivo privado, uno de los m\u00e1s extensos del mundo, resguarda material visual que abarca del siglo XIX hasta la actualidad.<\/p>\n\n\n\n<p>En 2022, another se integr\u00f3 a SEC Newgate, grupo internacional de consultor\u00eda en comunicaci\u00f3n corporativa y asuntos p\u00fablicos, lo que fortaleci\u00f3 a\u00fan m\u00e1s su alcance global y capacidad de respuesta regional. Esta alianza con Getty Images es un reflejo de esa evoluci\u00f3n.<\/p>\n","protected":false},"excerpt":{"rendered":"<p>Getty Images, plataforma global l\u00edder en contenidos visuales y video, eligi\u00f3 a another como su nueva agencia de relaciones p\u00fablicas&hellip;<\/p>\n","protected":false},"author":2,"featured_media":21692,"comment_status":"open","ping_status":"closed","sticky":false,"template":"","format":"standard","meta":{"footnotes":""},"categories":[9,8],"tags":[],"_links":{"self":[{"href":"https:\/\/gdlfashion.com\/index.php?rest_route=\/wp\/v2\/posts\/21690"}],"collection":[{"href":"https:\/\/gdlfashion.com\/index.php?rest_route=\/wp\/v2\/posts"}],"about":[{"href":"https:\/\/gdlfashion.com\/index.php?rest_route=\/wp\/v2\/types\/post"}],"author":[{"embeddable":true,"href":"https:\/\/gdlfashion.com\/index.php?rest_route=\/wp\/v2\/users\/2"}],"replies":[{"embeddable":true,"href":"https:\/\/gdlfashion.com\/index.php?rest_route=%2Fwp%2Fv2%2Fcomments&post=21690"}],"version-history":[{"count":1,"href":"https:\/\/gdlfashion.com\/index.php?rest_route=\/wp\/v2\/posts\/21690\/revisions"}],"predecessor-version":[{"id":21693,"href":"https:\/\/gdlfashion.com\/index.php?rest_route=\/wp\/v2\/posts\/21690\/revisions\/21693"}],"wp:featuredmedia":[{"embeddable":true,"href":"https:\/\/gdlfashion.com\/index.php?rest_route=\/wp\/v2\/media\/21692"}],"wp:attachment":[{"href":"https:\/\/gdlfashion.com\/index.php?rest_route=%2Fwp%2Fv2%2Fmedia&parent=21690"}],"wp:term":[{"taxonomy":"category","embeddable":true,"href":"https:\/\/gdlfashion.com\/index.php?rest_route=%2Fwp%2Fv2%2Fcategories&post=21690"},{"taxonomy":"post_tag","embeddable":true,"href":"https:\/\/gdlfashion.com\/index.php?rest_route=%2Fwp%2Fv2%2Ftags&post=21690"}],"curies":[{"name":"wp","href":"https:\/\/api.w.org\/{rel}","templated":true}]}}