{"id":21670,"date":"2025-07-15T13:16:00","date_gmt":"2025-07-15T13:16:00","guid":{"rendered":"https:\/\/gdlfashion.com\/?p=21670"},"modified":"2025-07-11T00:19:57","modified_gmt":"2025-07-11T00:19:57","slug":"el-peru-apunta-a-ser-uno-de-los-destinos-mas-solicitados-por-la-industria-cinematografica-internacional","status":"publish","type":"post","link":"https:\/\/gdlfashion.com\/?p=21670","title":{"rendered":"El Per\u00fa apunta a ser uno de los destinos m\u00e1s solicitados por la industria cinematogr\u00e1fica internacional"},"content":{"rendered":"\n<ul>\n<li><strong><em>El pa\u00eds sudamericano promociona la diversidad de locaciones que posee, as\u00ed como la riqueza cultural e hist\u00f3rica que lo hacen un destino tur\u00edstico de locaciones f\u00edlmicas \u00fanico para las producciones cinematogr\u00e1ficas.<\/em><\/strong><\/li>\n\n\n\n<li><strong><em>PROMPER\u00da, a trav\u00e9s de FILM IN PER\u00da, concret\u00f3 m\u00e1s de 20 citas con entidades f\u00edlmicas de Ciudad de M\u00e9xico, Jalisco, Chicago, Colombia, entre otras.<\/em><\/strong><strong><em><\/em><\/strong><\/li>\n\n\n\n<li><strong><em>Los films peruanos que participaron del 40\u00b0 festival fueron: \u00abLos Inocentes\u201d, \u201cRuna Simi\u201d, \u201cCarbono\u201d, \u201cLa memoria de las mariposas , \u201cRebeli\u00f3n de la memoria\u201d, entre otras.<\/em><\/strong><\/li>\n<\/ul>\n\n\n\n<p>Durante la 40\u00b0 edici\u00f3n del Festival Internacional del Cine de Guadalajara, Per\u00fa se present\u00f3 como destino para locaciones f\u00edlmicas y concret\u00f3, mediante PROMPER\u00da, casi 30 citas con diferentes entidades de la industria cinematogr\u00e1fica de la Ciudad de M\u00e9xico, Jalisco, Baja California, Bogot\u00e1, Chicago entre otros, al mismo tiempo que present\u00f3 destacados films y proyectos que contribuyeron a poner en alto su nombre no s\u00f3lo por sus bellezas naturales y riqueza cultural, que lo hacen un pa\u00eds interesante para la producci\u00f3n de obras cinematogr\u00e1ficas y audiovisuales nacionales y extranjeras,\u00a0 sino por el gran talento de la industria cinematogr\u00e1fica local que, una vez m\u00e1s, debut\u00f3 en M\u00e9xico.<\/p>\n\n\n\n<p>Uno de los objetivos m\u00e1s importantes para PROMPER\u00da es promover a este pa\u00eds, a trav\u00e9s de su estrategia FILM IN PER\u00da, en diferentes espacios especializados de la industria f\u00edlmica internacional,&nbsp;gracias a la gran variedad de&nbsp;destinos tur\u00edsticos que se usan como locaciones f\u00edlmicas, que van desde la costa des\u00e9rtica hasta la selva amaz\u00f3nica, pasando por los Andes; lo que lo convierte en un escenario ideal y \u00fanico para diferentes tipos de historias.&nbsp;<\/p>\n\n\n<div class=\"wp-block-image\">\n<figure class=\"aligncenter size-large is-resized\"><a href=\"https:\/\/gdlfashion.com\/wp-content\/uploads\/2025\/07\/LDR_3747-scaled.jpg\"><img loading=\"lazy\" decoding=\"async\" width=\"1024\" height=\"683\" src=\"https:\/\/gdlfashion.com\/wp-content\/uploads\/2025\/07\/LDR_3747-1024x683.jpg\" alt=\"\" class=\"wp-image-21671\" style=\"width:409px;height:auto\" srcset=\"https:\/\/gdlfashion.com\/wp-content\/uploads\/2025\/07\/LDR_3747-1024x683.jpg 1024w, https:\/\/gdlfashion.com\/wp-content\/uploads\/2025\/07\/LDR_3747-300x200.jpg 300w, https:\/\/gdlfashion.com\/wp-content\/uploads\/2025\/07\/LDR_3747-768x512.jpg 768w, https:\/\/gdlfashion.com\/wp-content\/uploads\/2025\/07\/LDR_3747-1536x1024.jpg 1536w, https:\/\/gdlfashion.com\/wp-content\/uploads\/2025\/07\/LDR_3747-2048x1365.jpg 2048w\" sizes=\"(max-width: 1024px) 100vw, 1024px\" \/><\/a><\/figure><\/div>\n\n\n<p>Dentro de las pel\u00edculas que participar\u00e1n en el festival, se encuentran: \u00abLos Inocentes\u201d, dirigida por Germ\u00e1n Tejada, producida por Lorena Ugarteche y filmada en el Centro Hist\u00f3rico de Lima, Bre\u00f1a, Pueblo Libre y Chorrillos. Es una coproducci\u00f3n de Per\u00fa y M\u00e9xico y compite por el Premio Maguey. \u201cRuna Simi\u201d, filmada en Cusco, del director Augusto Zegarra Pineda-Arce, participa en la categor\u00eda largometraje iberoamericano documental de la Competencia Oficial. \u201cCarbono\u201d, de los directores Alberto Arvizu y Yael Gonz\u00e1lez, es una coproducci\u00f3n de M\u00e9xico y Per\u00fa; y \u201cLa memoria de las mariposas\u201d, filmada en&nbsp; Iquitos, Pucaurquillo, y los r\u00edos Putumayo e Igaraparan\u00e1. Es una coproducci\u00f3n de Per\u00fa y Portugal, dirigida por Tatiana Fuentes Sadowsi, y tendr\u00e1 su estreno en M\u00e9xico como parte de la Competencia Oficial por el Premio de Cine Socioambiental.<\/p>\n\n\n\n<p>Tambi\u00e9n debemos destacar a \u201cK\u2019allpanakuy Orcconchiskunapi\u201d (\u201cFuria en los Andes\u201d \u2013 \u201cRage in the Andes\u201d), de la directora Adela Goldbard, con la producci\u00f3n de Andrea Ju\u00e1rez y Claudia Farf\u00e1n. El documental es una coproducci\u00f3n de M\u00e9xico, Per\u00fa, Estados Unidos y Canad\u00e1. Participar\u00e1 en la zona de industria; y, por \u00faltimo, \u201cRebeli\u00f3n de la memoria\u201d, documental del director Jo\u00ebl Jent, con la producci\u00f3n de Claudia Ch\u00e1vez, Sophia Rubischung y Charlotte Uzu. Es una coproducci\u00f3n de Per\u00fa, Suiza y Francia.&nbsp;<\/p>\n\n\n\n<p>Max Rodr\u00edguez Guill\u00e9n, consejero econ\u00f3mico y comercial&nbsp;de Per\u00fa en M\u00e9xico, coment\u00f3 que \u201cla participaci\u00f3n del Per\u00fa en este tipo de eventos es muy importante dado que es una manera de poner a nuestro pa\u00eds en la mira de la industria cinematogr\u00e1fica y despertar as\u00ed su inter\u00e9s en invertir a trav\u00e9s de sus filmaciones en nuestro pa\u00eds\u201d.<\/p>\n\n\n<div class=\"wp-block-image\">\n<figure class=\"aligncenter size-large is-resized\"><a href=\"https:\/\/gdlfashion.com\/wp-content\/uploads\/2025\/07\/LDR_3823-scaled.jpg\"><img loading=\"lazy\" decoding=\"async\" width=\"1024\" height=\"683\" src=\"https:\/\/gdlfashion.com\/wp-content\/uploads\/2025\/07\/LDR_3823-1024x683.jpg\" alt=\"\" class=\"wp-image-21672\" style=\"width:384px;height:auto\" srcset=\"https:\/\/gdlfashion.com\/wp-content\/uploads\/2025\/07\/LDR_3823-1024x683.jpg 1024w, https:\/\/gdlfashion.com\/wp-content\/uploads\/2025\/07\/LDR_3823-300x200.jpg 300w, https:\/\/gdlfashion.com\/wp-content\/uploads\/2025\/07\/LDR_3823-768x512.jpg 768w, https:\/\/gdlfashion.com\/wp-content\/uploads\/2025\/07\/LDR_3823-1536x1024.jpg 1536w, https:\/\/gdlfashion.com\/wp-content\/uploads\/2025\/07\/LDR_3823-2048x1365.jpg 2048w\" sizes=\"(max-width: 1024px) 100vw, 1024px\" \/><\/a><\/figure><\/div>\n\n\n<p>Asimismo, Max agreg\u00f3: \u201cUn gran ejemplo es \u201cTransformers: rise of the beasts\u201d, que gener\u00f3, durante los 15 d\u00edas de filmaci\u00f3n, una inversi\u00f3n de USD 10 millones en el 2021 en las regiones de Cusco y San Mart\u00edn, donde se film\u00f3 la pel\u00edcula. Sumado a ello, se increment\u00f3 notoriamente el turismo receptivo desde los pa\u00edses en donde se present\u00f3 la pel\u00edcula (Estados Unidos, Espa\u00f1a y M\u00e9xico); comparando enero-mayo 2024 y enero-mayo 2023, se increment\u00f3 el n\u00famero de turistas internacionales procedentes de esos pa\u00edses en 47% (102,707 turistas adicionales). Asimismo, el&nbsp;incremento en divisas fue de USD 154.5 millones.<\/p>\n\n\n\n<p>FILM IN PERU, a lo largo de los a\u00f1os, ha brindado todo su apoyo a las diferentes producciones que se han desarrollado en territorio peruano, dentro de las cuales se encuentran: <em>\u201cHasta que nos volvamos a encontrar\u201d de Tondero <\/em>(Per\u00fa) para Netflix, <em>\u201cLa Reina del Sur\u201d Temporada 3 de Telemundo y Netflix<\/em> (Estados Unidos), \u201c<em>Don\u00b4t Look Up\u201d de Netflix<\/em> (Estados Unidos), <em>\u201cThe Bachelor\u201d <\/em>reality show(Estados Unidos), <em>\u201cTop Gear\u201d de la BBC &nbsp;<\/em>(Inglaterra) y, durante el 2023, la pel\u00edcula \u201cPaddington in Peru\u201d, que se film\u00f3 en el Centro Hist\u00f3rico de Lima, Miraflores y en Machupicchu.<\/p>\n\n\n\n<p><strong><em>Acerca de PROMPER\u00da<\/em><\/strong><strong><\/strong><\/p>\n\n\n\n<p><em>PROMPER\u00da es un organismo t\u00e9cnico y especializado, dependiente del Ministerio de Comercio Exterior y Turismo. Tiene como finalidad la promoci\u00f3n y la difusi\u00f3n de la imagen del Per\u00fa en materia tur\u00edstica, de exportaciones y de promoci\u00f3n de la inversi\u00f3n extranjera directa de acuerdo a los objetivos sectoriales, contribuyendo al desarrollo sostenible y descentralizado del pa\u00eds.<\/em><\/p>\n","protected":false},"excerpt":{"rendered":"<p>Durante la 40\u00b0 edici\u00f3n del Festival Internacional del Cine de Guadalajara, Per\u00fa se present\u00f3 como destino para locaciones f\u00edlmicas y&hellip;<\/p>\n","protected":false},"author":2,"featured_media":21673,"comment_status":"open","ping_status":"closed","sticky":false,"template":"","format":"standard","meta":{"footnotes":""},"categories":[417,9],"tags":[],"_links":{"self":[{"href":"https:\/\/gdlfashion.com\/index.php?rest_route=\/wp\/v2\/posts\/21670"}],"collection":[{"href":"https:\/\/gdlfashion.com\/index.php?rest_route=\/wp\/v2\/posts"}],"about":[{"href":"https:\/\/gdlfashion.com\/index.php?rest_route=\/wp\/v2\/types\/post"}],"author":[{"embeddable":true,"href":"https:\/\/gdlfashion.com\/index.php?rest_route=\/wp\/v2\/users\/2"}],"replies":[{"embeddable":true,"href":"https:\/\/gdlfashion.com\/index.php?rest_route=%2Fwp%2Fv2%2Fcomments&post=21670"}],"version-history":[{"count":1,"href":"https:\/\/gdlfashion.com\/index.php?rest_route=\/wp\/v2\/posts\/21670\/revisions"}],"predecessor-version":[{"id":21674,"href":"https:\/\/gdlfashion.com\/index.php?rest_route=\/wp\/v2\/posts\/21670\/revisions\/21674"}],"wp:featuredmedia":[{"embeddable":true,"href":"https:\/\/gdlfashion.com\/index.php?rest_route=\/wp\/v2\/media\/21673"}],"wp:attachment":[{"href":"https:\/\/gdlfashion.com\/index.php?rest_route=%2Fwp%2Fv2%2Fmedia&parent=21670"}],"wp:term":[{"taxonomy":"category","embeddable":true,"href":"https:\/\/gdlfashion.com\/index.php?rest_route=%2Fwp%2Fv2%2Fcategories&post=21670"},{"taxonomy":"post_tag","embeddable":true,"href":"https:\/\/gdlfashion.com\/index.php?rest_route=%2Fwp%2Fv2%2Ftags&post=21670"}],"curies":[{"name":"wp","href":"https:\/\/api.w.org\/{rel}","templated":true}]}}