{"id":21652,"date":"2025-07-12T13:21:00","date_gmt":"2025-07-12T13:21:00","guid":{"rendered":"https:\/\/gdlfashion.com\/?p=21652"},"modified":"2025-07-09T01:24:10","modified_gmt":"2025-07-09T01:24:10","slug":"darwin-alamilla","status":"publish","type":"post","link":"https:\/\/gdlfashion.com\/?p=21652","title":{"rendered":"Darwin Alamilla"},"content":{"rendered":"\n<p>Recibe Galard\u00f3n<\/p>\n\n\n\n<p>La Fundaci\u00f3n Cultural Forjadores de M\u00e9xico, A.C.realiz\u00f3 la XXXI entrega del Galard\u00f3n Forjadores de M\u00e9xico &#8211; Jalisco 2025, con el objetivo de reconocer, estimular y visibilizar el trabajo de hombres y mujeres jalisciences que d\u00eda a d\u00eda trabajan por forjar un M\u00e9xico mejor; Es el tercer a\u00f1o consecutivo que se realiza en Guadalajara.<\/p>\n\n\n\n<p>Darwin recibi\u00f3 el galard\u00f3n por su gran trayectoria, su liderazgo como empresario como CEO de Amkel, reconociendo sus exitos y logros.<\/p>\n\n\n\n<figure class=\"wp-block-gallery has-nested-images columns-default is-cropped wp-block-gallery-1 is-layout-flex wp-block-gallery-is-layout-flex\">\n<figure class=\"wp-block-image size-large\"><a href=\"https:\/\/gdlfashion.com\/wp-content\/uploads\/2025\/07\/IMG_2299-scaled.jpg\"><img loading=\"lazy\" decoding=\"async\" width=\"683\" height=\"1024\" data-id=\"21653\" src=\"https:\/\/gdlfashion.com\/wp-content\/uploads\/2025\/07\/IMG_2299-683x1024.jpg\" alt=\"\" class=\"wp-image-21653\" srcset=\"https:\/\/gdlfashion.com\/wp-content\/uploads\/2025\/07\/IMG_2299-683x1024.jpg 683w, https:\/\/gdlfashion.com\/wp-content\/uploads\/2025\/07\/IMG_2299-200x300.jpg 200w, https:\/\/gdlfashion.com\/wp-content\/uploads\/2025\/07\/IMG_2299-768x1152.jpg 768w, https:\/\/gdlfashion.com\/wp-content\/uploads\/2025\/07\/IMG_2299-1024x1536.jpg 1024w, https:\/\/gdlfashion.com\/wp-content\/uploads\/2025\/07\/IMG_2299-1365x2048.jpg 1365w, https:\/\/gdlfashion.com\/wp-content\/uploads\/2025\/07\/IMG_2299-scaled.jpg 1707w\" sizes=\"(max-width: 683px) 100vw, 683px\" \/><\/a><\/figure>\n\n\n\n<figure class=\"wp-block-image size-large\"><a href=\"https:\/\/gdlfashion.com\/wp-content\/uploads\/2025\/07\/IMG_2301-scaled.jpg\"><img loading=\"lazy\" decoding=\"async\" width=\"683\" height=\"1024\" data-id=\"21656\" src=\"https:\/\/gdlfashion.com\/wp-content\/uploads\/2025\/07\/IMG_2301-683x1024.jpg\" alt=\"\" class=\"wp-image-21656\" srcset=\"https:\/\/gdlfashion.com\/wp-content\/uploads\/2025\/07\/IMG_2301-683x1024.jpg 683w, https:\/\/gdlfashion.com\/wp-content\/uploads\/2025\/07\/IMG_2301-200x300.jpg 200w, https:\/\/gdlfashion.com\/wp-content\/uploads\/2025\/07\/IMG_2301-768x1152.jpg 768w, https:\/\/gdlfashion.com\/wp-content\/uploads\/2025\/07\/IMG_2301-1024x1536.jpg 1024w, https:\/\/gdlfashion.com\/wp-content\/uploads\/2025\/07\/IMG_2301-1365x2048.jpg 1365w, https:\/\/gdlfashion.com\/wp-content\/uploads\/2025\/07\/IMG_2301-scaled.jpg 1707w\" sizes=\"(max-width: 683px) 100vw, 683px\" \/><\/a><\/figure>\n\n\n\n<figure class=\"wp-block-image size-large\"><a href=\"https:\/\/gdlfashion.com\/wp-content\/uploads\/2025\/07\/IMG_2304-scaled.jpg\"><img loading=\"lazy\" decoding=\"async\" width=\"1024\" height=\"683\" data-id=\"21655\" src=\"https:\/\/gdlfashion.com\/wp-content\/uploads\/2025\/07\/IMG_2304-1024x683.jpg\" alt=\"\" class=\"wp-image-21655\" srcset=\"https:\/\/gdlfashion.com\/wp-content\/uploads\/2025\/07\/IMG_2304-1024x683.jpg 1024w, https:\/\/gdlfashion.com\/wp-content\/uploads\/2025\/07\/IMG_2304-300x200.jpg 300w, https:\/\/gdlfashion.com\/wp-content\/uploads\/2025\/07\/IMG_2304-768x512.jpg 768w, https:\/\/gdlfashion.com\/wp-content\/uploads\/2025\/07\/IMG_2304-1536x1024.jpg 1536w, https:\/\/gdlfashion.com\/wp-content\/uploads\/2025\/07\/IMG_2304-2048x1365.jpg 2048w\" sizes=\"(max-width: 1024px) 100vw, 1024px\" \/><\/a><\/figure>\n<\/figure>\n\n\n\n<p>El Galard\u00f3n Forjadores de M\u00e9xico se ha consolidado como el mejor, m\u00e1s exclusivo y completo reconocimiento VIP de M\u00e9xico. Consiste en una estatuilla original de autor con certificado de autenticidad, una medalla conmemorativa y un Certificado de Reconocimiento con la fotograf\u00eda del galardonado intervenida al \u00f3leo.<\/p>\n\n\n\n<p>El galard\u00f3n se entregado en los Estados de Nuevo Le\u00f3n, Jalisco, Guanajuato, Quer\u00e9taro, Oaxaca, Michoac\u00e1n, Baja California, Puebla y CDMX.<\/p>\n","protected":false},"excerpt":{"rendered":"<p>Recibe Galard\u00f3n La Fundaci\u00f3n Cultural Forjadores de M\u00e9xico, A.C.realiz\u00f3 la XXXI entrega del Galard\u00f3n Forjadores de M\u00e9xico &#8211; Jalisco 2025,&hellip;<\/p>\n","protected":false},"author":2,"featured_media":21655,"comment_status":"open","ping_status":"closed","sticky":false,"template":"","format":"standard","meta":{"footnotes":""},"categories":[9,3],"tags":[],"_links":{"self":[{"href":"https:\/\/gdlfashion.com\/index.php?rest_route=\/wp\/v2\/posts\/21652"}],"collection":[{"href":"https:\/\/gdlfashion.com\/index.php?rest_route=\/wp\/v2\/posts"}],"about":[{"href":"https:\/\/gdlfashion.com\/index.php?rest_route=\/wp\/v2\/types\/post"}],"author":[{"embeddable":true,"href":"https:\/\/gdlfashion.com\/index.php?rest_route=\/wp\/v2\/users\/2"}],"replies":[{"embeddable":true,"href":"https:\/\/gdlfashion.com\/index.php?rest_route=%2Fwp%2Fv2%2Fcomments&post=21652"}],"version-history":[{"count":1,"href":"https:\/\/gdlfashion.com\/index.php?rest_route=\/wp\/v2\/posts\/21652\/revisions"}],"predecessor-version":[{"id":21657,"href":"https:\/\/gdlfashion.com\/index.php?rest_route=\/wp\/v2\/posts\/21652\/revisions\/21657"}],"wp:featuredmedia":[{"embeddable":true,"href":"https:\/\/gdlfashion.com\/index.php?rest_route=\/wp\/v2\/media\/21655"}],"wp:attachment":[{"href":"https:\/\/gdlfashion.com\/index.php?rest_route=%2Fwp%2Fv2%2Fmedia&parent=21652"}],"wp:term":[{"taxonomy":"category","embeddable":true,"href":"https:\/\/gdlfashion.com\/index.php?rest_route=%2Fwp%2Fv2%2Fcategories&post=21652"},{"taxonomy":"post_tag","embeddable":true,"href":"https:\/\/gdlfashion.com\/index.php?rest_route=%2Fwp%2Fv2%2Ftags&post=21652"}],"curies":[{"name":"wp","href":"https:\/\/api.w.org\/{rel}","templated":true}]}}