{"id":21634,"date":"2025-07-09T00:17:49","date_gmt":"2025-07-09T00:17:49","guid":{"rendered":"https:\/\/gdlfashion.com\/?p=21634"},"modified":"2025-07-09T00:17:49","modified_gmt":"2025-07-09T00:17:49","slug":"celebraran-el-festival-dia-mundial-del-rock-en-zapopan","status":"publish","type":"post","link":"https:\/\/gdlfashion.com\/?p=21634","title":{"rendered":"\u00a0Celebrar\u00e1n el Festival D\u00eda Mundial del Rock en Zapopan\u00a0"},"content":{"rendered":"\n<p>&nbsp;<em>La Agencia Estatal del Entretenimiento de Jalisco y el Gobierno de Zapopan unir\u00e1n esfuerzos para una gran celebraci\u00f3n musical&nbsp;<\/em><\/p>\n\n\n\n<p><em>Se llevar\u00e1 a cabo el domingo 13 de julio, en el Foro Cometa del Parque de las Ni\u00f1as y los Ni\u00f1os, en la Zona Centro del municipio&nbsp;<\/em><\/p>\n\n\n\n<p><em>Participar\u00e1 la banda jalisciense \u2018Gargamel Cover Band\u2019, con 23 a\u00f1os de trayectoria, e integrantes de las bandas Sombrero Verde, El Personal, Fanko, Pito P\u00e9rez y Los Rabiosos, as\u00ed como la cantante Coco Zaragoza y DJ C\u00e9sar Cos\u00edo&nbsp;<\/em><\/p>\n\n\n\n<figure class=\"wp-block-gallery has-nested-images columns-default is-cropped wp-block-gallery-1 is-layout-flex wp-block-gallery-is-layout-flex\">\n<figure class=\"wp-block-image size-large\"><a href=\"https:\/\/gdlfashion.com\/wp-content\/uploads\/2025\/07\/IMG_5968-scaled.jpg\"><img loading=\"lazy\" decoding=\"async\" width=\"1024\" height=\"681\" data-id=\"21635\" src=\"https:\/\/gdlfashion.com\/wp-content\/uploads\/2025\/07\/IMG_5968-1024x681.jpg\" alt=\"\" class=\"wp-image-21635\" srcset=\"https:\/\/gdlfashion.com\/wp-content\/uploads\/2025\/07\/IMG_5968-1024x681.jpg 1024w, https:\/\/gdlfashion.com\/wp-content\/uploads\/2025\/07\/IMG_5968-300x200.jpg 300w, https:\/\/gdlfashion.com\/wp-content\/uploads\/2025\/07\/IMG_5968-768x511.jpg 768w, https:\/\/gdlfashion.com\/wp-content\/uploads\/2025\/07\/IMG_5968-1536x1022.jpg 1536w, https:\/\/gdlfashion.com\/wp-content\/uploads\/2025\/07\/IMG_5968-2048x1363.jpg 2048w\" sizes=\"(max-width: 1024px) 100vw, 1024px\" \/><\/a><\/figure>\n\n\n\n<figure class=\"wp-block-image size-large\"><a href=\"https:\/\/gdlfashion.com\/wp-content\/uploads\/2025\/07\/IMG_5969-scaled.jpg\"><img loading=\"lazy\" decoding=\"async\" width=\"1024\" height=\"681\" data-id=\"21636\" src=\"https:\/\/gdlfashion.com\/wp-content\/uploads\/2025\/07\/IMG_5969-1024x681.jpg\" alt=\"\" class=\"wp-image-21636\" srcset=\"https:\/\/gdlfashion.com\/wp-content\/uploads\/2025\/07\/IMG_5969-1024x681.jpg 1024w, https:\/\/gdlfashion.com\/wp-content\/uploads\/2025\/07\/IMG_5969-300x200.jpg 300w, https:\/\/gdlfashion.com\/wp-content\/uploads\/2025\/07\/IMG_5969-768x511.jpg 768w, https:\/\/gdlfashion.com\/wp-content\/uploads\/2025\/07\/IMG_5969-1536x1022.jpg 1536w, https:\/\/gdlfashion.com\/wp-content\/uploads\/2025\/07\/IMG_5969-2048x1363.jpg 2048w\" sizes=\"(max-width: 1024px) 100vw, 1024px\" \/><\/a><\/figure>\n\n\n\n<figure class=\"wp-block-image size-large\"><a href=\"https:\/\/gdlfashion.com\/wp-content\/uploads\/2025\/07\/IMG_5970-scaled.jpg\"><img loading=\"lazy\" decoding=\"async\" width=\"1024\" height=\"798\" data-id=\"21637\" src=\"https:\/\/gdlfashion.com\/wp-content\/uploads\/2025\/07\/IMG_5970-1024x798.jpg\" alt=\"\" class=\"wp-image-21637\" srcset=\"https:\/\/gdlfashion.com\/wp-content\/uploads\/2025\/07\/IMG_5970-1024x798.jpg 1024w, https:\/\/gdlfashion.com\/wp-content\/uploads\/2025\/07\/IMG_5970-300x234.jpg 300w, https:\/\/gdlfashion.com\/wp-content\/uploads\/2025\/07\/IMG_5970-768x599.jpg 768w, https:\/\/gdlfashion.com\/wp-content\/uploads\/2025\/07\/IMG_5970-1536x1197.jpg 1536w, https:\/\/gdlfashion.com\/wp-content\/uploads\/2025\/07\/IMG_5970-2048x1596.jpg 2048w\" sizes=\"(max-width: 1024px) 100vw, 1024px\" \/><\/a><\/figure>\n<\/figure>\n\n\n\n<p>El Gobierno del Estado, a trav\u00e9s de la Agencia Estatal de Entretenimiento (AGEEJ), sumar\u00e1 esfuerzos con el Gobierno de Zapopan realizar\u00e1n el Festival D\u00eda Mundial del Rock, para festejar a todas las almas rockeras del \u00c1rea Metropolitana de Guadalajara y homenajear a las bandas locales e internacionales que han posicionado e interpretado este g\u00e9nero musical.&nbsp;<\/p>\n\n\n\n<p>\u201cEl D\u00eda Mundial del Rock es una ocasi\u00f3n ideal para celebrar la riqueza y la diversidad de este g\u00e9nero, reconocer su impacto cultural y social, y honrar su capacidad para unir a la gente a trav\u00e9s de la m\u00fasica\u201d, afirm\u00f3 Lorena Mart\u00ednez Ram\u00edrez, Directora de la Agencia Estatal de Entretenimiento de Jalisco.&nbsp;<\/p>\n\n\n\n<p>La celebraci\u00f3n ser\u00e1 el domingo 13 de julio, a partir de las 17:00 horas, con entrada libre en el Foro Cometa del Parque de las Ni\u00f1as y los Ni\u00f1os de Zapopan.&nbsp;<\/p>\n\n\n\n<p>Se contar\u00e1 con la presentaci\u00f3n de la banda jalisciense \u201cGargamel Cover Band\u201d, con 23 a\u00f1os de trayectoria y ra\u00edces afincadas en Guadalajara, que destaca por su interpretaci\u00f3n precisa de \u00e9xitos internacionales del rock en espa\u00f1ol y en ingl\u00e9s, desde cl\u00e1sicos de 1970, 1980 y \u00e9xitos de 1990.&nbsp;<\/p>\n","protected":false},"excerpt":{"rendered":"<p>&nbsp;La Agencia Estatal del Entretenimiento de Jalisco y el Gobierno de Zapopan unir\u00e1n esfuerzos para una gran celebraci\u00f3n musical&nbsp; Se&hellip;<\/p>\n","protected":false},"author":2,"featured_media":21638,"comment_status":"open","ping_status":"closed","sticky":false,"template":"","format":"standard","meta":{"footnotes":""},"categories":[418,9],"tags":[],"_links":{"self":[{"href":"https:\/\/gdlfashion.com\/index.php?rest_route=\/wp\/v2\/posts\/21634"}],"collection":[{"href":"https:\/\/gdlfashion.com\/index.php?rest_route=\/wp\/v2\/posts"}],"about":[{"href":"https:\/\/gdlfashion.com\/index.php?rest_route=\/wp\/v2\/types\/post"}],"author":[{"embeddable":true,"href":"https:\/\/gdlfashion.com\/index.php?rest_route=\/wp\/v2\/users\/2"}],"replies":[{"embeddable":true,"href":"https:\/\/gdlfashion.com\/index.php?rest_route=%2Fwp%2Fv2%2Fcomments&post=21634"}],"version-history":[{"count":1,"href":"https:\/\/gdlfashion.com\/index.php?rest_route=\/wp\/v2\/posts\/21634\/revisions"}],"predecessor-version":[{"id":21639,"href":"https:\/\/gdlfashion.com\/index.php?rest_route=\/wp\/v2\/posts\/21634\/revisions\/21639"}],"wp:featuredmedia":[{"embeddable":true,"href":"https:\/\/gdlfashion.com\/index.php?rest_route=\/wp\/v2\/media\/21638"}],"wp:attachment":[{"href":"https:\/\/gdlfashion.com\/index.php?rest_route=%2Fwp%2Fv2%2Fmedia&parent=21634"}],"wp:term":[{"taxonomy":"category","embeddable":true,"href":"https:\/\/gdlfashion.com\/index.php?rest_route=%2Fwp%2Fv2%2Fcategories&post=21634"},{"taxonomy":"post_tag","embeddable":true,"href":"https:\/\/gdlfashion.com\/index.php?rest_route=%2Fwp%2Fv2%2Ftags&post=21634"}],"curies":[{"name":"wp","href":"https:\/\/api.w.org\/{rel}","templated":true}]}}