{"id":21579,"date":"2025-05-06T18:13:00","date_gmt":"2025-05-06T18:13:00","guid":{"rendered":"https:\/\/gdlfashion.com\/?p=21579"},"modified":"2025-06-06T18:18:50","modified_gmt":"2025-06-06T18:18:50","slug":"la-belleza-intrinseca-de-la-perla","status":"publish","type":"post","link":"https:\/\/gdlfashion.com\/?p=21579","title":{"rendered":"La Belleza Intr\u00ednseca de La Perla\u2026"},"content":{"rendered":"\n<h3 class=\"wp-block-heading\"><strong>Un Regalo de la Naturaleza para M<\/strong>\u00e1ma<\/h3>\n\n\n\n<p>La perla es una gema que desde tiempos ancestrales ha cautivado con su brillo y elegancia al ser humano\u2026.<\/p>\n\n\n\n<p>La perla es la \u00fanica piedra preciosa creada por un organismo vivo de manera natural. Se forma en el interior de la concha de un molusco de agua salada (conocido como ostra). Las perlas de r\u00edo pueden ser naturales (se producen en los moluscos de agua dulce) o cultivadas (respuesta de un proceso que activa la producci\u00f3n de n\u00e1car).<\/p>\n\n\n\n<p>Este <strong>D\u00eda de la Madre<\/strong>, expresa tu amor con una joya y abraza sentimientos honestos como: protecci\u00f3n, respeto, gratitud y buena fortuna. <strong>Oro de Monte Alban<\/strong> ofrece una amplia variedad de dise\u00f1os que lucen delicadas perlas. Desde anillos y pulseras, hasta collares y aretes.<\/p>\n\n\n<div class=\"wp-block-image\">\n<figure class=\"alignright size-large is-resized\"><a href=\"https:\/\/gdlfashion.com\/wp-content\/uploads\/2025\/06\/FOTO-1-Aretes-Del-Jardin-DSC01825-scaled.jpg\"><img loading=\"lazy\" decoding=\"async\" width=\"1019\" height=\"1024\" src=\"https:\/\/gdlfashion.com\/wp-content\/uploads\/2025\/06\/FOTO-1-Aretes-Del-Jardin-DSC01825-1019x1024.jpg\" alt=\"\" class=\"wp-image-21581\" style=\"width:320px;height:auto\" srcset=\"https:\/\/gdlfashion.com\/wp-content\/uploads\/2025\/06\/FOTO-1-Aretes-Del-Jardin-DSC01825-1019x1024.jpg 1019w, https:\/\/gdlfashion.com\/wp-content\/uploads\/2025\/06\/FOTO-1-Aretes-Del-Jardin-DSC01825-298x300.jpg 298w, https:\/\/gdlfashion.com\/wp-content\/uploads\/2025\/06\/FOTO-1-Aretes-Del-Jardin-DSC01825-150x150.jpg 150w, https:\/\/gdlfashion.com\/wp-content\/uploads\/2025\/06\/FOTO-1-Aretes-Del-Jardin-DSC01825-768x772.jpg 768w, https:\/\/gdlfashion.com\/wp-content\/uploads\/2025\/06\/FOTO-1-Aretes-Del-Jardin-DSC01825-1528x1536.jpg 1528w, https:\/\/gdlfashion.com\/wp-content\/uploads\/2025\/06\/FOTO-1-Aretes-Del-Jardin-DSC01825-2037x2048.jpg 2037w, https:\/\/gdlfashion.com\/wp-content\/uploads\/2025\/06\/FOTO-1-Aretes-Del-Jardin-DSC01825-300x300.jpg 300w\" sizes=\"(max-width: 1019px) 100vw, 1019px\" \/><\/a><\/figure><\/div>\n\n\n<ul>\n<li>Los Aretes <strong>\u201cDel Jard\u00edn\u201d <\/strong>son joyas vers\u00e1tiles, clasicas y atemporales hechas con la t\u00e9cnica de filigrana.En su dise\u00f1o incorporan perlas de rio, unidas delicadamente con hilos fin\u00edsimos de oro o plata, que se entrelazan.<\/li>\n<\/ul>\n\n\n\n<ul>\n<li>Los <strong>Orfebres de Oro de Monte Alban<\/strong> crean extraordinarias joyas en filigrana. La perla se convierte en un elemento primordial en este binomio de <strong>arracadas \u201cfiligrana con encaje\u201d<\/strong>. Su dise\u00f1o fabricado ya sea en oro o plata, aporta elegancia y feminidad a un look.<\/li>\n<\/ul>\n\n\n\n<ul>\n<li><strong>Oro de Monte Alban<\/strong> reinventa la elegancia de esta gema sin perder su esencia. Sus nuevos dise\u00f1os de pulseras comunican elegancia, versatilidad e innovaci\u00f3n. Son joyas que se adaptan a cualquier edad, estilo y personalidad<\/li>\n<\/ul>\n\n\n\n<ul>\n<li>Tan cl\u00e1sicos como elegantes, los pendientes de \u201ccascabelito con perla\u201d, pertenecientes a la colecci\u00f3n prehisp\u00e1nica son s\u00edmbolo de discreci\u00f3n, elegancia y glamour. Son fabricados con t\u00e9cnicas ancestrales.<\/li>\n<\/ul>\n\n\n<div class=\"wp-block-image\">\n<figure class=\"alignleft size-large is-resized\"><a href=\"https:\/\/gdlfashion.com\/wp-content\/uploads\/2025\/06\/FOTO-2-arracadas-filigrana-DSC02011-1-scaled.jpg\"><img loading=\"lazy\" decoding=\"async\" width=\"1024\" height=\"1001\" src=\"https:\/\/gdlfashion.com\/wp-content\/uploads\/2025\/06\/FOTO-2-arracadas-filigrana-DSC02011-1-1024x1001.jpg\" alt=\"\" class=\"wp-image-21583\" style=\"width:312px;height:auto\" srcset=\"https:\/\/gdlfashion.com\/wp-content\/uploads\/2025\/06\/FOTO-2-arracadas-filigrana-DSC02011-1-1024x1001.jpg 1024w, https:\/\/gdlfashion.com\/wp-content\/uploads\/2025\/06\/FOTO-2-arracadas-filigrana-DSC02011-1-300x293.jpg 300w, https:\/\/gdlfashion.com\/wp-content\/uploads\/2025\/06\/FOTO-2-arracadas-filigrana-DSC02011-1-768x751.jpg 768w, https:\/\/gdlfashion.com\/wp-content\/uploads\/2025\/06\/FOTO-2-arracadas-filigrana-DSC02011-1-1536x1502.jpg 1536w, https:\/\/gdlfashion.com\/wp-content\/uploads\/2025\/06\/FOTO-2-arracadas-filigrana-DSC02011-1-2048x2003.jpg 2048w\" sizes=\"(max-width: 1024px) 100vw, 1024px\" \/><\/a><\/figure><\/div>\n\n\n<p><strong>Oro de Monte Alb\u00e1n<\/strong> es un referente internacional de la joyer\u00eda prehisp\u00e1nica y mexicana. Cuenta con el \u00fanico taller en <strong>Oaxaca<\/strong> de joyer\u00eda acreditado por el Instituto Nacional de Antropolog\u00eda e Historia de M\u00e9xico (INAH) para elaborar reproducciones de joyer\u00eda en oro y plata; de las piezas m\u00e1s emblem\u00e1ticas de la Tumba n\u00famero 7.<\/p>\n\n\n\n<p>Sus puntos de venta est\u00e1n localizados en Oaxaca y en la zona arqueol\u00f3gica de Monte Alb\u00e1n. En la Ciudad de M\u00e9xico, en el <strong>Centro Hist\u00f3rico<\/strong>, en el Palacio de los condes de Miravalle&nbsp; (The Shops DownTown).<\/p>\n\n\n\n<p><a href=\"http:\/\/www.orodemontealban.com\">www.orodemontealban.com<\/a><\/p>\n\n\n\n<p><\/p>\n","protected":false},"excerpt":{"rendered":"<p>Un Regalo de la Naturaleza para M\u00e1ma La perla es una gema que desde tiempos ancestrales ha cautivado con su&hellip;<\/p>\n","protected":false},"author":2,"featured_media":21580,"comment_status":"open","ping_status":"closed","sticky":false,"template":"","format":"standard","meta":{"footnotes":""},"categories":[412,9,414,3],"tags":[],"_links":{"self":[{"href":"https:\/\/gdlfashion.com\/index.php?rest_route=\/wp\/v2\/posts\/21579"}],"collection":[{"href":"https:\/\/gdlfashion.com\/index.php?rest_route=\/wp\/v2\/posts"}],"about":[{"href":"https:\/\/gdlfashion.com\/index.php?rest_route=\/wp\/v2\/types\/post"}],"author":[{"embeddable":true,"href":"https:\/\/gdlfashion.com\/index.php?rest_route=\/wp\/v2\/users\/2"}],"replies":[{"embeddable":true,"href":"https:\/\/gdlfashion.com\/index.php?rest_route=%2Fwp%2Fv2%2Fcomments&post=21579"}],"version-history":[{"count":1,"href":"https:\/\/gdlfashion.com\/index.php?rest_route=\/wp\/v2\/posts\/21579\/revisions"}],"predecessor-version":[{"id":21584,"href":"https:\/\/gdlfashion.com\/index.php?rest_route=\/wp\/v2\/posts\/21579\/revisions\/21584"}],"wp:featuredmedia":[{"embeddable":true,"href":"https:\/\/gdlfashion.com\/index.php?rest_route=\/wp\/v2\/media\/21580"}],"wp:attachment":[{"href":"https:\/\/gdlfashion.com\/index.php?rest_route=%2Fwp%2Fv2%2Fmedia&parent=21579"}],"wp:term":[{"taxonomy":"category","embeddable":true,"href":"https:\/\/gdlfashion.com\/index.php?rest_route=%2Fwp%2Fv2%2Fcategories&post=21579"},{"taxonomy":"post_tag","embeddable":true,"href":"https:\/\/gdlfashion.com\/index.php?rest_route=%2Fwp%2Fv2%2Ftags&post=21579"}],"curies":[{"name":"wp","href":"https:\/\/api.w.org\/{rel}","templated":true}]}}