{"id":21542,"date":"2025-05-02T14:41:38","date_gmt":"2025-05-02T14:41:38","guid":{"rendered":"https:\/\/gdlfashion.com\/?p=21542"},"modified":"2025-05-04T17:43:37","modified_gmt":"2025-05-04T17:43:37","slug":"celebran-a-los-ninos-y-las-ninas-alestilojalisco","status":"publish","type":"post","link":"https:\/\/gdlfashion.com\/?p=21542","title":{"rendered":"Celebran a los Ni\u00f1os y Las Ni\u00f1as #AlEstiloJalisco"},"content":{"rendered":"\n<h3 class=\"wp-block-heading\">\u00a0<strong>Anuncian festejos por el D\u00eda de la Ni\u00f1a y el Ni\u00f1o en el Centro Hist\u00f3rico de Guadalajara\u00a0<\/strong><\/h3>\n\n\n\n<p>&nbsp;<em>La Agencia Estatal del Entretenimiento de Jalisco y el Gobierno de Guadalajara realizar\u00e1n una gran <\/em>fi<em>esta para las infancias en el coraz\u00f3n de la Perla Tapat\u00eda, los d\u00edas 4 y 5 de mayo&nbsp;<\/em><\/p>\n\n\n\n<p><em>Se instalar\u00e1n juegos y diversas actividades infantiles a lo largo del Paseo Fray Antonio Alcalde, desde la Rotonda de las y los Jaliscienses Ilustres hasta Avenida Ju\u00e1rez; se espera la asistencia de 10 mil ni\u00f1as y ni\u00f1os&nbsp;<\/em><\/p>\n\n\n\n<p>El Gobierno del Estado, a trav\u00e9s de la Agencia Estatal de Entretenimiento (AEEJ), suma esfuerzos con el Gobierno de Guadalajara para la realizaci\u00f3n de una gran fiesta para las infancias en el coraz\u00f3n de la Perla Tapat\u00eda, los d\u00edas 4 y 5 de mayo, para que celebren al estilo Jalisco.&nbsp;<\/p>\n\n\n\n<p>Los festivales \u201cLa Fiesta de las Ni\u00f1as y los Ni\u00f1os\u201d, de AEEJ, y \u201cGuadalajara Juega\u201d, del gobierno tapat\u00edo, se desarrollar\u00e1n a lo largo del Paseo Fray Antonio Alcalde, desde la Rotonda de las y los Jaliscienses Ilustres hasta Avenida Ju\u00e1rez, en el Centro Hist\u00f3rico.&nbsp;<\/p>\n\n\n\n<p>\u201cPara el Gobierno del Estado y para nuestro Gobernador, Pablo Lemus Navarro, las infancias, como lo saben, desde Zapopan han sido una prioridad. En esta ocasi\u00f3n la Agencia Estatal de Entretenimiento ha dise\u00f1ado, junto al Gobierno de Guadalajara, una experiencia que queremos darles a las ni\u00f1as y ni\u00f1os que visiten el Centro Hist\u00f3rico de Guadalajara\u201d, afirm\u00f3 Lorena Mart\u00ednez Ram\u00edrez, Directora de la Agencia Estatal de Entretenimiento de Jalisco.&nbsp;<\/p>\n\n\n\n<p>El Gobierno de Jalisco instalar\u00e1 un escenario con programaci\u00f3n de compa\u00f1\u00edas de teatro que buscan concientizar a las infancias sobre el cuidado medioambiental y presentaciones a cargo de Cultura Guadalajara, adem\u00e1s se contar\u00e1 con amenidades como zonas de hidrataci\u00f3n y regalos para las y los peque\u00f1os que asistan al evento.&nbsp;<\/p>\n\n\n\n<p>Ver\u00f3nica Delgadillo Garc\u00eda, Presidenta Municipal de Guadalajara inform\u00f3 que se busca que 10 mil ni\u00f1as y ni\u00f1os de Guadalajara y su Zona Metropolitana disfruten de este programa.&nbsp;<\/p>\n\n\n\n<p>\u201cVamos a invitar a jugar a ni\u00f1as y ni\u00f1os porque en el juego se fortalecen los v\u00ednculos, en el juego se fortalece la empat\u00eda, en el juego tambi\u00e9n se desarrollan las relaciones humanas. (\u2026) Estamos muy emocionados porque va a ser un festival de ni\u00f1o y de la ni\u00f1a muy especial y que nos invita a todos a jugar, a so\u00f1ar\u201d, detall\u00f3.&nbsp;<\/p>\n\n\n\n<p>El festival iniciar\u00e1 el s\u00e1bado 4 de mayo a las 9:30 horas y el domingo a partir de las 11:00 horas, y finalizar\u00e1n las actividades, ambos d\u00edas, a las 19:00 horas.&nbsp;<\/p>\n\n\n\n<p>Las actividades son completamente gratuitas para todas y todos.&nbsp;<\/p>\n\n\n\n<p>El Paseo Fray Antonio Alcalde se convertir\u00e1 en un gran patio de juegos con atracciones como brincolines, juegos infantiles inspirados en los juguetes tradicionales, alberca de pelotas, <em>photo opportunities<\/em>, as\u00ed como varias sorpresas para las y los peque\u00f1os.&nbsp;<\/p>\n\n\n\n<p>Se recomienda a la poblaci\u00f3n llevar ropa c\u00f3moda, usar protector solar y gorra, as\u00ed como termos de agua para no generar basura en el centro de la ciudad.&nbsp;<\/p>\n\n\n\n<p>En la presentaci\u00f3n de estas actividades estuvieron Bernardo Fern\u00e1ndez, Jefe de Gabinete del Gobierno de Guadalajara; Manuel Romo, Secretario General de Gobierno; Mario Silva, Jefe de la Oficina Ejecutiva de Presidencia; Crystal Zavala, Coordinadora de Construcci\u00f3n de Comunidad, as\u00ed como regidores del Municipio.&nbsp;<\/p>\n\n\n\n<p>Para m\u00e1s informaci\u00f3n sobre este evento, pueden seguir las redes sociales oficiales de la Agencia Estatal de Entretenimiento de Jalisco, el Gobierno de Jalisco y el Gobierno de Guadalajara en Facebook e Instagram.&nbsp;<\/p>\n","protected":false},"excerpt":{"rendered":"<p>\u00a0Anuncian festejos por el D\u00eda de la Ni\u00f1a y el Ni\u00f1o en el Centro Hist\u00f3rico de Guadalajara\u00a0 &nbsp;La Agencia Estatal&hellip;<\/p>\n","protected":false},"author":2,"featured_media":21545,"comment_status":"open","ping_status":"closed","sticky":false,"template":"","format":"standard","meta":{"footnotes":""},"categories":[417,9,415,3],"tags":[],"_links":{"self":[{"href":"https:\/\/gdlfashion.com\/index.php?rest_route=\/wp\/v2\/posts\/21542"}],"collection":[{"href":"https:\/\/gdlfashion.com\/index.php?rest_route=\/wp\/v2\/posts"}],"about":[{"href":"https:\/\/gdlfashion.com\/index.php?rest_route=\/wp\/v2\/types\/post"}],"author":[{"embeddable":true,"href":"https:\/\/gdlfashion.com\/index.php?rest_route=\/wp\/v2\/users\/2"}],"replies":[{"embeddable":true,"href":"https:\/\/gdlfashion.com\/index.php?rest_route=%2Fwp%2Fv2%2Fcomments&post=21542"}],"version-history":[{"count":1,"href":"https:\/\/gdlfashion.com\/index.php?rest_route=\/wp\/v2\/posts\/21542\/revisions"}],"predecessor-version":[{"id":21544,"href":"https:\/\/gdlfashion.com\/index.php?rest_route=\/wp\/v2\/posts\/21542\/revisions\/21544"}],"wp:featuredmedia":[{"embeddable":true,"href":"https:\/\/gdlfashion.com\/index.php?rest_route=\/wp\/v2\/media\/21545"}],"wp:attachment":[{"href":"https:\/\/gdlfashion.com\/index.php?rest_route=%2Fwp%2Fv2%2Fmedia&parent=21542"}],"wp:term":[{"taxonomy":"category","embeddable":true,"href":"https:\/\/gdlfashion.com\/index.php?rest_route=%2Fwp%2Fv2%2Fcategories&post=21542"},{"taxonomy":"post_tag","embeddable":true,"href":"https:\/\/gdlfashion.com\/index.php?rest_route=%2Fwp%2Fv2%2Ftags&post=21542"}],"curies":[{"name":"wp","href":"https:\/\/api.w.org\/{rel}","templated":true}]}}