{"id":21352,"date":"2025-02-04T14:40:00","date_gmt":"2025-02-04T14:40:00","guid":{"rendered":"https:\/\/gdlfashion.com\/?p=21352"},"modified":"2025-03-04T14:46:35","modified_gmt":"2025-03-04T14:46:35","slug":"inauguran-the-mystery-man","status":"publish","type":"post","link":"https:\/\/gdlfashion.com\/?p=21352","title":{"rendered":"Inauguran The Mystery Man"},"content":{"rendered":"\n<h3 class=\"wp-block-heading\">Impresionante exposici\u00f3n en la UAG<\/h3>\n\n\n\n<p>Se presenta por primera vez fuera de Europa; estar\u00e1 del 31 de enero al 30 de marzo en la instituci\u00f3n.<\/p>\n\n\n\n<p>La Universidad Aut\u00f3noma de Guadalajara (UAG) inaugur\u00f3 la exposici\u00f3n The Mystery Man, una experiencia \u00fanica, hist\u00f3rica y extraordinaria, la cual se presenta por primera vez fuera de Europa.<\/p>\n\n\n\n<p>En la exhibici\u00f3n se muestra la famosa r\u00e9plica hiperrealista del hombre que cubri\u00f3 la S\u00e1bana Santa, que ha causado revuelo internacional desde su presentaci\u00f3n en 2022.<\/p>\n\n\n<div class=\"wp-block-image\">\n<figure class=\"alignright size-large is-resized\"><a href=\"https:\/\/gdlfashion.com\/wp-content\/uploads\/2025\/03\/WhatsApp-Image-2025-01-31-at-17.29.21.jpeg\"><img loading=\"lazy\" decoding=\"async\" width=\"1024\" height=\"807\" src=\"https:\/\/gdlfashion.com\/wp-content\/uploads\/2025\/03\/WhatsApp-Image-2025-01-31-at-17.29.21-1024x807.jpeg\" alt=\"\" class=\"wp-image-21354\" style=\"width:515px;height:auto\" srcset=\"https:\/\/gdlfashion.com\/wp-content\/uploads\/2025\/03\/WhatsApp-Image-2025-01-31-at-17.29.21-1024x807.jpeg 1024w, https:\/\/gdlfashion.com\/wp-content\/uploads\/2025\/03\/WhatsApp-Image-2025-01-31-at-17.29.21-300x236.jpeg 300w, https:\/\/gdlfashion.com\/wp-content\/uploads\/2025\/03\/WhatsApp-Image-2025-01-31-at-17.29.21-768x605.jpeg 768w, https:\/\/gdlfashion.com\/wp-content\/uploads\/2025\/03\/WhatsApp-Image-2025-01-31-at-17.29.21.jpeg 1280w\" sizes=\"(max-width: 1024px) 100vw, 1024px\" \/><\/a><\/figure><\/div>\n\n\n<p>En su mensaje, ante miembros de la comunidad universitaria y de invitados especiales, el Rector de la UAG, Lic. Antonio Lea\u00f1o Reyes, destac\u00f3 que esta ser\u00e1 una muestra que promete una experiencia inmersiva de alto impacto.<\/p>\n\n\n\n<p>\u201cNuestra Instituci\u00f3n se llena de gran alegr\u00eda con la inauguraci\u00f3n de esta exposici\u00f3n \u00fanica, llamada The Mystery Man, que nos llevar\u00e1 de la mano a trav\u00e9s de un an\u00e1lisis hist\u00f3rico, arqueol\u00f3gico, cient\u00edfico y art\u00edstico de la S\u00e1bana Santa, accesible a toda audiencia y nos ayudar\u00e1 a comprender mejor la gran relevancia de esta sagrada reliquia\u201d, apunt\u00f3.<\/p>\n\n\n\n<p>Agreg\u00f3 que \u201ccon avanzada tecnolog\u00eda, todo ha sido registrado a detalle: la estatura, el peso, la expresi\u00f3n corporal, las texturas del cuerpo y las heridas sufridas por el cuerpo que se muestra en la exposici\u00f3n\u00bb.<\/p>\n\n\n\n<p>Para finalizar, el Rector anunci\u00f3 que la UAG ha reservado d\u00edas especiales para que alumnos, colaboradores y jubilados puedan visitar la exposici\u00f3n con beca del 100%.<\/p>\n\n\n\n<p>Con esta muestra, la UAG, en&nbsp; el marco de su 90 aniversario, reafirma su compromiso con la difusi\u00f3n de la ciencia, el arte, la verdad y la fe, ofreciendo a la comunidad una oportunidad \u00fanica de acercarse a Dios.<\/p>\n\n\n\n<p><strong>Misterio y verdad<\/strong><\/p>\n\n\n<div class=\"wp-block-image\">\n<figure class=\"alignleft size-large is-resized\"><a href=\"https:\/\/gdlfashion.com\/wp-content\/uploads\/2025\/03\/WhatsApp-Image-2025-01-31-at-17.29.26.jpeg\"><img loading=\"lazy\" decoding=\"async\" width=\"1024\" height=\"682\" src=\"https:\/\/gdlfashion.com\/wp-content\/uploads\/2025\/03\/WhatsApp-Image-2025-01-31-at-17.29.26-1024x682.jpeg\" alt=\"\" class=\"wp-image-21355\" style=\"width:458px;height:auto\" srcset=\"https:\/\/gdlfashion.com\/wp-content\/uploads\/2025\/03\/WhatsApp-Image-2025-01-31-at-17.29.26-1024x682.jpeg 1024w, https:\/\/gdlfashion.com\/wp-content\/uploads\/2025\/03\/WhatsApp-Image-2025-01-31-at-17.29.26-300x200.jpeg 300w, https:\/\/gdlfashion.com\/wp-content\/uploads\/2025\/03\/WhatsApp-Image-2025-01-31-at-17.29.26-768x512.jpeg 768w, https:\/\/gdlfashion.com\/wp-content\/uploads\/2025\/03\/WhatsApp-Image-2025-01-31-at-17.29.26.jpeg 1280w\" sizes=\"(max-width: 1024px) 100vw, 1024px\" \/><\/a><\/figure><\/div>\n\n\n<p>En el evento estuvo presente como invitado de honor el se\u00f1or Cardenal Jos\u00e9 Francisco Robles Ortega, Arzobispo de Guadalajara, quien en su discurso enfatiz\u00f3 el profundo significado de la palabra \u00abmisterio\u00bb en la Sagrada Escritura y su relaci\u00f3n con la exposici\u00f3n.<\/p>\n\n\n\n<p>\u201cEl misterio en la Sagrada Escritura no quiere decir algo insondable o incomprensible, sino el proyecto salvador de Dios en favor de nuestra humanidad. Uno de los elementos para constatar este misterio de amor es la S\u00e1bana Santa, sometida a los recursos de la ciencia y la tecnolog\u00eda para su an\u00e1lisis y demostrar su veracidad\u201d, explic\u00f3<\/p>\n\n\n\n<p>Augur\u00f3 que esta muestra ser\u00e1 de provecho, no solo para quienes la visiten, sino para todos aquellos que escuchen o vean im\u00e1genes, por su significado para la fe cat\u00f3lica y la ciencia; por \u00faltimo, dese\u00f3 \u00e9xito a todos los presentes.<\/p>\n\n\n\n<p><strong>De Europa a M\u00e9xico<\/strong><\/p>\n\n\n\n<p>Por su parte el curador y creador de la exposici\u00f3n, Sr. \u00c1lvaro Blanco, tambi\u00e9n comparti\u00f3 su experiencia de traer este proyecto a M\u00e9xico y c\u00f3mo la S\u00e1bana Santa ha marcado su camino en los \u00faltimos a\u00f1os.<\/p>\n\n\n\n<p>\u201cHace 10 a\u00f1os, cuando llegu\u00e9 a M\u00e9xico con la exposici\u00f3n de la S\u00e1bana Santa, pens\u00e9 que ser\u00eda una \u00fanica presentaci\u00f3n, pero termin\u00f3 convirti\u00e9ndose en un recorrido que me llev\u00f3 una d\u00e9cada. Con el tiempo, entend\u00ed por qu\u00e9 la S\u00e1bana Santa est\u00e1 tan vinculada a la devoci\u00f3n de las personas en M\u00e9xico: aqu\u00ed tambi\u00e9n se habla de un manto sagrado que alberga la imagen de la Virgen de Guadalupe\u201d, manifest\u00f3.<\/p>\n\n\n\n<p>\u201cLa imagen en la S\u00e1bana Santa y la imagen de la Virgen de Guadalupe son las \u00fanicas en el mundo que tienen la caracter\u00edstica de no haber sido hechas por la mano del hombre; qu\u00e9 curioso, la Madre y el Hijo. Mi fascinaci\u00f3n con la S\u00e1bana Santa me llev\u00f3 a preguntarme: \u2018\u00bfQui\u00e9n ha hecho esto?\u2019 Y as\u00ed naci\u00f3 The Mystery Man, un proyecto que busca explorar ese enigma a trav\u00e9s del arte y la ciencia\u201d.<\/p>\n\n\n<div class=\"wp-block-image\">\n<figure class=\"alignright size-large is-resized\"><a href=\"https:\/\/gdlfashion.com\/wp-content\/uploads\/2025\/03\/WhatsApp-Image-2025-01-31-at-17.29.32.jpeg\"><img loading=\"lazy\" decoding=\"async\" width=\"1024\" height=\"682\" src=\"https:\/\/gdlfashion.com\/wp-content\/uploads\/2025\/03\/WhatsApp-Image-2025-01-31-at-17.29.32-1024x682.jpeg\" alt=\"\" class=\"wp-image-21356\" style=\"width:507px;height:auto\" srcset=\"https:\/\/gdlfashion.com\/wp-content\/uploads\/2025\/03\/WhatsApp-Image-2025-01-31-at-17.29.32-1024x682.jpeg 1024w, https:\/\/gdlfashion.com\/wp-content\/uploads\/2025\/03\/WhatsApp-Image-2025-01-31-at-17.29.32-300x200.jpeg 300w, https:\/\/gdlfashion.com\/wp-content\/uploads\/2025\/03\/WhatsApp-Image-2025-01-31-at-17.29.32-768x512.jpeg 768w, https:\/\/gdlfashion.com\/wp-content\/uploads\/2025\/03\/WhatsApp-Image-2025-01-31-at-17.29.32.jpeg 1280w\" sizes=\"(max-width: 1024px) 100vw, 1024px\" \/><\/a><\/figure><\/div>\n\n\n<p>Concluy\u00f3 que esta exhibici\u00f3n representa un encuentro entre fe, ciencia e historia, ofreciendo a los visitantes una experiencia \u00fanica e inmersiva.<\/p>\n\n\n\n<p>La muestra The Mystery Man estar\u00e1 abierta al p\u00fablico del 31 de enero al 30 de marzo, ofreciendo un acercamiento inolvidable y una ventana cient\u00edfica al misterio de la tambi\u00e9n llamada S\u00edndone de Tur\u00edn.<\/p>\n\n\n\n<p><strong>Sobre la exposici\u00f3n<\/strong><strong><\/strong><\/p>\n\n\n\n<p>Despu\u00e9s de su peregrinar por Espa\u00f1a e Italia, The Mystery Man llega por primera vez al Continente Americano. Cabe destacar que esta exhibici\u00f3n se presenta en la UAG en el marco del 90 aniversario de su fundaci\u00f3n, en 1935, y como parte de la promoci\u00f3n de valores trascendentales que siempre ha impulsado la instituci\u00f3n educativa.<\/p>\n\n\n\n<p>A diferencia de la exitosa&nbsp;<a href=\"https:\/\/www.uag.mx\/es\/mediahub\/concluye-con-exito-exhibicion-sobre-la-sabana-santa-en-la-uag\/2024-03\" target=\"_blank\" rel=\"noreferrer noopener\">exposici\u00f3n sobre la S\u00e1bana Santa<\/a>, presentada en la UAG a principios de 2024,&nbsp;<a href=\"https:\/\/www.youtube.com\/watch?v=9mlmVo-UOCM\" target=\"_blank\" rel=\"noreferrer noopener\">The Mystery Man<\/a>&nbsp;va m\u00e1s all\u00e1 al combinar ciencia forense, arte, historia y arqueolog\u00eda, derivada de 15 a\u00f1os de investigaci\u00f3n.<\/p>\n\n\n\n<p>Cuenta con diversas salas, distribuidas en 600 metros cuadrados, donde los asistentes podr\u00e1n explorar, a trav\u00e9s de un audio gu\u00eda, la personalidad hist\u00f3rica de N.S. Jesucristo mediante c\u00f3dices, monedas y objetos, en su mayor\u00eda originales de la \u00e9poca, recopilados a lo largo de extensos estudios.<\/p>\n\n\n\n<p>El recorrido culmina con la impactante r\u00e9plica hiperrealista del cuerpo del hombre envuelto en la S\u00e1bana Santa, despojada de cualquier interpretaci\u00f3n art\u00edstica, permitiendo un acercamiento sin precedentes. Esta representaci\u00f3n incluye detalles de las heridas documentadas en la tela, mostrando con precisi\u00f3n cient\u00edfica la tortura sufrida por Jes\u00fas.<\/p>\n\n\n<div class=\"wp-block-image\">\n<figure class=\"alignleft size-large is-resized\"><a href=\"https:\/\/gdlfashion.com\/wp-content\/uploads\/2025\/03\/WhatsApp-Image-2025-01-31-at-17.29.36.jpeg\"><img loading=\"lazy\" decoding=\"async\" width=\"1024\" height=\"682\" src=\"https:\/\/gdlfashion.com\/wp-content\/uploads\/2025\/03\/WhatsApp-Image-2025-01-31-at-17.29.36-1024x682.jpeg\" alt=\"\" class=\"wp-image-21357\" style=\"width:521px;height:auto\" srcset=\"https:\/\/gdlfashion.com\/wp-content\/uploads\/2025\/03\/WhatsApp-Image-2025-01-31-at-17.29.36-1024x682.jpeg 1024w, https:\/\/gdlfashion.com\/wp-content\/uploads\/2025\/03\/WhatsApp-Image-2025-01-31-at-17.29.36-300x200.jpeg 300w, https:\/\/gdlfashion.com\/wp-content\/uploads\/2025\/03\/WhatsApp-Image-2025-01-31-at-17.29.36-768x512.jpeg 768w, https:\/\/gdlfashion.com\/wp-content\/uploads\/2025\/03\/WhatsApp-Image-2025-01-31-at-17.29.36.jpeg 1280w\" sizes=\"(max-width: 1024px) 100vw, 1024px\" \/><\/a><\/figure><\/div>\n\n\n<p><strong>Salas interactivas<\/strong><\/p>\n\n\n\n<p>La exposici\u00f3n comprende diversas salas interactivas que incluyen:<\/p>\n\n\n\n<ul>\n<li>Estudios forenses y arqueol\u00f3gicos.<\/li>\n\n\n\n<li>Recreaciones de objetos hist\u00f3ricos como la Cruz, lanzas romanas, monedas y otros objetos de la \u00e9poca.<\/li>\n\n\n\n<li>Sala inmersiva que recorre la historia y la iconograf\u00eda de Jes\u00fas desde el siglo I hasta la actualidad.<\/li>\n\n\n\n<li>Una r\u00e9plica hiperrealista del cuerpo de Jes\u00fas basada en la S\u00e1bana Santa,<\/li>\n<\/ul>\n\n\n\n<p><strong>No te pierdas esta exposici\u00f3n<\/strong><\/p>\n\n\n\n<p>Los boletos se podr\u00e1n adquirir de manera presencial en Ciudad Universitaria de la UAG o en l\u00ednea, en el sitio web de Boletom\u00f3vil que est\u00e1 abierto a todo p\u00fablico.<\/p>\n\n\n\n<p>Para m\u00e1s informaci\u00f3n, ingrese a la p\u00e1gina www.uag.mx\/es\/themysteryman\/Id, donde se compartir\u00e1 informaci\u00f3n sobre esta oportunidad \u00fanica.<\/p>\n","protected":false},"excerpt":{"rendered":"<p>Impresionante exposici\u00f3n en la UAG Se presenta por primera vez fuera de Europa; estar\u00e1 del 31 de enero al 30&hellip;<\/p>\n","protected":false},"author":2,"featured_media":21353,"comment_status":"open","ping_status":"closed","sticky":false,"template":"","format":"standard","meta":{"footnotes":""},"categories":[418,417,9,3],"tags":[],"_links":{"self":[{"href":"https:\/\/gdlfashion.com\/index.php?rest_route=\/wp\/v2\/posts\/21352"}],"collection":[{"href":"https:\/\/gdlfashion.com\/index.php?rest_route=\/wp\/v2\/posts"}],"about":[{"href":"https:\/\/gdlfashion.com\/index.php?rest_route=\/wp\/v2\/types\/post"}],"author":[{"embeddable":true,"href":"https:\/\/gdlfashion.com\/index.php?rest_route=\/wp\/v2\/users\/2"}],"replies":[{"embeddable":true,"href":"https:\/\/gdlfashion.com\/index.php?rest_route=%2Fwp%2Fv2%2Fcomments&post=21352"}],"version-history":[{"count":1,"href":"https:\/\/gdlfashion.com\/index.php?rest_route=\/wp\/v2\/posts\/21352\/revisions"}],"predecessor-version":[{"id":21358,"href":"https:\/\/gdlfashion.com\/index.php?rest_route=\/wp\/v2\/posts\/21352\/revisions\/21358"}],"wp:featuredmedia":[{"embeddable":true,"href":"https:\/\/gdlfashion.com\/index.php?rest_route=\/wp\/v2\/media\/21353"}],"wp:attachment":[{"href":"https:\/\/gdlfashion.com\/index.php?rest_route=%2Fwp%2Fv2%2Fmedia&parent=21352"}],"wp:term":[{"taxonomy":"category","embeddable":true,"href":"https:\/\/gdlfashion.com\/index.php?rest_route=%2Fwp%2Fv2%2Fcategories&post=21352"},{"taxonomy":"post_tag","embeddable":true,"href":"https:\/\/gdlfashion.com\/index.php?rest_route=%2Fwp%2Fv2%2Ftags&post=21352"}],"curies":[{"name":"wp","href":"https:\/\/api.w.org\/{rel}","templated":true}]}}