{"id":21046,"date":"2025-01-29T13:08:00","date_gmt":"2025-01-29T13:08:00","guid":{"rendered":"https:\/\/gdlfashion.com\/?p=21046"},"modified":"2025-01-28T20:12:53","modified_gmt":"2025-01-28T20:12:53","slug":"los-perez-osos-una-aventura-familiar-llegara-proximamente-a-la-pantalla-grande","status":"publish","type":"post","link":"https:\/\/gdlfashion.com\/?p=21046","title":{"rendered":"LOS P\u00c9REZ-OSOS: UNA AVENTURA FAMILIAR LLEGAR\u00c1 PR\u00d3XIMAMENTE A LA PANTALLA GRANDE"},"content":{"rendered":"\n<p><em>Con doblaje de voz en espa\u00f1ol de Lola Cort\u00e9s, Faisy y Mariazel quienes dar\u00e1n vida a los entra\u00f1ables personajes de esta historia familiar, de tradici\u00f3n y aventura disponible en cines a partir del 27 de febrero <\/em><\/p>\n\n\n\n<p><em>Los P\u00e9rez-Osos<\/em> narra las aventuras de una familia que, tras perder su hogar por una tormenta, se muda a la gran ciudad, enfrent\u00e1ndose al desaf\u00edo de adaptarse a un ritmo de vida completamente diferente mientras luchan por preservar sus tradiciones culinarias.<\/p>\n\n\n\n<p>Distribuida por <strong>Imagem Films Mx<\/strong>, la cinta se estren\u00f3 mundialmente en el Festival Internacional de Animaci\u00f3n de Annecy, donde destac\u00f3 como un importante referente del arte animado, y llegar\u00e1 a los cines de nuestro pa\u00eds el pr\u00f3ximo 27 de febrero.<\/p>\n\n\n\n<p>El elenco de doblaje en M\u00e9xico incluye a grandes talentos como:<\/p>\n\n\n\n<figure class=\"wp-block-image size-full is-resized\"><a href=\"https:\/\/gdlfashion.com\/wp-content\/uploads\/2025\/01\/Captura-de-Pantalla-2025-01-28-a-las-14.07.44.png\"><img loading=\"lazy\" decoding=\"async\" width=\"114\" height=\"170\" src=\"https:\/\/gdlfashion.com\/wp-content\/uploads\/2025\/01\/Captura-de-Pantalla-2025-01-28-a-las-14.07.44.png\" alt=\"\" class=\"wp-image-21047\" style=\"width:160px;height:auto\"\/><\/a><\/figure>\n\n\n\n<p><strong><br><br>Lola Cort\u00e9s<\/strong>, c\u00e9lebre actriz reconocida por su extenso trabajo en el teatro musical, presta su voz al personaje de Dotti Pace, una ambiciosa guepardo que posee un restaurante de comida r\u00e1pida. Su potente voz y su imponente presencia har\u00e1n de Dotti un personaje memorable.<\/p>\n\n\n\n<p>Faisy, reconocido presentador de televisi\u00f3n y comediante, a\u00f1ade un toque de humor e ingenio al reparto, aportando una energ\u00eda \u00fanica a&nbsp; su papel, dando voz a Mani, el imaginativo y pac\u00edfico hermano de Laura.<\/p>\n\n\n\n<figure class=\"wp-block-image size-full is-resized\"><a href=\"https:\/\/gdlfashion.com\/wp-content\/uploads\/2025\/01\/Captura-de-Pantalla-2025-01-28-a-las-14.07.55.png\"><img loading=\"lazy\" decoding=\"async\" width=\"111\" height=\"160\" src=\"https:\/\/gdlfashion.com\/wp-content\/uploads\/2025\/01\/Captura-de-Pantalla-2025-01-28-a-las-14.07.55.png\" alt=\"\" class=\"wp-image-21048\" style=\"width:160px;height:auto\"\/><\/a><\/figure>\n\n\n\n<p>La talentosa Mariazel, actriz y presentadora de televisi\u00f3n reconocida por su trabajo en el popular programa <em>Me Caigo de Risa<\/em>, interpreta a Gabriella, la matriarca de la familia que se esfuerza por mantener las tradiciones. Su voz c\u00e1lida y expresiva captar\u00e1 el coraz\u00f3n y el alma de este entra\u00f1able personaje.<\/p>\n\n\n\n<p>Impulsados por la energ\u00eda de Laura, inician una nueva etapa en un entorno completamente distinto, en b\u00fasqueda de grandes aventuras con \u201cgordito\u201d, su reciente negocio familiar, mientras&nbsp; recuerdan la importancia de mantener sus ra\u00edces, as\u00ed como conservar los valores puede ser clave para superar las adversidades.<\/p>\n\n\n\n<p>El libro de recetas es la base de la historia, cada una de \u00e9stas, perfeccionada a lo largo de los a\u00f1os, no solo representa su forma de cocinar, sino tambi\u00e9n el legado que se transmite de generaci\u00f3n en generaci\u00f3n, mostrando el trabajo en equipo y el respeto por lo que se ha heredado.<\/p>\n\n\n\n<figure class=\"wp-block-image size-full\"><a href=\"https:\/\/gdlfashion.com\/wp-content\/uploads\/2025\/01\/Captura-de-Pantalla-2025-01-28-a-las-14.07.24.png\"><img decoding=\"async\" src=\"https:\/\/gdlfashion.com\/wp-content\/uploads\/2025\/01\/Captura-de-Pantalla-2025-01-28-a-las-14.07.24.png\" alt=\"\" class=\"wp-image-21049\"\/><\/a><\/figure>\n\n\n\n<p>Dirigida por Tania Vicent (<em>Scarygirl<\/em>) y Ricard Cuss\u00f3 (<em>Combat Wombat<\/em>), amboslogran crear una historia que fusiona la esencia y las tradiciones de la familia mexicana, mostr\u00e1ndola en un entorno diferente. La pel\u00edcula es producida por el estudio multipremiado Like A Photon Creative, reconocido por su innovaci\u00f3n en animaci\u00f3n. <em><\/em><\/p>\n\n\n\n<p><em>Los P\u00e9rez-Osos <\/em>llegar\u00e1 a cines este 27 de febrero, para ayudarnos a recordar la importancia de nuestras tradiciones y la importancia de la familia. <strong><\/strong><\/p>\n\n\n\n<p><strong><u>Sinopsis:<\/u><\/strong><strong><u><\/u><\/strong><\/p>\n\n\n\n<p>Laura, una intr\u00e9pida perezosa de 12 a\u00f1os y su maravillosa, pero extra\u00f1a familia quedan devastados cuando una tormenta destruye su restaurante, por lo que se ven obligados a subirse a su viejo y destartalado cami\u00f3n de comida, sin nada m\u00e1s que su preciado libro de recetas y dirigirse a Sanctuary City.<\/p>\n\n\n\n<p><strong><u>Ficha T\u00e9cnica:<\/u><\/strong><\/p>\n\n\n\n<p><strong>Dirigida por: <\/strong>Tania Vicent y Ricard Cass\u00f3<br><strong>Guion:<\/strong> Ryan Greaves, Erica Harrison y Tania Vincent<br><strong>Producci\u00f3n:<\/strong> Kristen Souvlis, Nadine Bates y Ryan Greaves<br><strong>Banda sonora: <\/strong>Sam Gain-Emery, Ben Stewart y Thom Kellar\u00a0\u00a0\u00a0\u00a0\u00a0\u00a0\u00a0\u00a0\u00a0\u00a0\u00a0\u00a0\u00a0\u00a0\u00a0\u00a0\u00a0\u00a0\u00a0\u00a0\u00a0\u00a0\u00a0\u00a0\u00a0\u00a0\u00a0\u00a0\u00a0\u00a0\u00a0\u00a0\u00a0\u00a0\u00a0<br><strong>Direcci\u00f3n de arte: <\/strong>Nathan Geppert<br><strong>G\u00e9nero: <\/strong>Animaci\u00f3n, aventura, familia<br><strong>Pa\u00eds: <\/strong>Australia<br><strong>A\u00f1o:<\/strong> 2024\u00a0\u00a0\u00a0\u00a0\u00a0\u00a0\u00a0\u00a0\u00a0\u00a0\u00a0\u00a0\u00a0\u00a0\u00a0\u00a0\u00a0\u00a0\u00a0\u00a0\u00a0\u00a0\u00a0\u00a0\u00a0\u00a0\u00a0\u00a0\u00a0\u00a0\u00a0\u00a0\u00a0\u00a0\u00a0\u00a0\u00a0\u00a0\u00a0\u00a0\u00a0\u00a0\u00a0\u00a0\u00a0\u00a0\u00a0\u00a0\u00a0\u00a0\u00a0\u00a0\u00a0\u00a0\u00a0\u00a0\u00a0\u00a0\u00a0\u00a0\u00a0\u00a0\u00a0\u00a0\u00a0\u00a0\u00a0\u00a0\u00a0\u00a0\u00a0\u00a0\u00a0\u00a0\u00a0\u00a0\u00a0\u00a0\u00a0\u00a0\u00a0\u00a0\u00a0\u00a0\u00a0\u00a0\u00a0\u00a0\u00a0\u00a0\u00a0\u00a0\u00a0\u00a0\u00a0\u00a0\u00a0\u00a0\u00a0\u00a0\u00a0\u00a0\u00a0\u00a0\u00a0\u00a0\u00a0\u00a0\u00a0\u00a0\u00a0\u00a0\u00a0\u00a0\u00a0\u00a0\u00a0\u00a0\u00a0\u00a0\u00a0\u00a0\u00a0\u00a0 <\/p>\n\n\n\n<p><strong>Duraci\u00f3n: <\/strong>84 minutos<br><strong>Distribuci\u00f3n:<\/strong> Imagem Films Mx<\/p>\n","protected":false},"excerpt":{"rendered":"<p>Con doblaje de voz en espa\u00f1ol de Lola Cort\u00e9s, Faisy y Mariazel quienes dar\u00e1n vida a los entra\u00f1ables personajes de&hellip;<\/p>\n","protected":false},"author":2,"featured_media":21049,"comment_status":"open","ping_status":"closed","sticky":false,"template":"","format":"standard","meta":{"footnotes":""},"categories":[9,3,8],"tags":[],"_links":{"self":[{"href":"https:\/\/gdlfashion.com\/index.php?rest_route=\/wp\/v2\/posts\/21046"}],"collection":[{"href":"https:\/\/gdlfashion.com\/index.php?rest_route=\/wp\/v2\/posts"}],"about":[{"href":"https:\/\/gdlfashion.com\/index.php?rest_route=\/wp\/v2\/types\/post"}],"author":[{"embeddable":true,"href":"https:\/\/gdlfashion.com\/index.php?rest_route=\/wp\/v2\/users\/2"}],"replies":[{"embeddable":true,"href":"https:\/\/gdlfashion.com\/index.php?rest_route=%2Fwp%2Fv2%2Fcomments&post=21046"}],"version-history":[{"count":1,"href":"https:\/\/gdlfashion.com\/index.php?rest_route=\/wp\/v2\/posts\/21046\/revisions"}],"predecessor-version":[{"id":21050,"href":"https:\/\/gdlfashion.com\/index.php?rest_route=\/wp\/v2\/posts\/21046\/revisions\/21050"}],"wp:featuredmedia":[{"embeddable":true,"href":"https:\/\/gdlfashion.com\/index.php?rest_route=\/wp\/v2\/media\/21049"}],"wp:attachment":[{"href":"https:\/\/gdlfashion.com\/index.php?rest_route=%2Fwp%2Fv2%2Fmedia&parent=21046"}],"wp:term":[{"taxonomy":"category","embeddable":true,"href":"https:\/\/gdlfashion.com\/index.php?rest_route=%2Fwp%2Fv2%2Fcategories&post=21046"},{"taxonomy":"post_tag","embeddable":true,"href":"https:\/\/gdlfashion.com\/index.php?rest_route=%2Fwp%2Fv2%2Ftags&post=21046"}],"curies":[{"name":"wp","href":"https:\/\/api.w.org\/{rel}","templated":true}]}}