{"id":20528,"date":"2024-10-27T18:17:00","date_gmt":"2024-10-27T18:17:00","guid":{"rendered":"https:\/\/gdlfashion.com\/?p=20528"},"modified":"2024-11-05T18:25:21","modified_gmt":"2024-11-05T18:25:21","slug":"bimba-y-lola","status":"publish","type":"post","link":"https:\/\/gdlfashion.com\/?p=20528","title":{"rendered":"Bimba y Lola"},"content":{"rendered":"\n<figure class=\"wp-block-table aligncenter\"><table><tbody><tr><td><\/td><\/tr><tr><td><strong>EL D\u00cdA DE LOS MUERTOS por BIMBA Y LOLA\u00a0<br>FLORES ETERNAS\u00a0BIMBA Y LOLA\u00a0<\/strong>presenta su nueva colecci\u00f3n de bisuter\u00eda y accesorios inspirada en el D\u00eda de Muertos, la festividad mexicana que celebra la vida a trav\u00e9s del color y la tradici\u00f3n.\u00a0<img decoding=\"async\" width=\"564\" src=\"https:\/\/mcusercontent.com\/451086de4ab0329f2a6fb1ca8\/_compresseds\/b92b75a7-a3d4-d532-7575-4d54b9a30082.jpg\" alt=\"\"><br>Frida Kahlo dec\u00eda: \u00abPinto flores para que as\u00ed no mueran\u00bb. Las caracter\u00edsticas flores como el cempas\u00fachil, el terciopelo y la celos\u00eda protagonizan los accesorios de la\u00a0colecci\u00f3n. En tonos naranjas, amarillos y rosados, estas flores ornamentales, con sus suaves texturas, evocan consuelo, serenidad y elegancia. Cada complemento traza un camino simb\u00f3lico hacia los altares, donde la eternidad, la vida y la luz se entrelazan.<br>\u00a0<img decoding=\"async\" width=\"264\" src=\"https:\/\/mcusercontent.com\/451086de4ab0329f2a6fb1ca8\/images\/f1e640a3-1d94-df32-b54c-29b7e0783cd3.png\" alt=\"\"><img decoding=\"async\" width=\"264\" src=\"https:\/\/mcusercontent.com\/451086de4ab0329f2a6fb1ca8\/_compresseds\/97c7696a-d2f2-f40a-70b8-fc2e7f815b3d.jpg\" alt=\"\"><br>Cada pieza de esta colecci\u00f3n de\u00a0<strong>BIMBA Y LOLA<\/strong>\u00a0es un tributo moderno a las tradiciones. Collares, pendientes y anillos que combinan historia y estilo de manera \u00fanica, ofreciendo un pedazo del D\u00eda de Muertos para quienes desean ser parte de la magia de esta antigua tradici\u00f3n.\u00a0<img decoding=\"async\" width=\"271.04\" src=\"https:\/\/mcusercontent.com\/451086de4ab0329f2a6fb1ca8\/images\/dade40b3-e614-b4c0-c1d5-ba62b643e7c3.png\" alt=\"\"><br><strong>Las piezas pertenecientes a la colecci\u00f3n ya est\u00e1n disponibles en tienda y en la p\u00e1gina web de\u00a0<a href=\"https:\/\/www.bimbaylola.mx\/mx_es\/dia-de-muertos\" target=\"_blank\" rel=\"noreferrer noopener\">BIMBA Y LOLA<\/a>.<\/strong><\/td><\/tr><\/tbody><\/table><\/figure>\n","protected":false},"excerpt":{"rendered":"<p>EL D\u00cdA DE LOS MUERTOS por BIMBA Y LOLA\u00a0FLORES ETERNAS\u00a0BIMBA Y LOLA\u00a0presenta su nueva colecci\u00f3n de bisuter\u00eda y accesorios inspirada&hellip;<\/p>\n","protected":false},"author":2,"featured_media":20529,"comment_status":"open","ping_status":"closed","sticky":false,"template":"","format":"standard","meta":{"footnotes":""},"categories":[412,417,9,414,3],"tags":[],"_links":{"self":[{"href":"https:\/\/gdlfashion.com\/index.php?rest_route=\/wp\/v2\/posts\/20528"}],"collection":[{"href":"https:\/\/gdlfashion.com\/index.php?rest_route=\/wp\/v2\/posts"}],"about":[{"href":"https:\/\/gdlfashion.com\/index.php?rest_route=\/wp\/v2\/types\/post"}],"author":[{"embeddable":true,"href":"https:\/\/gdlfashion.com\/index.php?rest_route=\/wp\/v2\/users\/2"}],"replies":[{"embeddable":true,"href":"https:\/\/gdlfashion.com\/index.php?rest_route=%2Fwp%2Fv2%2Fcomments&post=20528"}],"version-history":[{"count":3,"href":"https:\/\/gdlfashion.com\/index.php?rest_route=\/wp\/v2\/posts\/20528\/revisions"}],"predecessor-version":[{"id":20532,"href":"https:\/\/gdlfashion.com\/index.php?rest_route=\/wp\/v2\/posts\/20528\/revisions\/20532"}],"wp:featuredmedia":[{"embeddable":true,"href":"https:\/\/gdlfashion.com\/index.php?rest_route=\/wp\/v2\/media\/20529"}],"wp:attachment":[{"href":"https:\/\/gdlfashion.com\/index.php?rest_route=%2Fwp%2Fv2%2Fmedia&parent=20528"}],"wp:term":[{"taxonomy":"category","embeddable":true,"href":"https:\/\/gdlfashion.com\/index.php?rest_route=%2Fwp%2Fv2%2Fcategories&post=20528"},{"taxonomy":"post_tag","embeddable":true,"href":"https:\/\/gdlfashion.com\/index.php?rest_route=%2Fwp%2Fv2%2Ftags&post=20528"}],"curies":[{"name":"wp","href":"https:\/\/api.w.org\/{rel}","templated":true}]}}