{"id":19429,"date":"2024-03-19T18:22:12","date_gmt":"2024-03-19T18:22:12","guid":{"rendered":"http:\/\/gdlfashion.com\/?p=19429"},"modified":"2024-03-19T18:22:12","modified_gmt":"2024-03-19T18:22:12","slug":"andares-xv-aniversario","status":"publish","type":"post","link":"https:\/\/gdlfashion.com\/?p=19429","title":{"rendered":"Andares XV Aniversario"},"content":{"rendered":"\n<p>Actualmente, este proyecto ha trascendido el concepto de lo que tradicionalmente se conoc\u00eda como un centro comercial, y se ha configurado como un punto de conexi\u00f3n que ha contribuido al crecimiento econ\u00f3mico y cultural de la sociedad tapat\u00eda, se\u00f1ala su equipo directivo.<br>\u201cSaber vivir tapat\u00edo es una expresi\u00f3n que enfatiza la esencia de lo que somos como comunidad. Donde vivir no solo se trata de existir, sino de experimentar plenamente cada momento, de abrazar nuestras tradiciones y costumbres, de valorar nuestro patrimonio cultural y de cuidar nuestro entorno\u201d. As\u00ed describen la filosof\u00eda detr\u00e1s de esta gran celebraci\u00f3n y que da sentido a esta zona que ya es un referente dentro y fuera del pa\u00eds.<br>Andares se enorgullece de conmemorar su quinceavo aniversario y celebramos que este destino se haya consolidado como un hito en la historia comercial de Jalisco y de todo el occidente del pa\u00eds. Con estas palabras, los directivos de este proyecto presentaron hoy la agenda de actividades especiales que se han organizado para resaltar este acontecimiento.<br>Y es que m\u00e1s all\u00e1 de posicionarse como un tradicional centro comercial, Andares, ubicado en Zapopan, ha logrado consolidarse en estos tres lustros como un referente y un modelo de que s\u00ed pueden conjugarse con gran \u00e9xito moda, arte, cultura, ocio, gastronom\u00eda, comercio, trabajo y hasta espacios de vivienda y hoteler\u00eda.<br>En conferencia de medios de comunicaci\u00f3n, el equipo que gu\u00eda los destinos de este gran complejo multiusos anunci\u00f3 que Andares se encuentra a\u00fan en una fase de expansi\u00f3n y desarrollo con un plan de m\u00e1s de 10,000\u202fm\u00b2 para los siguientes a\u00f1os.<br>\u201cEl compromiso continuo con la excelencia en la experiencia del cliente ha sido el motor detr\u00e1s de esta visi\u00f3n de crecimiento. Se espera que estas nuevas expansiones no solo mejoren la oferta actual del complejo, sino que tambi\u00e9n brinden a los visitantes y residentes una experiencia a\u00fan m\u00e1s enriquecedora y diversa. Por su puesto, creando mayor derrama econ\u00f3mica y el desarrollo de oferta laboral para la ciudad\u201d, explicaron.<br>Al mismo tiempo, adelantaron algunos de sus planes para el corto y mediano plazo: \u201cMirando hacia el futuro, reafirmamos ese compromiso con la innovaci\u00f3n y la satisfacci\u00f3n del cliente. Estamos explorando nuevas iniciativas que incluyen: El lanzamiento de una App propia de Andares, un nuevo sistema de navegaci\u00f3n en el \u00e1rea de estacionamiento, la remodelaci\u00f3n del food court; y la habilitaci\u00f3n de nuevas \u00e1reas para las ni\u00f1as y los ni\u00f1os que nos visitan\u201d.<br>\u201cLa misi\u00f3n principal es mantener aqu\u00ed ese esp\u00edritu inicial, que es el de ofrecer un destino integral para la comunidad, no solo como un lugar de compras, sino como un espacio din\u00e1mico que promueve la cultura, el entretenimiento y la interacci\u00f3n social, tal como ha ocurrido a lo largo del tiempo desde la inauguraci\u00f3n en el a\u00f1o 2009\u201d.<\/p>\n\n\n\n<p>\u201cUna vez que se ha consolidado la experiencia Andares una de nuestras actuales prioridades es voltear hac\u00eda dentro y ver c\u00f3mo podemos mejorar como equipo de trabajo, siempre pensando en potenciar las vivencia que pueden tener quienes confluyen en el complejo: visitantes del centro comercial, empleados de las torres corporativas, marcas, residentes y hu\u00e9spedes del hotel\u201d, se\u00f1al\u00f3 el gerente general de Centro Comercial, Arturo Navarro.<br>Andares cuenta con un centro comercial de clase mundial, nueve torres residenciales, cuatro torres corporativas, un mercado gastron\u00f3mico, un hotel Hyatt Regency y espacios exclusivos de experiencias y eventos, record\u00f3.<br>Durante el 2023, acudieron por mes a este punto en el norte de la Zona Metropolitana un mill\u00f3n 900 mil 500 personas, esto es casi 23 millones de visitantes.<\/p>\n\n\n\n<p>La agenda conmemorativa inicia con la integraci\u00f3n, al \u201cCircuito del Arte\u201d, de diversas obras y esculturas creadas por algunos de los artistas destacados, entre ellos: Alegr\u00eda del Prado, Corina de la Mora y Rafael San Juan.<\/p>\n\n\n\n<p>Un festival lleno de experiencias, m\u00fasica en vivo, entretenimiento, actividades para ni\u00f1os y una variedad de sorpresas especiales. Se llevar\u00e1 a cabo el 20 de abril, de 10:00 a 22:00 horas, en Paseo Andares (Zona de Restaurantes).<\/p>\n\n\n\n<p>En el verano se inaugurar\u00e1 una gift shop. Este encantador rinc\u00f3n ofrecer\u00e1 art\u00edculos conmemorativos para que los asistentes puedan llevar consigo un recuerdo del Centro Comercial. Estos estar\u00e1n disponibles a partir de mayo; y se trabaja desde ya en algunas colaboraciones especiales con artistas y emprendedores locales.<\/p>\n\n\n\n<p>El 30 de junio se llevar\u00e1 a cabo una apasionante carrera familiar de 5 y 10k (abierta a participantes de todas las edades), que adem\u00e1s ser\u00e1 Pet Friendly. Los boletos estar\u00e1n a la venta a partir del mes de abril.<\/p>\n\n\n\n<p>Las noches de gala regresan y el 26 de octubre Andares celebrar\u00e1 una noche llena de moda, m\u00fasica en vivo y entretenimiento. Los visitantes podr\u00e1n disfrutar, adem\u00e1s de sofisticadas pasarelas, de exquisitas activaciones con marcas de lujo. La noche ideal para cerrar con broche de oro la celebraci\u00f3n de los 15 a\u00f1os de Andares.<\/p>\n","protected":false},"excerpt":{"rendered":"<p>Actualmente, este proyecto ha trascendido el concepto de lo que tradicionalmente se conoc\u00eda como un centro comercial, y se ha&hellip;<\/p>\n","protected":false},"author":2,"featured_media":19430,"comment_status":"open","ping_status":"closed","sticky":false,"template":"","format":"standard","meta":{"footnotes":""},"categories":[412,418,417,9,415,414],"tags":[],"_links":{"self":[{"href":"https:\/\/gdlfashion.com\/index.php?rest_route=\/wp\/v2\/posts\/19429"}],"collection":[{"href":"https:\/\/gdlfashion.com\/index.php?rest_route=\/wp\/v2\/posts"}],"about":[{"href":"https:\/\/gdlfashion.com\/index.php?rest_route=\/wp\/v2\/types\/post"}],"author":[{"embeddable":true,"href":"https:\/\/gdlfashion.com\/index.php?rest_route=\/wp\/v2\/users\/2"}],"replies":[{"embeddable":true,"href":"https:\/\/gdlfashion.com\/index.php?rest_route=%2Fwp%2Fv2%2Fcomments&post=19429"}],"version-history":[{"count":1,"href":"https:\/\/gdlfashion.com\/index.php?rest_route=\/wp\/v2\/posts\/19429\/revisions"}],"predecessor-version":[{"id":19431,"href":"https:\/\/gdlfashion.com\/index.php?rest_route=\/wp\/v2\/posts\/19429\/revisions\/19431"}],"wp:featuredmedia":[{"embeddable":true,"href":"https:\/\/gdlfashion.com\/index.php?rest_route=\/wp\/v2\/media\/19430"}],"wp:attachment":[{"href":"https:\/\/gdlfashion.com\/index.php?rest_route=%2Fwp%2Fv2%2Fmedia&parent=19429"}],"wp:term":[{"taxonomy":"category","embeddable":true,"href":"https:\/\/gdlfashion.com\/index.php?rest_route=%2Fwp%2Fv2%2Fcategories&post=19429"},{"taxonomy":"post_tag","embeddable":true,"href":"https:\/\/gdlfashion.com\/index.php?rest_route=%2Fwp%2Fv2%2Ftags&post=19429"}],"curies":[{"name":"wp","href":"https:\/\/api.w.org\/{rel}","templated":true}]}}