{"id":19358,"date":"2024-02-29T15:32:00","date_gmt":"2024-02-29T15:32:00","guid":{"rendered":"https:\/\/gdlfashion.com\/?p=19358"},"modified":"2024-02-28T23:35:36","modified_gmt":"2024-02-28T23:35:36","slug":"se-presenta-en-mexico-el-1er-encuentro-internacional-de-expertos-en-fotoproteccion","status":"publish","type":"post","link":"https:\/\/gdlfashion.com\/?p=19358","title":{"rendered":"SE PRESENTA EN M\u00c9XICO EL 1er ENCUENTRO INTERNACIONAL DE EXPERTOS EN FOTOPROTECCI\u00d3N"},"content":{"rendered":"\n<p><em>ANIDERM en conjunto con los laboratorios l\u00edderes en Dermatolog\u00eda: <\/em><em>ISDIN, PIERRE FABRE, GALDERMA, NAOS, CDM, ODELLIA, SVR, FEDELE, NENUFARM, UNIDERMA, ZALUZ, MARTIDERM<\/em> y<em> L\u00b4Or\u00e9al<\/em> que se suma a esta campa\u00f1a<em>,<\/em><em> llevar\u00e1n a cabo los d\u00edas 28 de febrero con una rueda de prensa y 29 de febrero este gran encuentro con destacados l\u00edderes de opini\u00f3n a nivel nacional e internacional dirigido a profesionales en dermatolog\u00eda.<\/em><\/p>\n\n\n\n<p>La <strong>Asociaci\u00f3n Nacional de la Industria Dermatol\u00f3gica y de Cosm\u00e9ticos de Tratamiento A.C.<\/strong> (<strong>ANIDERM<\/strong>), acompa\u00f1ada de los laboratorios l\u00edderes en Dermatolog\u00eda, se unen por primera vez con el <strong>1er Encuentro Internacional de Expertos en Fotoprotecci\u00f3n<\/strong>.<\/p>\n\n\n\n<p>Dirigido a la comunidad m\u00e9dica especializada en el \u00e1rea de dermatolog\u00eda, y con el objetivo de informar y educar acerca de la fotoprotecci\u00f3n, este encuentro tendr\u00e1 sede en la Ciudad de M\u00e9xico, los d\u00edas 28 de febrero, con una rueda de prensa para medios de comunicaci\u00f3n, creadores de contenido, m\u00e9dicos especialistas, directores de las principales instituciones dermatol\u00f3gicas que ayudan a permear a la sociedad la concientizaci\u00f3n de la fotoprotecci\u00f3n y 29 de febrero, reuniendo a destacados profesionales de la dermatolog\u00eda a nivel internacional para abordar temas cr\u00edticos de fotoprotecci\u00f3n que van desde la gen\u00e9tica hasta la prevenci\u00f3n de c\u00e1ncer de piel.<\/p>\n\n\n\n<figure class=\"wp-block-image size-large is-resized\"><a href=\"https:\/\/gdlfashion.com\/wp-content\/uploads\/2024\/02\/Captura-de-Pantalla-2024-02-28-a-las-17.32.28.png\"><img loading=\"lazy\" decoding=\"async\" width=\"1024\" height=\"614\" src=\"https:\/\/gdlfashion.com\/wp-content\/uploads\/2024\/02\/Captura-de-Pantalla-2024-02-28-a-las-17.32.28-1024x614.png\" alt=\"\" class=\"wp-image-19359\" style=\"width:523px;height:auto\" srcset=\"https:\/\/gdlfashion.com\/wp-content\/uploads\/2024\/02\/Captura-de-Pantalla-2024-02-28-a-las-17.32.28-1024x614.png 1024w, https:\/\/gdlfashion.com\/wp-content\/uploads\/2024\/02\/Captura-de-Pantalla-2024-02-28-a-las-17.32.28-300x180.png 300w, https:\/\/gdlfashion.com\/wp-content\/uploads\/2024\/02\/Captura-de-Pantalla-2024-02-28-a-las-17.32.28-768x461.png 768w, https:\/\/gdlfashion.com\/wp-content\/uploads\/2024\/02\/Captura-de-Pantalla-2024-02-28-a-las-17.32.28-1536x922.png 1536w, https:\/\/gdlfashion.com\/wp-content\/uploads\/2024\/02\/Captura-de-Pantalla-2024-02-28-a-las-17.32.28.png 1850w\" sizes=\"(max-width: 1024px) 100vw, 1024px\" \/><\/a><\/figure>\n\n\n\n<p>La Dra. Susana Puig de Espa\u00f1a, el Dr. Henry Lim de Estados Unidos y el Dr. Rodrigo Rold\u00e1n de M\u00e9xico, son algunos de los l\u00edderes en dermatolog\u00eda que presentar\u00e1n diversos proyectos y ponencias alrededor de la gen\u00e9tica y fotoprotecci\u00f3n de la piel, fotosensibilidad, rayos UV, efectos de la luz azul y envejecimiento, fotoprotecci\u00f3n en Latinoam\u00e9rica, mitos y realidades, fotoprotecci\u00f3n y c\u00e1ncer cut\u00e1neo.<\/p>\n\n\n\n<p>ANIDERM es un organismo creado en 2017 cuyo objetivo principal ha sido la promoci\u00f3n y desarrollo de la industria dermatol\u00f3gica y la cosm\u00e9tica de tratamiento en nuestro pa\u00eds y fomentar la educaci\u00f3n m\u00e9dica continua de los dermat\u00f3logos mexicanos para el beneficio de la salud p\u00fablica.<\/p>\n\n\n\n<p>Para que esto sea posible, los miembros de esta asociaci\u00f3n han desarrollado campa\u00f1as de educaci\u00f3n y concientizaci\u00f3n sobre el cuidado de la piel que permitan a los usuarios entender sobre afecciones cut\u00e1neas, su cuidado dermocosm\u00e9tico y el tratamiento con el m\u00e9dico especialista, el dermat\u00f3logo.<\/p>\n\n\n\n<figure class=\"wp-block-image size-large is-resized\"><a href=\"https:\/\/gdlfashion.com\/wp-content\/uploads\/2024\/02\/Captura-de-Pantalla-2024-02-28-a-las-17.32.15.png\"><img loading=\"lazy\" decoding=\"async\" width=\"1024\" height=\"637\" src=\"https:\/\/gdlfashion.com\/wp-content\/uploads\/2024\/02\/Captura-de-Pantalla-2024-02-28-a-las-17.32.15-1024x637.png\" alt=\"\" class=\"wp-image-19360\" style=\"width:486px;height:auto\" srcset=\"https:\/\/gdlfashion.com\/wp-content\/uploads\/2024\/02\/Captura-de-Pantalla-2024-02-28-a-las-17.32.15-1024x637.png 1024w, https:\/\/gdlfashion.com\/wp-content\/uploads\/2024\/02\/Captura-de-Pantalla-2024-02-28-a-las-17.32.15-300x187.png 300w, https:\/\/gdlfashion.com\/wp-content\/uploads\/2024\/02\/Captura-de-Pantalla-2024-02-28-a-las-17.32.15-768x478.png 768w, https:\/\/gdlfashion.com\/wp-content\/uploads\/2024\/02\/Captura-de-Pantalla-2024-02-28-a-las-17.32.15-1536x955.png 1536w, https:\/\/gdlfashion.com\/wp-content\/uploads\/2024\/02\/Captura-de-Pantalla-2024-02-28-a-las-17.32.15.png 1862w\" sizes=\"(max-width: 1024px) 100vw, 1024px\" \/><\/a><\/figure>\n\n\n\n<p>A partir de hechos cl\u00ednicos y cient\u00edficos sobre fotoprotecci\u00f3n, se estima que 90% del envejecimiento prematuro de la piel es atribuible a la exposici\u00f3n solar, la adopci\u00f3n de medidas de fotoprotecci\u00f3n efectivas es uno de los principales objetivos a largo plazo de este encuentro. As\u00ed como la promoci\u00f3n de los efectos nocivos del sol, prevenci\u00f3n del c\u00e1ncer de piel, informaci\u00f3n clave para cambiar comportamientos y prevenir cualquier da\u00f1o.<\/p>\n\n\n\n<p>Este encuentro tambi\u00e9n contar\u00e1 con la presencia del Dr. Sergio Schalka, quien nos acompa\u00f1a de Brasil, Dr. Giovanni Pellacani, de Italia y los mexicanos, Dra. Paula Torres, Dra. Elisa Vega y el Dr. Jorge Ocampo. Este evento ofrece una oportunidad invaluable para aprender de los l\u00edderes en dermatolog\u00eda y fortalecer la fotoprotecci\u00f3n en M\u00e9xico y Latinoam\u00e9rica.<\/p>\n","protected":false},"excerpt":{"rendered":"<p>ANIDERM en conjunto con los laboratorios l\u00edderes en Dermatolog\u00eda: ISDIN, PIERRE FABRE, GALDERMA, NAOS, CDM, ODELLIA, SVR, FEDELE, NENUFARM, UNIDERMA,&hellip;<\/p>\n","protected":false},"author":2,"featured_media":19361,"comment_status":"open","ping_status":"closed","sticky":false,"template":"","format":"standard","meta":{"footnotes":""},"categories":[412,9],"tags":[],"_links":{"self":[{"href":"https:\/\/gdlfashion.com\/index.php?rest_route=\/wp\/v2\/posts\/19358"}],"collection":[{"href":"https:\/\/gdlfashion.com\/index.php?rest_route=\/wp\/v2\/posts"}],"about":[{"href":"https:\/\/gdlfashion.com\/index.php?rest_route=\/wp\/v2\/types\/post"}],"author":[{"embeddable":true,"href":"https:\/\/gdlfashion.com\/index.php?rest_route=\/wp\/v2\/users\/2"}],"replies":[{"embeddable":true,"href":"https:\/\/gdlfashion.com\/index.php?rest_route=%2Fwp%2Fv2%2Fcomments&post=19358"}],"version-history":[{"count":1,"href":"https:\/\/gdlfashion.com\/index.php?rest_route=\/wp\/v2\/posts\/19358\/revisions"}],"predecessor-version":[{"id":19362,"href":"https:\/\/gdlfashion.com\/index.php?rest_route=\/wp\/v2\/posts\/19358\/revisions\/19362"}],"wp:featuredmedia":[{"embeddable":true,"href":"https:\/\/gdlfashion.com\/index.php?rest_route=\/wp\/v2\/media\/19361"}],"wp:attachment":[{"href":"https:\/\/gdlfashion.com\/index.php?rest_route=%2Fwp%2Fv2%2Fmedia&parent=19358"}],"wp:term":[{"taxonomy":"category","embeddable":true,"href":"https:\/\/gdlfashion.com\/index.php?rest_route=%2Fwp%2Fv2%2Fcategories&post=19358"},{"taxonomy":"post_tag","embeddable":true,"href":"https:\/\/gdlfashion.com\/index.php?rest_route=%2Fwp%2Fv2%2Ftags&post=19358"}],"curies":[{"name":"wp","href":"https:\/\/api.w.org\/{rel}","templated":true}]}}