{"id":18934,"date":"2024-01-15T17:00:51","date_gmt":"2024-01-15T17:00:51","guid":{"rendered":"https:\/\/gdlfashion.com\/?p=18934"},"modified":"2024-01-15T17:29:58","modified_gmt":"2024-01-15T17:29:58","slug":"intermoda-celebra-40-anos-im80","status":"publish","type":"post","link":"https:\/\/gdlfashion.com\/?p=18934","title":{"rendered":"Intermoda Celebra 40 A\u00f1os #IM80"},"content":{"rendered":"\n<h3 class=\"wp-block-heading\"><strong>80 Ediciones De Negocios Ininterrumpidos<\/strong><\/h3>\n\n\n\n<ul>\n<li>23,105 compradores y visitantes se esperan durante los 4 d\u00edas de exposici\u00f3n.<\/li>\n<\/ul>\n\n\n\n<p>Del <strong>16 al 19 de Enero 2024<\/strong> se realizar\u00e1 la edici\u00f3n 80 de Intermoda, la exposici\u00f3n de negocios de moda m\u00e1s grande de Latinoam\u00e9rica.<\/p>\n\n\n\n<figure class=\"wp-block-image size-large is-resized\"><a href=\"https:\/\/gdlfashion.com\/wp-content\/uploads\/2024\/01\/IMG_6805-scaled.jpg\"><img loading=\"lazy\" decoding=\"async\" width=\"1024\" height=\"683\" src=\"https:\/\/gdlfashion.com\/wp-content\/uploads\/2024\/01\/IMG_6805-1024x683.jpg\" alt=\"\" class=\"wp-image-18935\" style=\"width:612px;height:auto\" srcset=\"https:\/\/gdlfashion.com\/wp-content\/uploads\/2024\/01\/IMG_6805-1024x683.jpg 1024w, https:\/\/gdlfashion.com\/wp-content\/uploads\/2024\/01\/IMG_6805-300x200.jpg 300w, https:\/\/gdlfashion.com\/wp-content\/uploads\/2024\/01\/IMG_6805-768x512.jpg 768w, https:\/\/gdlfashion.com\/wp-content\/uploads\/2024\/01\/IMG_6805-1536x1024.jpg 1536w, https:\/\/gdlfashion.com\/wp-content\/uploads\/2024\/01\/IMG_6805-2048x1365.jpg 2048w\" sizes=\"(max-width: 1024px) 100vw, 1024px\" \/><\/a><\/figure>\n\n\n\n<p>La feria se posiciona como el \u00fanico evento consolidado, referente e integral en impulsar a la industria de la moda en M\u00e9xico.<\/p>\n\n\n\n<p>Reuniremos en 49 mil 057 metros cuadrados a 23 mil 105 compradores, mil 527 stands, mil 150 marcas, 650 expositores, 90 dise\u00f1adores y 50 conferencistas.<\/p>\n\n\n\n<p>Durante la rueda de prensa, se cont\u00f3 con la presencia del pres\u00eddium integrado por las siguientes figuras:<\/p>\n\n\n\n<ul>\n<li>Sr. Jorge Castellanos, Presidente de Intermoda.<\/li>\n\n\n\n<li>Sr. Roberto Santana, Presidente De La C\u00e1mara De La Industria Del Vestido, Delegaci\u00f3n Jalisco.<\/li>\n\n\n\n<li>Mtra. Fabiola Navarro, Directora General de Atracci\u00f3n de Inversi\u00f3n de la Secretar\u00eda de Desarrollo Econ\u00f3mico.<\/li>\n\n\n\n<li>Gustavo Staufert, Director de la Oficina de Visitantes y Convenciones de Guadalajara.<\/li>\n\n\n\n<li>Lic. Carolina V\u00e1zquez, CEO del Corporativo Andaluc\u00eda.<\/li>\n\n\n\n<li>Ana Medrano, fundadora de Hamman, marca expositora de Intermoda.<\/li>\n\n\n\n<li>Ulises Zepeda, director y dise\u00f1ador de Prisma.<\/li>\n\n\n\n<li>Lic. Jorge Garigaby, CEO de Intermoda.<\/li>\n<\/ul>\n\n\n\n<figure class=\"wp-block-image size-large is-resized\"><a href=\"https:\/\/gdlfashion.com\/wp-content\/uploads\/2024\/01\/IMG_6886-scaled.jpg\"><img loading=\"lazy\" decoding=\"async\" width=\"1024\" height=\"683\" src=\"https:\/\/gdlfashion.com\/wp-content\/uploads\/2024\/01\/IMG_6886-1024x683.jpg\" alt=\"\" class=\"wp-image-18936\" style=\"width:480px;height:auto\" srcset=\"https:\/\/gdlfashion.com\/wp-content\/uploads\/2024\/01\/IMG_6886-1024x683.jpg 1024w, https:\/\/gdlfashion.com\/wp-content\/uploads\/2024\/01\/IMG_6886-300x200.jpg 300w, https:\/\/gdlfashion.com\/wp-content\/uploads\/2024\/01\/IMG_6886-768x512.jpg 768w, https:\/\/gdlfashion.com\/wp-content\/uploads\/2024\/01\/IMG_6886-1536x1024.jpg 1536w, https:\/\/gdlfashion.com\/wp-content\/uploads\/2024\/01\/IMG_6886-2048x1365.jpg 2048w\" sizes=\"(max-width: 1024px) 100vw, 1024px\" \/><\/a><\/figure>\n\n\n\n<p>El <strong>Sr. Jorge Castellanos, Presidente de Intermoda,<\/strong> fue el encargado de emitir el mensaje de bienvenida en donde comparti\u00f3: \u201cIntermoda est\u00e1 de fiesta. Este 2024 celebraremos cuarenta a\u00f1os y ochenta ediciones ininterrumpidas en Expo Guadalajara. A lo largo de este tiempo nos convertimos en la exposici\u00f3n de negocios de moda m\u00e1s grande de Latinoam\u00e9rica. Nuestras cifras para esta edici\u00f3n son las siguientes: ocuparemos un espacio de 49 mil metros cuadrados. M\u00e1s de 23 mil compradores y visitantes nos visitar\u00e1n. Comercializamos 1,527 stands con 1150 marcas. Tendremos 90 dise\u00f1adores, 50 conferencistas. Intermoda es el primer evento de la industria de la moda en Latinoam\u00e9rica en ser parte del movimiento global de destinos sostenibles, Global Destination Sustainability Movement (GDS-Movement) &amp; #Meet4Impact, organizaciones reconocidas a nivel internacional. Este gran proyecto se da gracias al apoyo de la Oficina de Visitantes y Convenciones de Guadalajara\u201d.<\/p>\n\n\n\n<figure class=\"wp-block-image size-large is-resized\"><a href=\"https:\/\/gdlfashion.com\/wp-content\/uploads\/2024\/01\/IMG_6817-scaled.jpg\"><img loading=\"lazy\" decoding=\"async\" width=\"1024\" height=\"683\" src=\"https:\/\/gdlfashion.com\/wp-content\/uploads\/2024\/01\/IMG_6817-1024x683.jpg\" alt=\"\" class=\"wp-image-18937\" style=\"width:482px;height:auto\" srcset=\"https:\/\/gdlfashion.com\/wp-content\/uploads\/2024\/01\/IMG_6817-1024x683.jpg 1024w, https:\/\/gdlfashion.com\/wp-content\/uploads\/2024\/01\/IMG_6817-300x200.jpg 300w, https:\/\/gdlfashion.com\/wp-content\/uploads\/2024\/01\/IMG_6817-768x512.jpg 768w, https:\/\/gdlfashion.com\/wp-content\/uploads\/2024\/01\/IMG_6817-1536x1024.jpg 1536w, https:\/\/gdlfashion.com\/wp-content\/uploads\/2024\/01\/IMG_6817-2048x1365.jpg 2048w\" sizes=\"(max-width: 1024px) 100vw, 1024px\" \/><\/a><\/figure>\n\n\n\n<p>Por su parte, <strong>Roberto Santana Flores, <\/strong>Presidente de la C\u00e1mara Nacional de la Industria del Vestido Delegaci\u00f3n Jalisco (CANAIVE), reconoci\u00f3 el gran impacto que Intermoda ha tenido: \u201cIntermoda le ha dado un gran apoyo a la CANAIVE. Nos ha permitido ofrecer a nuestros asociados espacios para que ellos puedan posicionarse como fabricantes con cada vez mayor reconocimiento\u201d.&nbsp;<\/p>\n\n\n<div class=\"wp-block-image\">\n<figure class=\"alignright size-large is-resized\"><a href=\"https:\/\/gdlfashion.com\/wp-content\/uploads\/2024\/01\/IMG_6801-scaled.jpg\"><img loading=\"lazy\" decoding=\"async\" width=\"683\" height=\"1024\" src=\"https:\/\/gdlfashion.com\/wp-content\/uploads\/2024\/01\/IMG_6801-683x1024.jpg\" alt=\"\" class=\"wp-image-18938\" style=\"width:331px;height:auto\" srcset=\"https:\/\/gdlfashion.com\/wp-content\/uploads\/2024\/01\/IMG_6801-683x1024.jpg 683w, https:\/\/gdlfashion.com\/wp-content\/uploads\/2024\/01\/IMG_6801-200x300.jpg 200w, https:\/\/gdlfashion.com\/wp-content\/uploads\/2024\/01\/IMG_6801-768x1152.jpg 768w, https:\/\/gdlfashion.com\/wp-content\/uploads\/2024\/01\/IMG_6801-1024x1536.jpg 1024w, https:\/\/gdlfashion.com\/wp-content\/uploads\/2024\/01\/IMG_6801-1365x2048.jpg 1365w, https:\/\/gdlfashion.com\/wp-content\/uploads\/2024\/01\/IMG_6801-scaled.jpg 1707w\" sizes=\"(max-width: 683px) 100vw, 683px\" \/><\/a><\/figure><\/div>\n\n\n<p>Finalmente, <strong>Jorge Garibay, <\/strong>CEO de Intermoda, comparti\u00f3 el lanzamiento de una gran innovaci\u00f3n: \u201cEn esta edici\u00f3n lanzamos el programa Intermoda Black, que entrega una tarjeta met\u00e1lica con tecnolog\u00eda encriptada NFC y c\u00f3digo QR a expositores y compradores, sustituyendo la tradicional tarjeta de presentaci\u00f3n, y ofreciendo beneficios exclusivos, como accesos preferentes a nuestros eventos de agenda social, descuentos especiales con nuestros aliados comerciales, accesos a kits especiales de patrocinios, entre otros beneficios. El staff de Intermoda se une al uso de esta tarjeta, sustituyendo la tarjeta de presentaci\u00f3n de papel, y con ello evitamos el impacto de 800 libras de emisi\u00f3n de CO2 y 1,500 litros de agua. Invitamos a nuestros compradores como expositores a que se sumen a este esfuerzo. La tecnolog\u00eda que se ha desarrollado para Intermoda Black ofrece hasta 23 mil tarjetas digitales para nuestros asistentes\u201d.\u00a0<\/p>\n\n\n\n<p>En esta edici\u00f3n, Ragazza Fashion, la marca de alta costura tapat\u00eda, presentar\u00e1 en el marco de Intermoda una de sus obras m\u00e1s ic\u00f3nicas, el vestido Legacy, una colaboraci\u00f3n con la renombrada marca de joyer\u00eda Swarovski.\u00a0 Esto para celebrar los 80 a\u00f1os de Intermoda y los 20 a\u00f1os de Ragazza. \u201cEs con gran orgullo y emoci\u00f3n anunciar la creaci\u00f3n de un dise\u00f1o verdaderamente extraordinario, que m\u00e1s que un atuendo es una verdadera obra maestra\u201d, se\u00f1al\u00f3 <strong>Carolina V\u00e1zquez, CEO de Ragazza Fashion.<\/strong><\/p>\n\n\n<div class=\"wp-block-image\">\n<figure class=\"alignleft size-large is-resized\"><a href=\"https:\/\/gdlfashion.com\/wp-content\/uploads\/2024\/01\/IMG_6794-scaled.jpg\"><img loading=\"lazy\" decoding=\"async\" width=\"683\" height=\"1024\" src=\"https:\/\/gdlfashion.com\/wp-content\/uploads\/2024\/01\/IMG_6794-683x1024.jpg\" alt=\"\" class=\"wp-image-18940\" style=\"width:414px;height:auto\" srcset=\"https:\/\/gdlfashion.com\/wp-content\/uploads\/2024\/01\/IMG_6794-683x1024.jpg 683w, https:\/\/gdlfashion.com\/wp-content\/uploads\/2024\/01\/IMG_6794-200x300.jpg 200w, https:\/\/gdlfashion.com\/wp-content\/uploads\/2024\/01\/IMG_6794-768x1152.jpg 768w, https:\/\/gdlfashion.com\/wp-content\/uploads\/2024\/01\/IMG_6794-1024x1536.jpg 1024w, https:\/\/gdlfashion.com\/wp-content\/uploads\/2024\/01\/IMG_6794-1365x2048.jpg 1365w, https:\/\/gdlfashion.com\/wp-content\/uploads\/2024\/01\/IMG_6794-scaled.jpg 1707w\" sizes=\"(max-width: 683px) 100vw, 683px\" \/><\/a><\/figure><\/div>\n\n\n<ul>\n<li><strong>Intermoda en cifras<\/strong><strong><\/strong><\/li>\n<\/ul>\n\n\n\n<p>Diez pabellones segmentados por l\u00ednea y producto: <strong>Dama<\/strong>, <strong>Caballero, Accesorios,<\/strong> <strong>Proveedur\u00eda, Gala, Infantil, Pabell\u00f3n MX<\/strong> (fabricantes mexicanos), <strong>Chouroom<\/strong> (moda urbana), <strong>Emprende IM<\/strong> (marcas de reciente creaci\u00f3n), <strong><em>Trending<\/em><\/strong> (dise\u00f1adores con ADN propio), as\u00ed como tres nuevas zonas comerciales para enriquecer la experiencia de compra: <strong>IM Denim<\/strong> (mezclilla nacional), <strong>Servicios Especializados<\/strong> (propuestas para complementar el negocio de la moda) y el gran lanzamiento de <strong>IM Premium<\/strong> con marcas de prestigio.<\/p>\n\n\n\n<p>Empresas expositoras provenientes de <strong>14 pa\u00edses<\/strong> se suman a la plataforma: Australia, Brasil, Chile, China, Colombia, Corea del Sur, Espa\u00f1a, Estados Unidos, India, Jap\u00f3n, Pakist\u00e1n, Panam\u00e1, Per\u00fa y Turqu\u00eda.<\/p>\n\n\n\n<ul>\n<li><strong>Impacto econ\u00f3mico <\/strong><strong><\/strong><\/li>\n<\/ul>\n\n\n\n<p>Intermoda ha detonado un impacto trascendental en la industria de la moda. A lo largo de 40 a\u00f1os y 80 ediciones han participado como expositores <strong>48 mil 160 empresas<\/strong> y <strong>398 mil 162<\/strong> compradores y visitantes.<\/p>\n\n\n\n<ul>\n<li><strong>Sustentabilidad y Legado <\/strong><strong><\/strong><\/li>\n<\/ul>\n\n\n\n<p><em>Global Destination Sustainability Movement (GDS-Movement)<\/em> &amp; #Meet4Impact, contin\u00faan con la segunda etapa del proyecto sustentabilidad y legado, con el objetivo de catalizar los impactos sociales y ambientales de la exposici\u00f3n.<\/p>\n\n\n\n<p>Nuevamente, se ejecutar\u00e1 el Premio al Expositor Sustentable, se reconocer\u00e1 a quien adopte pr\u00e1cticas ambientales y socialmente responsables dentro y fuera del evento.<\/p>\n\n\n\n<p>La primera medici\u00f3n de CO2 o huella de carbono que se realiz\u00f3 en el evento anterior (julio 2023), arroj\u00f3 un estimado de 2763.88 tCO2e. Este primer ejercicio es muy valioso, ya que ha ayudado a identificar las emisiones que se generan para trabajar estrat\u00e9gicamente en las acciones y lograr reducir las emisiones.<\/p>\n\n\n\n<p>Algunas de las acciones que se implementar\u00e1n para esta edici\u00f3n son las siguientes:<\/p>\n\n\n\n<ol start=\"1\">\n<li>Segunda edici\u00f3n del Premio al Expositor Sustentable.<\/li>\n\n\n\n<li>Programa de actividades especializa un d\u00eda de agenda en Sustentabilidad.<\/li>\n\n\n\n<li>Colaboraci\u00f3n con fundaciones locales.<\/li>\n\n\n\n<li>Separaci\u00f3n de residuos a lo largo de diversas estaciones con contenedores.<\/li>\n\n\n\n<li>Creaci\u00f3n, difusi\u00f3n y socializaci\u00f3n de la Gu\u00eda del Expositor Sustentable.<\/li>\n\n\n\n<li>Sustituci\u00f3n paulatina de materiales tradicionales por materiales amigables.<\/li>\n\n\n\n<li>Circularidad: Reducci\u00f3n de pl\u00e1sticos y uso de diversos materiales reciclados.<\/li>\n\n\n\n<li>Medici\u00f3n del impacto ambiental a trav\u00e9s del registro del visitante al evento.<\/li>\n\n\n\n<li>Contenedores para el reciclaje de prendas de ropa.<\/li>\n\n\n\n<li>Reducci\u00f3n de emisiones CO2 a trav\u00e9s del men\u00fa de alimentos. El 40% es comida vegetariana y el 60% de origen local.<\/li>\n<\/ol>\n\n\n\n<figure class=\"wp-block-image size-large is-resized\"><a href=\"https:\/\/gdlfashion.com\/wp-content\/uploads\/2024\/01\/IMG_6810-scaled.jpg\"><img loading=\"lazy\" decoding=\"async\" width=\"1024\" height=\"683\" src=\"https:\/\/gdlfashion.com\/wp-content\/uploads\/2024\/01\/IMG_6810-1024x683.jpg\" alt=\"\" class=\"wp-image-18941\" style=\"width:478px;height:auto\" srcset=\"https:\/\/gdlfashion.com\/wp-content\/uploads\/2024\/01\/IMG_6810-1024x683.jpg 1024w, https:\/\/gdlfashion.com\/wp-content\/uploads\/2024\/01\/IMG_6810-300x200.jpg 300w, https:\/\/gdlfashion.com\/wp-content\/uploads\/2024\/01\/IMG_6810-768x512.jpg 768w, https:\/\/gdlfashion.com\/wp-content\/uploads\/2024\/01\/IMG_6810-1536x1024.jpg 1536w, https:\/\/gdlfashion.com\/wp-content\/uploads\/2024\/01\/IMG_6810-2048x1365.jpg 2048w\" sizes=\"(max-width: 1024px) 100vw, 1024px\" \/><\/a><\/figure>\n\n\n\n<ul>\n<li><strong>Dise\u00f1adores y pasarelas<\/strong><strong><\/strong><\/li>\n<\/ul>\n\n\n\n<p>Un total de <strong>90 dise\u00f1adores<\/strong> nacionales e internacionales estar\u00e1n presentes en los espacios m\u00e1s creativos. El pabell\u00f3n <strong><em>Trending<\/em><\/strong>revoluciona con la presencia de marcas como Alejandra de Coss, Biuriful, Flavante, Jacobo sin A, Haute a Porter, entre otras; algunas provenientes de cuatro pa\u00edses: Costa Rica, Espa\u00f1a, Guatemala y Paraguay.<\/p>\n\n\n\n<p>Las pasarelas de la plataforma <strong><em>Fashion Space <\/em>presentada por Chirey<\/strong>, imponen una gran producci\u00f3n de moda a cargo Josefina by Vero Solis, Toro, Oggi, Alersundi, Instituto Burgo, Benito Santos, Daniel P\u00e9rez proveniente de Israel, entre otros.<\/p>\n\n\n\n<p>El 2\u00b0 piso se fortalece con 4 pabellones comerciales: Chou Room, MX, Servicios Especializados y Emprende IM. Es espacio se complementa con \u00e1reas de conocimiento, experiencias de entrenamiento y zonas de alimentos.<\/p>\n\n\n\n<p>La constante demanda por la moda femenina y masculina aumenta en el mercado. En esta edici\u00f3n, los pabellones de Dama y Caballero crecen y contin\u00faan sus propuestas en el Sal\u00f3n Guadalajara.<\/p>\n\n\n\n<ul>\n<li><strong>Escenarios de conocimiento<\/strong><strong><\/strong><\/li>\n<\/ul>\n\n\n\n<p>Cincuenta conferencistas se suman a los proyectos de conocimiento. Los visitantes de Intermoda acceder\u00e1n a un amplio programa de conferencias, paneles, talleres y m\u00e1s, a trav\u00e9s de los siguientes escenarios:<\/p>\n\n\n\n<ul>\n<li><strong>IM Talks: <\/strong>9 conferenciasy un panelintegran la agenda. La destacada dise\u00f1adora Lydia Lav\u00edn, con el tema: \u201cEl ADN de una marca\u201d. La agencia de tendencias Fashion Snoops hablar\u00e1 sobre \u201cEst\u00e9ticas de Dise\u00f1o primavera verano 2025\u201d, la escritora Gisela M\u00e9ndez, abordar\u00e1 \u201cEl lado humano de la moda\u201d, entre otras. <\/li>\n<\/ul>\n\n\n\n<ul>\n<li><strong>Di\u00e1logos entre L\u00edderes: <\/strong>6 paneles a cargo de expertos en la industria dialogar\u00e1n algunos de estos temas: El poder del <em>fashion stylist<\/em> en la industria; Propiedad Industrial en el mundo de la moda; La fusi\u00f3n de la tecnolog\u00eda y la sustentabilidad en la moda, entre otros. <strong><\/strong><\/li>\n<\/ul>\n\n\n\n<ul>\n<li><strong>Mindset: <\/strong>Talleres y ponencias con especialistas en el sector. Por ejemplo, Noise, Sereno del Sordo, Negro Ne\u00f3n, Battassi Desing Studio, entre otros. <strong><\/strong><\/li>\n<\/ul>\n\n\n\n<ul>\n<li><strong>M\u00faltiples experiencias: <\/strong>Adicional a los exitosos negocios que se logran dentro de la exposici\u00f3n, los visitantes tendr\u00e1n acceso gratuito a un sinf\u00edn de actividades que incluyen: degustaciones, catas, experiencias, etc. <\/li>\n<\/ul>\n\n\n\n<ul>\n<li><strong>Vestido oficial: <\/strong>En el marco del evento, se presentar\u00e1 el vestido oficial del 40 aniversario, elaborado por la empresa expositora Ragazza en conjunto con la marca de cristales Swarovski.<strong><\/strong><\/li>\n<\/ul>\n\n\n\n<p>El programa completo de actividades y el registro de compradores se encuentran disponibles en <a href=\"http:\/\/www.intermoda.com.mx\">www.intermoda.com.mx<\/a><\/p>\n\n\n\n<figure class=\"wp-block-gallery has-nested-images columns-default is-cropped wp-block-gallery-1 is-layout-flex wp-block-gallery-is-layout-flex\">\n<figure class=\"wp-block-image size-large\"><a href=\"https:\/\/gdlfashion.com\/wp-content\/uploads\/2024\/01\/Ana-Medrano-Expositora-Hammam-Turqu-scaled.jpg\"><img loading=\"lazy\" decoding=\"async\" width=\"683\" height=\"1024\" data-id=\"18942\" src=\"https:\/\/gdlfashion.com\/wp-content\/uploads\/2024\/01\/Ana-Medrano-Expositora-Hammam-Turqu-683x1024.jpg\" alt=\"\" class=\"wp-image-18942\" srcset=\"https:\/\/gdlfashion.com\/wp-content\/uploads\/2024\/01\/Ana-Medrano-Expositora-Hammam-Turqu-683x1024.jpg 683w, https:\/\/gdlfashion.com\/wp-content\/uploads\/2024\/01\/Ana-Medrano-Expositora-Hammam-Turqu-200x300.jpg 200w, https:\/\/gdlfashion.com\/wp-content\/uploads\/2024\/01\/Ana-Medrano-Expositora-Hammam-Turqu-768x1152.jpg 768w, https:\/\/gdlfashion.com\/wp-content\/uploads\/2024\/01\/Ana-Medrano-Expositora-Hammam-Turqu-1024x1536.jpg 1024w, https:\/\/gdlfashion.com\/wp-content\/uploads\/2024\/01\/Ana-Medrano-Expositora-Hammam-Turqu-1365x2048.jpg 1365w, https:\/\/gdlfashion.com\/wp-content\/uploads\/2024\/01\/Ana-Medrano-Expositora-Hammam-Turqu-scaled.jpg 1707w\" sizes=\"(max-width: 683px) 100vw, 683px\" \/><\/a><\/figure>\n\n\n\n<figure class=\"wp-block-image size-large\"><a href=\"https:\/\/gdlfashion.com\/wp-content\/uploads\/2024\/01\/Carolina-Vazquez-Ragazza-scaled.jpg\"><img loading=\"lazy\" decoding=\"async\" width=\"683\" height=\"1024\" data-id=\"18944\" src=\"https:\/\/gdlfashion.com\/wp-content\/uploads\/2024\/01\/Carolina-Vazquez-Ragazza-683x1024.jpg\" alt=\"\" class=\"wp-image-18944\" srcset=\"https:\/\/gdlfashion.com\/wp-content\/uploads\/2024\/01\/Carolina-Vazquez-Ragazza-683x1024.jpg 683w, https:\/\/gdlfashion.com\/wp-content\/uploads\/2024\/01\/Carolina-Vazquez-Ragazza-200x300.jpg 200w, https:\/\/gdlfashion.com\/wp-content\/uploads\/2024\/01\/Carolina-Vazquez-Ragazza-768x1152.jpg 768w, https:\/\/gdlfashion.com\/wp-content\/uploads\/2024\/01\/Carolina-Vazquez-Ragazza-1024x1536.jpg 1024w, https:\/\/gdlfashion.com\/wp-content\/uploads\/2024\/01\/Carolina-Vazquez-Ragazza-1365x2048.jpg 1365w, https:\/\/gdlfashion.com\/wp-content\/uploads\/2024\/01\/Carolina-Vazquez-Ragazza-scaled.jpg 1707w\" sizes=\"(max-width: 683px) 100vw, 683px\" \/><\/a><\/figure>\n\n\n\n<figure class=\"wp-block-image size-large\"><a href=\"https:\/\/gdlfashion.com\/wp-content\/uploads\/2024\/01\/Fabiola-Navarro-SEDECO-scaled.jpg\"><img loading=\"lazy\" decoding=\"async\" width=\"683\" height=\"1024\" data-id=\"18943\" src=\"https:\/\/gdlfashion.com\/wp-content\/uploads\/2024\/01\/Fabiola-Navarro-SEDECO-683x1024.jpg\" alt=\"\" class=\"wp-image-18943\" srcset=\"https:\/\/gdlfashion.com\/wp-content\/uploads\/2024\/01\/Fabiola-Navarro-SEDECO-683x1024.jpg 683w, https:\/\/gdlfashion.com\/wp-content\/uploads\/2024\/01\/Fabiola-Navarro-SEDECO-200x300.jpg 200w, https:\/\/gdlfashion.com\/wp-content\/uploads\/2024\/01\/Fabiola-Navarro-SEDECO-768x1152.jpg 768w, https:\/\/gdlfashion.com\/wp-content\/uploads\/2024\/01\/Fabiola-Navarro-SEDECO-1024x1536.jpg 1024w, https:\/\/gdlfashion.com\/wp-content\/uploads\/2024\/01\/Fabiola-Navarro-SEDECO-1365x2048.jpg 1365w, https:\/\/gdlfashion.com\/wp-content\/uploads\/2024\/01\/Fabiola-Navarro-SEDECO-scaled.jpg 1707w\" sizes=\"(max-width: 683px) 100vw, 683px\" \/><\/a><\/figure>\n\n\n\n<figure class=\"wp-block-image size-large\"><a href=\"https:\/\/gdlfashion.com\/wp-content\/uploads\/2024\/01\/Gustavo-Staufert-OFVC-scaled.jpg\"><img loading=\"lazy\" decoding=\"async\" width=\"683\" height=\"1024\" data-id=\"18947\" src=\"https:\/\/gdlfashion.com\/wp-content\/uploads\/2024\/01\/Gustavo-Staufert-OFVC-683x1024.jpg\" alt=\"\" class=\"wp-image-18947\" srcset=\"https:\/\/gdlfashion.com\/wp-content\/uploads\/2024\/01\/Gustavo-Staufert-OFVC-683x1024.jpg 683w, https:\/\/gdlfashion.com\/wp-content\/uploads\/2024\/01\/Gustavo-Staufert-OFVC-200x300.jpg 200w, https:\/\/gdlfashion.com\/wp-content\/uploads\/2024\/01\/Gustavo-Staufert-OFVC-768x1152.jpg 768w, https:\/\/gdlfashion.com\/wp-content\/uploads\/2024\/01\/Gustavo-Staufert-OFVC-1024x1536.jpg 1024w, https:\/\/gdlfashion.com\/wp-content\/uploads\/2024\/01\/Gustavo-Staufert-OFVC-1365x2048.jpg 1365w, https:\/\/gdlfashion.com\/wp-content\/uploads\/2024\/01\/Gustavo-Staufert-OFVC-scaled.jpg 1707w\" sizes=\"(max-width: 683px) 100vw, 683px\" \/><\/a><\/figure>\n\n\n\n<figure class=\"wp-block-image size-large\"><a href=\"https:\/\/gdlfashion.com\/wp-content\/uploads\/2024\/01\/Jorge-Garibay-CEO-de-Intermoda-scaled.jpg\"><img loading=\"lazy\" decoding=\"async\" width=\"683\" height=\"1024\" data-id=\"18946\" src=\"https:\/\/gdlfashion.com\/wp-content\/uploads\/2024\/01\/Jorge-Garibay-CEO-de-Intermoda-683x1024.jpg\" alt=\"\" class=\"wp-image-18946\" srcset=\"https:\/\/gdlfashion.com\/wp-content\/uploads\/2024\/01\/Jorge-Garibay-CEO-de-Intermoda-683x1024.jpg 683w, https:\/\/gdlfashion.com\/wp-content\/uploads\/2024\/01\/Jorge-Garibay-CEO-de-Intermoda-200x300.jpg 200w, https:\/\/gdlfashion.com\/wp-content\/uploads\/2024\/01\/Jorge-Garibay-CEO-de-Intermoda-768x1152.jpg 768w, https:\/\/gdlfashion.com\/wp-content\/uploads\/2024\/01\/Jorge-Garibay-CEO-de-Intermoda-1024x1536.jpg 1024w, https:\/\/gdlfashion.com\/wp-content\/uploads\/2024\/01\/Jorge-Garibay-CEO-de-Intermoda-1365x2048.jpg 1365w, https:\/\/gdlfashion.com\/wp-content\/uploads\/2024\/01\/Jorge-Garibay-CEO-de-Intermoda-scaled.jpg 1707w\" sizes=\"(max-width: 683px) 100vw, 683px\" \/><\/a><\/figure>\n\n\n\n<figure class=\"wp-block-image size-large\"><a href=\"https:\/\/gdlfashion.com\/wp-content\/uploads\/2024\/01\/Roberto-Santana-Presidente-CANAIVE-scaled.jpg\"><img loading=\"lazy\" decoding=\"async\" width=\"683\" height=\"1024\" data-id=\"18945\" src=\"https:\/\/gdlfashion.com\/wp-content\/uploads\/2024\/01\/Roberto-Santana-Presidente-CANAIVE-683x1024.jpg\" alt=\"\" class=\"wp-image-18945\" srcset=\"https:\/\/gdlfashion.com\/wp-content\/uploads\/2024\/01\/Roberto-Santana-Presidente-CANAIVE-683x1024.jpg 683w, https:\/\/gdlfashion.com\/wp-content\/uploads\/2024\/01\/Roberto-Santana-Presidente-CANAIVE-200x300.jpg 200w, https:\/\/gdlfashion.com\/wp-content\/uploads\/2024\/01\/Roberto-Santana-Presidente-CANAIVE-768x1152.jpg 768w, https:\/\/gdlfashion.com\/wp-content\/uploads\/2024\/01\/Roberto-Santana-Presidente-CANAIVE-1024x1536.jpg 1024w, https:\/\/gdlfashion.com\/wp-content\/uploads\/2024\/01\/Roberto-Santana-Presidente-CANAIVE-1365x2048.jpg 1365w, https:\/\/gdlfashion.com\/wp-content\/uploads\/2024\/01\/Roberto-Santana-Presidente-CANAIVE-scaled.jpg 1707w\" sizes=\"(max-width: 683px) 100vw, 683px\" \/><\/a><\/figure>\n\n\n\n<figure class=\"wp-block-image size-large\"><a href=\"https:\/\/gdlfashion.com\/wp-content\/uploads\/2024\/01\/Ulises-Zepda-disenador-de-Prisma-scaled.jpg\"><img loading=\"lazy\" decoding=\"async\" width=\"683\" height=\"1024\" data-id=\"18948\" src=\"https:\/\/gdlfashion.com\/wp-content\/uploads\/2024\/01\/Ulises-Zepda-disenador-de-Prisma-683x1024.jpg\" alt=\"\" class=\"wp-image-18948\" srcset=\"https:\/\/gdlfashion.com\/wp-content\/uploads\/2024\/01\/Ulises-Zepda-disenador-de-Prisma-683x1024.jpg 683w, https:\/\/gdlfashion.com\/wp-content\/uploads\/2024\/01\/Ulises-Zepda-disenador-de-Prisma-200x300.jpg 200w, https:\/\/gdlfashion.com\/wp-content\/uploads\/2024\/01\/Ulises-Zepda-disenador-de-Prisma-768x1152.jpg 768w, https:\/\/gdlfashion.com\/wp-content\/uploads\/2024\/01\/Ulises-Zepda-disenador-de-Prisma-1024x1536.jpg 1024w, https:\/\/gdlfashion.com\/wp-content\/uploads\/2024\/01\/Ulises-Zepda-disenador-de-Prisma-1365x2048.jpg 1365w, https:\/\/gdlfashion.com\/wp-content\/uploads\/2024\/01\/Ulises-Zepda-disenador-de-Prisma-scaled.jpg 1707w\" sizes=\"(max-width: 683px) 100vw, 683px\" \/><\/a><\/figure>\n<\/figure>\n","protected":false},"excerpt":{"rendered":"<p>80 Ediciones De Negocios Ininterrumpidos Del 16 al 19 de Enero 2024 se realizar\u00e1 la edici\u00f3n 80 de Intermoda, la&hellip;<\/p>\n","protected":false},"author":2,"featured_media":18950,"comment_status":"open","ping_status":"closed","sticky":false,"template":"","format":"standard","meta":{"footnotes":""},"categories":[9,419,415,414,3],"tags":[],"_links":{"self":[{"href":"https:\/\/gdlfashion.com\/index.php?rest_route=\/wp\/v2\/posts\/18934"}],"collection":[{"href":"https:\/\/gdlfashion.com\/index.php?rest_route=\/wp\/v2\/posts"}],"about":[{"href":"https:\/\/gdlfashion.com\/index.php?rest_route=\/wp\/v2\/types\/post"}],"author":[{"embeddable":true,"href":"https:\/\/gdlfashion.com\/index.php?rest_route=\/wp\/v2\/users\/2"}],"replies":[{"embeddable":true,"href":"https:\/\/gdlfashion.com\/index.php?rest_route=%2Fwp%2Fv2%2Fcomments&post=18934"}],"version-history":[{"count":1,"href":"https:\/\/gdlfashion.com\/index.php?rest_route=\/wp\/v2\/posts\/18934\/revisions"}],"predecessor-version":[{"id":18949,"href":"https:\/\/gdlfashion.com\/index.php?rest_route=\/wp\/v2\/posts\/18934\/revisions\/18949"}],"wp:featuredmedia":[{"embeddable":true,"href":"https:\/\/gdlfashion.com\/index.php?rest_route=\/wp\/v2\/media\/18950"}],"wp:attachment":[{"href":"https:\/\/gdlfashion.com\/index.php?rest_route=%2Fwp%2Fv2%2Fmedia&parent=18934"}],"wp:term":[{"taxonomy":"category","embeddable":true,"href":"https:\/\/gdlfashion.com\/index.php?rest_route=%2Fwp%2Fv2%2Fcategories&post=18934"},{"taxonomy":"post_tag","embeddable":true,"href":"https:\/\/gdlfashion.com\/index.php?rest_route=%2Fwp%2Fv2%2Ftags&post=18934"}],"curies":[{"name":"wp","href":"https:\/\/api.w.org\/{rel}","templated":true}]}}