{"id":17688,"date":"2023-05-25T23:44:03","date_gmt":"2023-05-25T23:44:03","guid":{"rendered":"http:\/\/gdlfashion.com\/?p=17688"},"modified":"2023-06-05T23:49:08","modified_gmt":"2023-06-05T23:49:08","slug":"vive-intensamente-protegete-intensamente","status":"publish","type":"post","link":"https:\/\/gdlfashion.com\/?p=17688","title":{"rendered":"\u00a1Vive Intensamente, Prot\u00e9gete Intensamente!"},"content":{"rendered":"\n<h3 class=\"wp-block-heading\">Av\u00e8ne presente en el festival de m\u00fasica Corona Capital Guadalajara<\/h3>\n\n\n\n<ul><li><strong>Av\u00e8ne <\/strong>se une a Corona Capital Guadalajara, el festival de m\u00fasica rock alternativa y pop para llevar la mejor protecci\u00f3n solar con su extensa gama de productos de textura ultraligera para todo tipo de pieles y que destacan por su protecci\u00f3n de amplio espectro de los rayos UVA, UVB y la LUZ AZUL de alta energ\u00eda.<\/li><li><em>La innovaci\u00f3n en protectores solares de Av\u00e8ne, radica en su Filtro Solar patentado <strong>TriAsorB<sup>TM<\/sup><\/strong>, \u00fanico en el mercado, que tiene una protecci\u00f3n de amplio espectro contra la Luz Azul de alta energ\u00eda emitida por el sol<\/em><\/li><\/ul>\n\n\n\n<p><strong>Av\u00e8ne<\/strong>, la marca n\u00famero uno recomendada por dermat\u00f3logos en M\u00e9xico, se hizo notar el 20 y 21 de mayo en uno de los festivales m\u00e1s esperados de talla internacional. Corona Capital Guadalajara se llevar\u00e1 a cabo en Valle VFG.<\/p>\n\n\n\n<p><em>Vive Intensamente, Prot\u00e9gete Intensamente<\/em> fue el claim con el que <strong>Av\u00e8ne<\/strong> invit\u00f3 a los asistentes a disfrutar del intenso sol con la mejor y m\u00e1s alta protecci\u00f3n solar; ya que la marca tiene una l\u00ednea de productos dermatol\u00f3gicos <em>que destacan por su protecci\u00f3n de amplio espectro de los rayos UVA, UVB y la LUZ AZUL de alta energ\u00eda, ideal <\/em>para todo tipo de piel. <em><\/em><\/p>\n\n\n\n<p>La innovaci\u00f3n en protectores solares de <strong>Av\u00e8ne<\/strong> radica en su Filtro Solar patentado <strong>TriAsorB<sup>TM<\/sup><\/strong>, \u00fanico en el mercado, que tiene un amplio espectro contra la Luz Azul de Alta Energ\u00eda (sol), la causante del pa\u00f1o (melasma) y manchas en la piel.<\/p>\n\n\n\n<p><strong>Av\u00e8ne<\/strong>, capt\u00f3 la atenci\u00f3n de los + de 80,000 asistentes con activaciones como: 2 estaciones de fotograf\u00eda de colores y luces ne\u00f3n para tomar las fotos m\u00e1s instagrameables de d\u00eda y noche, 2 Beauty Stations con maquillistas profesionales y, actividades para los que previamente se inscribieron al newsletter de la marca, participando en incre\u00edbles sorteos de gorros, abanicos, mochilas, muestras de <strong>Intense Protect+ 50<\/strong>, m\u00e1xima protecci\u00f3n patentada que ayuda a prevenir y reducir manchas, su textura ultra ligera se absorbe en 3 segundos y tiene alta resistencia al sudor y agua. Adem\u00e1s, contiene agua termal <strong>Av\u00e8ne<\/strong>, que brinda una acci\u00f3n antioxidante, calmante y antiirritante.<\/p>\n\n\n\n<p><strong>Av\u00e8ne<\/strong>, la marca l\u00edder en protecci\u00f3n solar disfrut\u00f3 de la exposici\u00f3n intensa al sol de manera segura en la segunda edici\u00f3n del Festival Corona Capital Guadalajara.<\/p>\n\n\n\n<figure class=\"wp-block-gallery columns-3 is-cropped wp-block-gallery-1 is-layout-flex wp-block-gallery-is-layout-flex\"><ul class=\"blocks-gallery-grid\"><li class=\"blocks-gallery-item\"><figure><img loading=\"lazy\" decoding=\"async\" width=\"768\" height=\"1024\" src=\"http:\/\/gdlfashion.com\/wp-content\/uploads\/2023\/06\/20230baja-768x1024.jpg\" alt=\"\" data-id=\"17690\" data-full-url=\"http:\/\/gdlfashion.com\/wp-content\/uploads\/2023\/06\/20230baja.jpg\" data-link=\"http:\/\/gdlfashion.com\/?attachment_id=17690\" class=\"wp-image-17690\" srcset=\"https:\/\/gdlfashion.com\/wp-content\/uploads\/2023\/06\/20230baja-768x1024.jpg 768w, https:\/\/gdlfashion.com\/wp-content\/uploads\/2023\/06\/20230baja-225x300.jpg 225w, https:\/\/gdlfashion.com\/wp-content\/uploads\/2023\/06\/20230baja-1152x1536.jpg 1152w, https:\/\/gdlfashion.com\/wp-content\/uploads\/2023\/06\/20230baja.jpg 1417w\" sizes=\"(max-width: 768px) 100vw, 768px\" \/><\/figure><\/li><li class=\"blocks-gallery-item\"><figure><img loading=\"lazy\" decoding=\"async\" width=\"768\" height=\"1024\" src=\"http:\/\/gdlfashion.com\/wp-content\/uploads\/2023\/06\/202305baja-768x1024.jpg\" alt=\"\" data-id=\"17691\" data-full-url=\"http:\/\/gdlfashion.com\/wp-content\/uploads\/2023\/06\/202305baja.jpg\" data-link=\"http:\/\/gdlfashion.com\/?attachment_id=17691\" class=\"wp-image-17691\" srcset=\"https:\/\/gdlfashion.com\/wp-content\/uploads\/2023\/06\/202305baja-768x1024.jpg 768w, https:\/\/gdlfashion.com\/wp-content\/uploads\/2023\/06\/202305baja-225x300.jpg 225w, https:\/\/gdlfashion.com\/wp-content\/uploads\/2023\/06\/202305baja-1152x1536.jpg 1152w, https:\/\/gdlfashion.com\/wp-content\/uploads\/2023\/06\/202305baja.jpg 1417w\" sizes=\"(max-width: 768px) 100vw, 768px\" \/><\/figure><\/li><li class=\"blocks-gallery-item\"><figure><img loading=\"lazy\" decoding=\"async\" width=\"768\" height=\"1024\" src=\"http:\/\/gdlfashion.com\/wp-content\/uploads\/2023\/06\/2023052baja-768x1024.jpg\" alt=\"\" data-id=\"17693\" data-full-url=\"http:\/\/gdlfashion.com\/wp-content\/uploads\/2023\/06\/2023052baja.jpg\" data-link=\"http:\/\/gdlfashion.com\/?attachment_id=17693\" class=\"wp-image-17693\" srcset=\"https:\/\/gdlfashion.com\/wp-content\/uploads\/2023\/06\/2023052baja-768x1024.jpg 768w, https:\/\/gdlfashion.com\/wp-content\/uploads\/2023\/06\/2023052baja-225x300.jpg 225w, https:\/\/gdlfashion.com\/wp-content\/uploads\/2023\/06\/2023052baja-1152x1536.jpg 1152w, https:\/\/gdlfashion.com\/wp-content\/uploads\/2023\/06\/2023052baja.jpg 1417w\" sizes=\"(max-width: 768px) 100vw, 768px\" \/><\/figure><\/li><li class=\"blocks-gallery-item\"><figure><img loading=\"lazy\" decoding=\"async\" width=\"768\" height=\"1024\" src=\"http:\/\/gdlfashion.com\/wp-content\/uploads\/2023\/06\/20230520_baja-768x1024.jpg\" alt=\"\" data-id=\"17694\" data-full-url=\"http:\/\/gdlfashion.com\/wp-content\/uploads\/2023\/06\/20230520_baja.jpg\" data-link=\"http:\/\/gdlfashion.com\/?attachment_id=17694\" class=\"wp-image-17694\" srcset=\"https:\/\/gdlfashion.com\/wp-content\/uploads\/2023\/06\/20230520_baja-768x1024.jpg 768w, https:\/\/gdlfashion.com\/wp-content\/uploads\/2023\/06\/20230520_baja-225x300.jpg 225w, https:\/\/gdlfashion.com\/wp-content\/uploads\/2023\/06\/20230520_baja-1152x1536.jpg 1152w, https:\/\/gdlfashion.com\/wp-content\/uploads\/2023\/06\/20230520_baja.jpg 1417w\" sizes=\"(max-width: 768px) 100vw, 768px\" \/><\/figure><\/li><\/ul><\/figure>\n","protected":false},"excerpt":{"rendered":"<p>Av\u00e8ne presente en el festival de m\u00fasica Corona Capital Guadalajara Av\u00e8ne se une a Corona Capital Guadalajara, el festival de&hellip;<\/p>\n","protected":false},"author":2,"featured_media":17689,"comment_status":"open","ping_status":"closed","sticky":false,"template":"","format":"standard","meta":{"footnotes":""},"categories":[1],"tags":[],"_links":{"self":[{"href":"https:\/\/gdlfashion.com\/index.php?rest_route=\/wp\/v2\/posts\/17688"}],"collection":[{"href":"https:\/\/gdlfashion.com\/index.php?rest_route=\/wp\/v2\/posts"}],"about":[{"href":"https:\/\/gdlfashion.com\/index.php?rest_route=\/wp\/v2\/types\/post"}],"author":[{"embeddable":true,"href":"https:\/\/gdlfashion.com\/index.php?rest_route=\/wp\/v2\/users\/2"}],"replies":[{"embeddable":true,"href":"https:\/\/gdlfashion.com\/index.php?rest_route=%2Fwp%2Fv2%2Fcomments&post=17688"}],"version-history":[{"count":2,"href":"https:\/\/gdlfashion.com\/index.php?rest_route=\/wp\/v2\/posts\/17688\/revisions"}],"predecessor-version":[{"id":17695,"href":"https:\/\/gdlfashion.com\/index.php?rest_route=\/wp\/v2\/posts\/17688\/revisions\/17695"}],"wp:featuredmedia":[{"embeddable":true,"href":"https:\/\/gdlfashion.com\/index.php?rest_route=\/wp\/v2\/media\/17689"}],"wp:attachment":[{"href":"https:\/\/gdlfashion.com\/index.php?rest_route=%2Fwp%2Fv2%2Fmedia&parent=17688"}],"wp:term":[{"taxonomy":"category","embeddable":true,"href":"https:\/\/gdlfashion.com\/index.php?rest_route=%2Fwp%2Fv2%2Fcategories&post=17688"},{"taxonomy":"post_tag","embeddable":true,"href":"https:\/\/gdlfashion.com\/index.php?rest_route=%2Fwp%2Fv2%2Ftags&post=17688"}],"curies":[{"name":"wp","href":"https:\/\/api.w.org\/{rel}","templated":true}]}}