{"id":17656,"date":"2023-06-01T19:32:45","date_gmt":"2023-06-01T19:32:45","guid":{"rendered":"http:\/\/gdlfashion.com\/?p=17656"},"modified":"2023-06-03T00:22:13","modified_gmt":"2023-06-03T00:22:13","slug":"comienza-aqua-forum-2023","status":"publish","type":"post","link":"https:\/\/gdlfashion.com\/?p=17656","title":{"rendered":"Comienza Aqua Forum 2023"},"content":{"rendered":"\n<h3 class=\"wp-block-heading\"><em>\u201cReconocidos expertos en la industria del&nbsp;<\/em>tratamiento del agua,<em>&nbsp;estar\u00e1n presentes durante los 3 d\u00edas del evento\u201d.<\/em><\/h3>\n\n\n\n<figure class=\"wp-block-image size-large is-resized\"><img loading=\"lazy\" decoding=\"async\" src=\"http:\/\/gdlfashion.com\/wp-content\/uploads\/2023\/06\/Inauguracio\u0301n-Expo-Aqua-Forum-2023-1024x683.jpg\" alt=\"\" class=\"wp-image-17657\" width=\"482\" height=\"321\" srcset=\"https:\/\/gdlfashion.com\/wp-content\/uploads\/2023\/06\/Inauguracio\u0301n-Expo-Aqua-Forum-2023-1024x683.jpg 1024w, https:\/\/gdlfashion.com\/wp-content\/uploads\/2023\/06\/Inauguracio\u0301n-Expo-Aqua-Forum-2023-300x200.jpg 300w, https:\/\/gdlfashion.com\/wp-content\/uploads\/2023\/06\/Inauguracio\u0301n-Expo-Aqua-Forum-2023-768x512.jpg 768w, https:\/\/gdlfashion.com\/wp-content\/uploads\/2023\/06\/Inauguracio\u0301n-Expo-Aqua-Forum-2023-1536x1024.jpg 1536w, https:\/\/gdlfashion.com\/wp-content\/uploads\/2023\/06\/Inauguracio\u0301n-Expo-Aqua-Forum-2023-2048x1365.jpg 2048w\" sizes=\"(max-width: 482px) 100vw, 482px\" \/><\/figure>\n\n\n\n<p>El d\u00eda de hoy, se llev\u00f3 a cabo la inauguraci\u00f3n y corte de list\u00f3n, de la expo <strong>Aqua Forum<\/strong>, encuentro internacional de expertos en tratamiento de agua, que se realiza con el objetivo de promover y apoyar, el desarrollo y cultura, del mantenimiento y operaci\u00f3n del agua, celebrando su d\u00e9cima edici\u00f3n en nuestro Estado, del jueves 1 al s\u00e1bado 3 de junio, en Expo Guadalajara.<\/p>\n\n\n\n<p>Durante la inauguraci\u00f3n se cont\u00f3 con la presencia del <strong>Ing. Jorge Gast\u00f3n Gonz\u00e1lez Alc\u00e9rreca,<\/strong> Secretario de Gesti\u00f3n Integral del Agua del Gobierno del estado de Jalisco<em> en representaci\u00f3n del Ing. Enrique Alfaro Ram\u00edrez, Gobernador del Estado de Jalisco; <\/em>el <strong>Lic. Juan Carlos Mondrag\u00f3n Casta\u00f1eda, <\/strong>Presidente de la Asociaci\u00f3n de Hoteles de Jalisco; la <strong>Lic. Karla Andrea Leonardo Torres, <\/strong>Regidora Municipal de Guadalajara, <em>en representaci\u00f3n del Lic. Pablo Lemus Navarro, Presidente Municipal De Guadalajara;<\/em> la <strong>Lic. Bibiana Marcela Tenorio Orozco,<\/strong> Directora de Turismo y Centro Hist\u00f3rico de Zapopan; el <strong>Ing. Ernesto Marroqu\u00edn \u00c1lvarez,<\/strong> Director T\u00e9cnico de la Comisi\u00f3n Estatal del Agua de Jalisco &#8211; CEA; el <strong>Ing. Luis Abaroa Lance, <\/strong>Director General Spin Grupo; la <strong>Lic. Ver\u00f3nica Abaroa Lance,<\/strong> Directora de Administraci\u00f3n Spin Grupo; el <strong>Ing. H\u00e9ctor Abaroa Lance,<\/strong> Director Operaciones Spin Grupo; el <strong>Ing. Alejandro Pizarro,<\/strong> Presidente Asociaci\u00f3n de Profesionales de la Piscina; el <strong>Ing. Juan Ram\u00f3n Gordillo Guillen,<\/strong> Director Comercial &amp; Mercadotecnia; <strong>Patricia Arbeu,<\/strong> Directora Comercial de la Asociaci\u00f3n de Profesionales de la Piscina A.C. y el <strong>Lic. \u00c1lvaro Aguirre Z\u00fa\u00f1iga,<\/strong> Gerente Regional Occidente Spin Grupo.<\/p>\n\n\n\n<figure class=\"wp-block-image size-large is-resized\"><img loading=\"lazy\" decoding=\"async\" src=\"http:\/\/gdlfashion.com\/wp-content\/uploads\/2023\/06\/Panel-Sustentabilidad-en-el-uso-del-agua-1024x683.jpg\" alt=\"\" class=\"wp-image-17658\" width=\"449\" height=\"299\" srcset=\"https:\/\/gdlfashion.com\/wp-content\/uploads\/2023\/06\/Panel-Sustentabilidad-en-el-uso-del-agua-1024x683.jpg 1024w, https:\/\/gdlfashion.com\/wp-content\/uploads\/2023\/06\/Panel-Sustentabilidad-en-el-uso-del-agua-300x200.jpg 300w, https:\/\/gdlfashion.com\/wp-content\/uploads\/2023\/06\/Panel-Sustentabilidad-en-el-uso-del-agua-768x512.jpg 768w, https:\/\/gdlfashion.com\/wp-content\/uploads\/2023\/06\/Panel-Sustentabilidad-en-el-uso-del-agua-1536x1024.jpg 1536w, https:\/\/gdlfashion.com\/wp-content\/uploads\/2023\/06\/Panel-Sustentabilidad-en-el-uso-del-agua-2048x1365.jpg 2048w\" sizes=\"(max-width: 449px) 100vw, 449px\" \/><\/figure>\n\n\n\n<p>En palabras del Ing. <strong>Jorge Gast\u00f3n Gonz\u00e1lez Alc\u00e9rreca,<\/strong> Secretario de Gesti\u00f3n Integral del Agua del Gobierno del estado de Jalisco, durante la inauguraci\u00f3n coment\u00f3:<\/p>\n\n\n\n<p><em>\u201cLa agenda del agua, es de las prioritarias del Gobierno del Estado de Jalisco. Hemos estado realizando grandes inversiones en el ciclo del agua, desde su abastecimiento, su potabilizaci\u00f3n, la distribuci\u00f3n y el que esas aguas que ya fueron utilizadas, lleguen a los colectores y posterior a las plantas de tratamiento. Estamos bajo el siguiente tenor que es la econom\u00eda circular, con unos acueductos de l\u00ednea morada para el uso industrial en el corredor industrial del Salto [\u2026] Adem\u00e1s, estamos invirtiendo en las plantas de tratamiento en crecimiento, las macroplantas que hacen el tratamiento de las aguas residuales de esta ciudad [\u2026] y tenemos en crecimiento una planta que se llama \u201cel ahogado\u201d en mil litros por segundo m\u00e1s, que deber\u00e1 quedar en funci\u00f3n para mayo del 2024, para cumplir con la NOM 001 SEMARNAT\/2021, que es una norma que tendremos que estar analizando en conjunto y que ojal\u00e1, todos ustedes que son los especialistas, nos contin\u00faen ayudando\u201d.<\/em><\/p>\n\n\n\n<p>Por su parte <strong>Ing. Luis Abaroa Lance,<\/strong> Director General Spin Grupo, comparti\u00f3:<\/p>\n\n\n\n<p><em>\u201cEn este foro, estaremos enfocados en temas de normatividad, la nueva norma de aguas de desecho, as\u00ed como las normas de piscina 245. Estamos felices de recibir a proveedores y fabricas de todo el mundo y sobre todo a los visitantes que nos acompa\u00f1en. Uno de nuestros objetivos es compartir informaci\u00f3n y estar al d\u00eda en cuesti\u00f3n tecnol\u00f3gica, tanto en equipos como en la qu\u00edmica que se ofrece al mercado, para el cumplimiento de toda la normatividad\u201d.<\/em><\/p>\n\n\n\n<figure class=\"wp-block-image size-large is-resized\"><img loading=\"lazy\" decoding=\"async\" src=\"http:\/\/gdlfashion.com\/wp-content\/uploads\/2023\/06\/IMG_4536-1024x683.jpg\" alt=\"\" class=\"wp-image-17663\" width=\"475\" height=\"316\" srcset=\"https:\/\/gdlfashion.com\/wp-content\/uploads\/2023\/06\/IMG_4536-1024x683.jpg 1024w, https:\/\/gdlfashion.com\/wp-content\/uploads\/2023\/06\/IMG_4536-300x200.jpg 300w, https:\/\/gdlfashion.com\/wp-content\/uploads\/2023\/06\/IMG_4536-768x512.jpg 768w, https:\/\/gdlfashion.com\/wp-content\/uploads\/2023\/06\/IMG_4536-1536x1024.jpg 1536w, https:\/\/gdlfashion.com\/wp-content\/uploads\/2023\/06\/IMG_4536-2048x1365.jpg 2048w\" sizes=\"(max-width: 475px) 100vw, 475px\" \/><\/figure>\n\n\n\n<p>Adem\u00e1s, durante el primer d\u00eda de actividades se llevar\u00f3n a cabo paneles y charlas, en donde se busca capacitar a los asistentes, abordando temas como <em>\u201cLa sustentabilidad en el uso del agua\u201d,<\/em> en donde expertos en el tratamiento del agua, hablaron sobre la aplicaci\u00f3n de las normas <strong>NOM-245-SSA1-2010<\/strong>, norma que establece las especificaciones sanitarias que deben cumplir las albercas, con el prop\u00f3sito de minimizar o controlar los riesgos a la salud de los usuarios y mantener el flujo tur\u00edstico en el estado y la <strong>NOM 001 SEMARNAT\/2021,<\/strong> que actualiza la Norma Oficial Mexicana <em>NOM-001-SEMARNAT-1996<\/em>, que establece los l\u00edmites m\u00e1ximos permisibles de contaminantes en las descargas de aguas residuales en aguas y bienes nacionales. Entre los aspectos que se actualizan, se encuentran las especificaciones, m\u00e9todos de prueba, muestreos, par\u00e1metros de temperatura, medici\u00f3n de la toxicidad, entre otros aspectos m\u00e1s.<\/p>\n\n\n\n<p>Es importante destacar, que, durante los tres d\u00edas de la Expo, se compartir\u00e1 informaci\u00f3n en temas de salud, seguridad y la correcta ejecuci\u00f3n del tratamiento de agua, dirigido a quienes empiezan a desarrollarse en esta industria, as\u00ed como a profesionales de la iniciativa privada, interlocutores gubernamentales, especialistas y\/o fabricantes.<\/p>\n\n\n\n<p>El piso de exhibici\u00f3n de esta Expo, cuenta con la participaci\u00f3n de <strong>51 stands<\/strong> de varias partes del mundo, de los cuales, <strong>20 son del estado de Jalisco<\/strong>. En este espacio, los expositores podr\u00e1n entablar relaciones comerciales con clientes, y realizar capacitaciones de sus productos. Adem\u00e1s, los asistentes podr\u00e1n conocer los equipos nuevos, y realizar <em>networking, <\/em>con especialistas en el segmento.<\/p>\n\n\n\n<figure class=\"wp-block-table\"><table><tbody><tr><td><strong>Programa de paneles, capacitaciones y charlas:<\/strong> <strong>&nbsp;<\/strong> D\u00eda 1: <strong>Panel: <\/strong>Sustentabilidad en el uso del agua.<strong>AQUA SCIENCE: <\/strong>Toxicidad y tratamiento de agua NOM-001.<strong>APP: <\/strong>Certificaci\u00f3n y profesionalizaci\u00f3n en las piscinas.<strong>PROVITAB:<\/strong>Cloraci\u00f3n automatizada.<strong>ALBERCAS DIAL<\/strong><strong>HAYWARD: <\/strong>Sistemas de automatizaci\u00f3n.<strong>ALBERTEC: <\/strong>Tecnolog\u00eda del aguaSeminario seguridad y mantenimiento de piscinas &#8211; Parte 1 D\u00eda 2: <strong>AQUACAL<\/strong><strong>LOVIBOND:<\/strong> An\u00e1lisis del agua para potabilizaci\u00f3n y PTAR\u00b4s.<strong>CCEI<\/strong><strong>NATURAL BIOFICO:<\/strong> Hidroponia y el valor del agua sustentable.<strong>EMAUX:<\/strong> Bombas de velocidad variable.<strong>FLEXCON:<\/strong> Inversi\u00f3n inteligente para tu sistema de agua.<strong>ISWIM:<\/strong> Ahorro eficiente &#8211; Paneles solares.<strong>THOLZ:<\/strong> Iluminaci\u00f3n y automatizaci\u00f3n de la piscina.<strong>AQUAX:<\/strong> La revoluci\u00f3n en eficiencia energ\u00e9tica.<strong>WATERWAY:<\/strong> Una alternativa en equimamiento para su piscina.Seminario seguridad y mantenimiento de piscinas &#8211; Parte 2 D\u00eda 3: <strong>CODEC<\/strong><strong>KINETICO: <\/strong>Soluciones de filtraci\u00f3n y descalcificaci\u00f3n de agua.<strong>VIDREPUR:<\/strong> La piscina del futuro \u2013 Ambientes naturales y revoluci\u00f3n digital by vidrepur.<strong>AGRI GRO:<\/strong> Tecnolog\u00eda en la biodegradaci\u00f3n org\u00e1nica de la materia.<strong>FB GROUP:<\/strong> Fuentes de agua. &nbsp;<\/td><\/tr><\/tbody><\/table><\/figure>\n\n\n\n<p><strong>M\u00e1s informaci\u00f3n de Aqua Forum:<\/strong><\/p>\n\n\n\n<figure class=\"wp-block-embed-wordpress wp-block-embed is-type-wp-embed is-provider-aqua-forum\"><div class=\"wp-block-embed__wrapper\">\n<blockquote class=\"wp-embedded-content\" data-secret=\"eYhWeqPphg\"><a href=\"https:\/\/aquaforum.mx\/\"><!--Inicio--><\/a><\/blockquote><iframe class=\"wp-embedded-content\" sandbox=\"allow-scripts\" security=\"restricted\" style=\"position: absolute; clip: rect(1px, 1px, 1px, 1px);\" title=\"&#8220;&lt;!--Inicio--&gt;&#8221; &#8212; Aqua Forum\" src=\"https:\/\/aquaforum.mx\/embed\/#?secret=PGYTVlxmPb#?secret=eYhWeqPphg\" data-secret=\"eYhWeqPphg\" width=\"600\" height=\"338\" frameborder=\"0\" marginwidth=\"0\" marginheight=\"0\" scrolling=\"no\"><\/iframe>\n<\/div><\/figure>\n\n\n\n<p>Facebook\u239c<a href=\"https:\/\/www.facebook.com\/aquaforumexico\/\">AquaForum<\/a><\/p>\n\n\n\n<p><em>#AquaForum2023<\/em><\/p>\n","protected":false},"excerpt":{"rendered":"<p>\u201cReconocidos expertos en la industria del&nbsp;tratamiento del agua,&nbsp;estar\u00e1n presentes durante los 3 d\u00edas del evento\u201d. El d\u00eda de hoy, se&hellip;<\/p>\n","protected":false},"author":2,"featured_media":17667,"comment_status":"open","ping_status":"closed","sticky":false,"template":"","format":"standard","meta":{"footnotes":""},"categories":[1],"tags":[],"_links":{"self":[{"href":"https:\/\/gdlfashion.com\/index.php?rest_route=\/wp\/v2\/posts\/17656"}],"collection":[{"href":"https:\/\/gdlfashion.com\/index.php?rest_route=\/wp\/v2\/posts"}],"about":[{"href":"https:\/\/gdlfashion.com\/index.php?rest_route=\/wp\/v2\/types\/post"}],"author":[{"embeddable":true,"href":"https:\/\/gdlfashion.com\/index.php?rest_route=\/wp\/v2\/users\/2"}],"replies":[{"embeddable":true,"href":"https:\/\/gdlfashion.com\/index.php?rest_route=%2Fwp%2Fv2%2Fcomments&post=17656"}],"version-history":[{"count":2,"href":"https:\/\/gdlfashion.com\/index.php?rest_route=\/wp\/v2\/posts\/17656\/revisions"}],"predecessor-version":[{"id":17668,"href":"https:\/\/gdlfashion.com\/index.php?rest_route=\/wp\/v2\/posts\/17656\/revisions\/17668"}],"wp:featuredmedia":[{"embeddable":true,"href":"https:\/\/gdlfashion.com\/index.php?rest_route=\/wp\/v2\/media\/17667"}],"wp:attachment":[{"href":"https:\/\/gdlfashion.com\/index.php?rest_route=%2Fwp%2Fv2%2Fmedia&parent=17656"}],"wp:term":[{"taxonomy":"category","embeddable":true,"href":"https:\/\/gdlfashion.com\/index.php?rest_route=%2Fwp%2Fv2%2Fcategories&post=17656"},{"taxonomy":"post_tag","embeddable":true,"href":"https:\/\/gdlfashion.com\/index.php?rest_route=%2Fwp%2Fv2%2Ftags&post=17656"}],"curies":[{"name":"wp","href":"https:\/\/api.w.org\/{rel}","templated":true}]}}