{"id":16994,"date":"2022-12-02T18:00:45","date_gmt":"2022-12-02T18:00:45","guid":{"rendered":"http:\/\/gdlfashion.com\/?p=16994"},"modified":"2022-12-02T18:00:45","modified_gmt":"2022-12-02T18:00:45","slug":"celebra-la-epoca-decembrina-bajo-la-luz-de-las-velas","status":"publish","type":"post","link":"https:\/\/gdlfashion.com\/?p=16994","title":{"rendered":"Celebra la \u00e9poca decembrina bajo la luz de las velas"},"content":{"rendered":"\n<h3 class=\"wp-block-heading\">Con Fever en Gran Casa Xalisco<\/h3>\n\n\n\n<p><strong>Fever trae a la capital tapat\u00eda la mejor forma de celebrar esta \u00e9poca decembrina a la luz de las velas<\/strong><\/p>\n\n\n\n<p>Fever, la plataforma l\u00edder mundial en descubrimiento de entretenimiento y ocio, se suma a las celebraciones decembrinas con un programa muy navide\u00f1o que iluminar\u00e1 esta temporada de fiestas en la capital tapat\u00eda.<\/p>\n\n\n\n<p>Fever abri\u00f3 al p\u00fablico el programa&nbsp;<a href=\"https:\/\/feverup.com\/m\/121511\" target=\"_blank\" rel=\"noreferrer noopener\">\u201cCandlelight: Dulce Navidad\u201d<\/a>&nbsp;dentro del hotel Gran Casa Xalisco, una antigua casona llena de historia que est\u00e1 a tan s\u00f3lo 15 minutos del centro. Este edificio emblem\u00e1tico fue construido a finales del siglo XIX, para ser la matriz principal de una famosa f\u00e1brica de textiles llamada Bonetera Jalisciense, cerca de la primera estaci\u00f3n de ferrocarril de Guadalajara.<\/p>\n\n\n\n<p>\u201cEl objetivo de los conciertos Candlelight es democratizar el acceso a la m\u00fasica cl\u00e1sica al permitir que personas de todo el mundo disfruten de actuaciones de m\u00fasica en vivo a la luz de las velas interpretadas por m\u00fasicos locales en varios lugares impresionantes que forman parte del patrimonio cultural de cada ciudad. Por tal motivo, hemos decidido lanzar un programa muy navide\u00f1o en Guadalajara, con lo cual presentaremos m\u00fasica cl\u00e1sica y contempor\u00e1nea para celebrar la \u00e9poca decembrina\u201d coment\u00f3 Jos\u00e9 Pablo Arnau, General Manager de Fever para M\u00e9xico.<\/p>\n\n\n\n<p>Los emblem\u00e1ticos conciertos \u201c<a href=\"https:\/\/candlelightexperience.com\/es\/\" target=\"_blank\" rel=\"noreferrer noopener\">Candlelight<\/a>\u201d son una serie de conciertos originales a la luz de las velas que tienen como objetivo democratizar el acceso a la m\u00fasica cl\u00e1sica, permitiendo que personas de todo el mundo disfruten de presentaciones en vivo, con interpretaciones de m\u00fasicos locales, en lugares \u00fanicos que forman parte del patrimonio arquitect\u00f3nico de cada ciudad.<\/p>\n\n\n\n<p>Desde hace m\u00e1s de tres a\u00f1os, Fever ha estado reconectando al p\u00fablico con la m\u00fasica cl\u00e1sica, organizando miles de conciertos originales en todo el mundo, en colaboraci\u00f3n con artistas locales talentosos que, a su vez, se benefician de una visibilidad completamente nueva en espacios \u00fanicos.<\/p>\n\n\n\n<p>***<\/p>\n\n\n\n<p><strong>Programaci\u00f3n&nbsp;<\/strong><\/p>\n\n\n\n<p><a href=\"https:\/\/feverup.com\/m\/121511\" target=\"_blank\" rel=\"noreferrer noopener\">Candlelight: Dulce Navidad<\/a><\/p>\n\n\n\n<p><strong>Lugar:<\/strong>&nbsp;Gran Casa Xalisco, C. Nicol\u00e1s R\u00e9gules 61, Mexicaltzingo, 44100.<\/p>\n\n\n\n<p><strong>Fecha y hora:<\/strong>&nbsp;9, 16 y 17 de diciembre a las 19:00 y 21:00.<\/p>\n\n\n\n<p><strong>Valor:&nbsp;<\/strong>A partir de MXN 400<\/p>\n\n\n\n<p><strong>Duraci\u00f3n:<\/strong>&nbsp;65 minutos aprox.<\/p>\n","protected":false},"excerpt":{"rendered":"<p>Con Fever en Gran Casa Xalisco Fever trae a la capital tapat\u00eda la mejor forma de celebrar esta \u00e9poca decembrina&hellip;<\/p>\n","protected":false},"author":2,"featured_media":16995,"comment_status":"open","ping_status":"closed","sticky":false,"template":"","format":"standard","meta":{"footnotes":""},"categories":[418,417,9,415],"tags":[],"_links":{"self":[{"href":"https:\/\/gdlfashion.com\/index.php?rest_route=\/wp\/v2\/posts\/16994"}],"collection":[{"href":"https:\/\/gdlfashion.com\/index.php?rest_route=\/wp\/v2\/posts"}],"about":[{"href":"https:\/\/gdlfashion.com\/index.php?rest_route=\/wp\/v2\/types\/post"}],"author":[{"embeddable":true,"href":"https:\/\/gdlfashion.com\/index.php?rest_route=\/wp\/v2\/users\/2"}],"replies":[{"embeddable":true,"href":"https:\/\/gdlfashion.com\/index.php?rest_route=%2Fwp%2Fv2%2Fcomments&post=16994"}],"version-history":[{"count":1,"href":"https:\/\/gdlfashion.com\/index.php?rest_route=\/wp\/v2\/posts\/16994\/revisions"}],"predecessor-version":[{"id":16996,"href":"https:\/\/gdlfashion.com\/index.php?rest_route=\/wp\/v2\/posts\/16994\/revisions\/16996"}],"wp:featuredmedia":[{"embeddable":true,"href":"https:\/\/gdlfashion.com\/index.php?rest_route=\/wp\/v2\/media\/16995"}],"wp:attachment":[{"href":"https:\/\/gdlfashion.com\/index.php?rest_route=%2Fwp%2Fv2%2Fmedia&parent=16994"}],"wp:term":[{"taxonomy":"category","embeddable":true,"href":"https:\/\/gdlfashion.com\/index.php?rest_route=%2Fwp%2Fv2%2Fcategories&post=16994"},{"taxonomy":"post_tag","embeddable":true,"href":"https:\/\/gdlfashion.com\/index.php?rest_route=%2Fwp%2Fv2%2Ftags&post=16994"}],"curies":[{"name":"wp","href":"https:\/\/api.w.org\/{rel}","templated":true}]}}